{"id":659,"date":"2024-04-29T18:57:40","date_gmt":"2024-04-29T16:57:40","guid":{"rendered":"https:\/\/periodicolarepublica.com\/?p=659"},"modified":"2024-04-29T18:57:40","modified_gmt":"2024-04-29T16:57:40","slug":"gana-rd-con-carlos-mendieta-promueven-luis-abinader-en-europa","status":"publish","type":"post","link":"https:\/\/periodicolarepublica.com\/index.php\/2024\/04\/29\/gana-rd-con-carlos-mendieta-promueven-luis-abinader-en-europa\/","title":{"rendered":"GANA RD con Carlos Mendieta promueven Luis Abinader en Europa"},"content":{"rendered":"<figure id=\"attachment_660\" aria-describedby=\"caption-attachment-660\" style=\"width: 300px\" class=\"wp-caption alignnone\"><img loading=\"lazy\" decoding=\"async\" class=\"size-medium wp-image-660\" src=\"https:\/\/periodicolarepublica.com\/wp-content\/uploads\/2024\/04\/Picsart_24-04-29_12-52-46-750-300x185.jpg\" alt=\"\" width=\"300\" height=\"185\" srcset=\"https:\/\/periodicolarepublica.com\/wp-content\/uploads\/2024\/04\/Picsart_24-04-29_12-52-46-750-300x185.jpg?v=1715379793 300w, https:\/\/periodicolarepublica.com\/wp-content\/uploads\/2024\/04\/Picsart_24-04-29_12-52-46-750-1024x632.jpg?v=1715379793 1024w, https:\/\/periodicolarepublica.com\/wp-content\/uploads\/2024\/04\/Picsart_24-04-29_12-52-46-750-768x474.jpg?v=1715379793 768w, https:\/\/periodicolarepublica.com\/wp-content\/uploads\/2024\/04\/Picsart_24-04-29_12-52-46-750-1536x948.jpg?v=1715379793 1536w, https:\/\/periodicolarepublica.com\/wp-content\/uploads\/2024\/04\/Picsart_24-04-29_12-52-46-750-2048x1265.jpg?v=1715379793 2048w, https:\/\/periodicolarepublica.com\/wp-content\/uploads\/2024\/04\/Picsart_24-04-29_12-52-46-750-150x93.jpg?v=1715379793 150w, https:\/\/periodicolarepublica.com\/wp-content\/uploads\/2024\/04\/Picsart_24-04-29_12-52-46-750-600x371.jpg?v=1715379793 600w, https:\/\/periodicolarepublica.com\/wp-content\/uploads\/2024\/04\/Picsart_24-04-29_12-52-46-750-696x430.jpg?v=1715379793 696w, https:\/\/periodicolarepublica.com\/wp-content\/uploads\/2024\/04\/Picsart_24-04-29_12-52-46-750-1392x860.jpg?v=1715379793 1392w, https:\/\/periodicolarepublica.com\/wp-content\/uploads\/2024\/04\/Picsart_24-04-29_12-52-46-750-1068x660.jpg?v=1715379793 1068w, https:\/\/periodicolarepublica.com\/wp-content\/uploads\/2024\/04\/Picsart_24-04-29_12-52-46-750-1920x1186.jpg?v=1715379793 1920w\" sizes=\"auto, (max-width: 300px) 100vw, 300px\" \/><figcaption id=\"caption-attachment-660\" class=\"wp-caption-text\">Carlos Mendieta en Europa con GANA RD<\/figcaption><\/figure>\n<p>En un encuentro y conversatorio sobre la Gesti\u00f3n y Visi\u00f3n del Gobierno de Luis Abinader 2024 es en apoyo al seguro triunfo del Presidente Abinader, con m\u00e1s del 70% de todos los dominicanos del pa\u00eds y el exterior, que evidencian un gran avance en todos los \u00f3rdenes y el desarrollo del bienestar de la gente, dijo el destacado dirigente Carlos Mendieta @carlosmendietard y Director General de la plataforma Gana RD @gana.rd_.<\/p>\n<p>Bajo su responsabilidad como portavoz central, Carlos Mendieta resalt\u00f3 los notables avances durante la gesti\u00f3n del presidente Luis Abinader. Entre estos, destac\u00f3 el crecimiento significativo en el turismo, la ejecuci\u00f3n de obras fundamentales para fomentar el progreso a nivel provincial y municipal en todo el pa\u00eds, el fortalecimiento y dignificaci\u00f3n de las fuerzas policiales, as\u00ed como las mejoras sustanciales en el sistema educativo y los programas de integraci\u00f3n para la di\u00e1spora. Adem\u00e1s, subray\u00f3 la generaci\u00f3n de miles de empleos, el incremento del salario m\u00ednimo y la creaci\u00f3n de oportunidades tanto para la juventud como para las mujeres.<\/p>\n<p>El conversatorio estuvo compuesto por otros seis panelistas que forman parte de la dirigencia del PRM y del equipo de GANA RD en Europa, tales como Jos\u00e9 Daniel Polanco (Coordinador del comando de campa\u00f1a PRM en Madrid), quien desarroll\u00f3 los logros de las instituciones del gobierno en el exterior. Alexander Vallejo (Co-coordinador de la JRM en Madrid), quien se refiri\u00f3 a la transparencia y la lucha contra la corrupci\u00f3n que tras estos tres a\u00f1os lleva a cabo el presidente Abinader.<\/p>\n","protected":false},"excerpt":{"rendered":"<p>En un encuentro y conversatorio sobre la Gesti\u00f3n y Visi\u00f3n del Gobierno de Luis Abinader 2024 es en apoyo al seguro triunfo del Presidente Abinader, con m\u00e1s del 70% de todos los dominicanos del pa\u00eds y el exterior, que evidencian un gran avance en todos los \u00f3rdenes y el desarrollo del bienestar de la gente, [&hellip;]<\/p>\n","protected":false},"author":1,"featured_media":660,"comment_status":"open","ping_status":"open","sticky":false,"template":"","format":"standard","meta":{"om_disable_all_campaigns":false,"_monsterinsights_skip_tracking":false,"_monsterinsights_sitenote_active":false,"_monsterinsights_sitenote_note":"","_monsterinsights_sitenote_category":0,"footnotes":""},"categories":[127],"tags":[172],"class_list":{"0":"post-659","1":"post","2":"type-post","3":"status-publish","4":"format-standard","5":"has-post-thumbnail","7":"category-politica","8":"tag-carlos-mendieta"},"aioseo_notices":[],"_links":{"self":[{"href":"https:\/\/periodicolarepublica.com\/index.php\/wp-json\/wp\/v2\/posts\/659","targetHints":{"allow":["GET"]}}],"collection":[{"href":"https:\/\/periodicolarepublica.com\/index.php\/wp-json\/wp\/v2\/posts"}],"about":[{"href":"https:\/\/periodicolarepublica.com\/index.php\/wp-json\/wp\/v2\/types\/post"}],"author":[{"embeddable":true,"href":"https:\/\/periodicolarepublica.com\/index.php\/wp-json\/wp\/v2\/users\/1"}],"replies":[{"embeddable":true,"href":"https:\/\/periodicolarepublica.com\/index.php\/wp-json\/wp\/v2\/comments?post=659"}],"version-history":[{"count":1,"href":"https:\/\/periodicolarepublica.com\/index.php\/wp-json\/wp\/v2\/posts\/659\/revisions"}],"predecessor-version":[{"id":661,"href":"https:\/\/periodicolarepublica.com\/index.php\/wp-json\/wp\/v2\/posts\/659\/revisions\/661"}],"wp:featuredmedia":[{"embeddable":true,"href":"https:\/\/periodicolarepublica.com\/index.php\/wp-json\/wp\/v2\/media\/660"}],"wp:attachment":[{"href":"https:\/\/periodicolarepublica.com\/index.php\/wp-json\/wp\/v2\/media?parent=659"}],"wp:term":[{"taxonomy":"category","embeddable":true,"href":"https:\/\/periodicolarepublica.com\/index.php\/wp-json\/wp\/v2\/categories?post=659"},{"taxonomy":"post_tag","embeddable":true,"href":"https:\/\/periodicolarepublica.com\/index.php\/wp-json\/wp\/v2\/tags?post=659"}],"curies":[{"name":"wp","href":"https:\/\/api.w.org\/{rel}","templated":true}]}}