{"id":663,"date":"2024-04-29T20:52:53","date_gmt":"2024-04-29T18:52:53","guid":{"rendered":"https:\/\/periodicolarepublica.com\/?p=663"},"modified":"2024-04-29T20:52:53","modified_gmt":"2024-04-29T18:52:53","slug":"movimiento-nueva-generacion-se-une-en-apoyo-a-leonel-fernandez-en-santo-domingo","status":"publish","type":"post","link":"https:\/\/periodicolarepublica.com\/index.php\/2024\/04\/29\/movimiento-nueva-generacion-se-une-en-apoyo-a-leonel-fernandez-en-santo-domingo\/","title":{"rendered":"Movimiento Nueva Generaci\u00f3n se une en Apoyo a\u00a0 Leonel Fern\u00e1ndez en Santo Domingo"},"content":{"rendered":"<p style=\"text-align: left;\">\n<p style=\"text-align: left;\"><span style=\"text-align: left;\">\u00a0<img loading=\"lazy\" decoding=\"async\" class=\"alignnone size-medium wp-image-664\" src=\"https:\/\/periodicolarepublica.com\/wp-content\/uploads\/2024\/04\/IMG-20240429-WA0019-300x229.jpg\" alt=\"\" width=\"300\" height=\"229\" srcset=\"https:\/\/periodicolarepublica.com\/wp-content\/uploads\/2024\/04\/IMG-20240429-WA0019-300x229.jpg?v=1715379792 300w, https:\/\/periodicolarepublica.com\/wp-content\/uploads\/2024\/04\/IMG-20240429-WA0019-768x586.jpg?v=1715379792 768w, https:\/\/periodicolarepublica.com\/wp-content\/uploads\/2024\/04\/IMG-20240429-WA0019-150x114.jpg?v=1715379792 150w, https:\/\/periodicolarepublica.com\/wp-content\/uploads\/2024\/04\/IMG-20240429-WA0019-600x458.jpg?v=1715379792 600w, https:\/\/periodicolarepublica.com\/wp-content\/uploads\/2024\/04\/IMG-20240429-WA0019-696x531.jpg?v=1715379792 696w, https:\/\/periodicolarepublica.com\/wp-content\/uploads\/2024\/04\/IMG-20240429-WA0019.jpg?v=1715379792 962w\" sizes=\"auto, (max-width: 300px) 100vw, 300px\" \/> En un acto pol\u00edtico, el Movimiento Nueva Generaci\u00f3n, bajo la coordinaci\u00f3n de Ana Garc\u00eda, hizo acto de presencia en la circunscripci\u00f3n 3 de Santo Domingo este, en apoyo a la candidatura del Dr. Leonel Fern\u00e1ndez.<\/span><\/p>\n<p style=\"text-align: left;\">Acompa\u00f1ados por miembros de la direcci\u00f3n pol\u00edtica del partido Fuerza del Pueblo, el grupo de j\u00f3venes que conforman este movimiento expresaron su respaldo firme y entusiasta a la visi\u00f3n y propuestas del Dr. Fern\u00e1ndez para el desarrollo y progreso de la comunidad.<\/p>\n<p style=\"text-align: left;\">Con la consigna \u00ab\u00a1Se Van, Ya se Van!\u00bb, los integrantes de Nueva Generaci\u00f3n resaltaron la confianza en que bajo el liderazgo del Dr. Fern\u00e1ndez, se abrir\u00e1n nuevas oportunidades para la educaci\u00f3n, la tecnolog\u00eda y el primer empleo, aspectos fundamentales para el futuro de la juventud dominicana.<\/p>\n<p style=\"text-align: left;\">El Movimiento Nueva Generaci\u00f3n, explic\u00f3 que \u201cLeonel representa la vuelta de la juventud a la pol\u00edtica, y la fuerza del pueblo es el espacio para la nueva pol\u00edtica que tanto necesitamos\u00bb.<\/p>\n<p style=\"text-align: left;\">Este respaldo se suma al creciente apoyo que ha venido recibiendo la candidatura del Dr. Leonel Fern\u00e1ndez y otro candidatos de la Fuerza del Pueblo, consolid\u00e1ndose como una opci\u00f3n s\u00f3lida y confiable para representar los intereses de la comunidad en Santo Domingo Este.<\/p>\n","protected":false},"excerpt":{"rendered":"<p>\u00a0 En un acto pol\u00edtico, el Movimiento Nueva Generaci\u00f3n, bajo la coordinaci\u00f3n de Ana Garc\u00eda, hizo acto de presencia en la circunscripci\u00f3n 3 de Santo Domingo este, en apoyo a la candidatura del Dr. Leonel Fern\u00e1ndez. Acompa\u00f1ados por miembros de la direcci\u00f3n pol\u00edtica del partido Fuerza del Pueblo, el grupo de j\u00f3venes que conforman este [&hellip;]<\/p>\n","protected":false},"author":10,"featured_media":664,"comment_status":"open","ping_status":"open","sticky":false,"template":"","format":"standard","meta":{"om_disable_all_campaigns":false,"_monsterinsights_skip_tracking":false,"_monsterinsights_sitenote_active":false,"_monsterinsights_sitenote_note":"","_monsterinsights_sitenote_category":0,"footnotes":""},"categories":[127],"tags":[],"class_list":{"0":"post-663","1":"post","2":"type-post","3":"status-publish","4":"format-standard","5":"has-post-thumbnail","7":"category-politica"},"aioseo_notices":[],"_links":{"self":[{"href":"https:\/\/periodicolarepublica.com\/index.php\/wp-json\/wp\/v2\/posts\/663","targetHints":{"allow":["GET"]}}],"collection":[{"href":"https:\/\/periodicolarepublica.com\/index.php\/wp-json\/wp\/v2\/posts"}],"about":[{"href":"https:\/\/periodicolarepublica.com\/index.php\/wp-json\/wp\/v2\/types\/post"}],"author":[{"embeddable":true,"href":"https:\/\/periodicolarepublica.com\/index.php\/wp-json\/wp\/v2\/users\/10"}],"replies":[{"embeddable":true,"href":"https:\/\/periodicolarepublica.com\/index.php\/wp-json\/wp\/v2\/comments?post=663"}],"version-history":[{"count":1,"href":"https:\/\/periodicolarepublica.com\/index.php\/wp-json\/wp\/v2\/posts\/663\/revisions"}],"predecessor-version":[{"id":665,"href":"https:\/\/periodicolarepublica.com\/index.php\/wp-json\/wp\/v2\/posts\/663\/revisions\/665"}],"wp:featuredmedia":[{"embeddable":true,"href":"https:\/\/periodicolarepublica.com\/index.php\/wp-json\/wp\/v2\/media\/664"}],"wp:attachment":[{"href":"https:\/\/periodicolarepublica.com\/index.php\/wp-json\/wp\/v2\/media?parent=663"}],"wp:term":[{"taxonomy":"category","embeddable":true,"href":"https:\/\/periodicolarepublica.com\/index.php\/wp-json\/wp\/v2\/categories?post=663"},{"taxonomy":"post_tag","embeddable":true,"href":"https:\/\/periodicolarepublica.com\/index.php\/wp-json\/wp\/v2\/tags?post=663"}],"curies":[{"name":"wp","href":"https:\/\/api.w.org\/{rel}","templated":true}]}}