{"id":6640,"date":"2026-09-01T16:01:29","date_gmt":"2026-09-01T20:01:29","guid":{"rendered":"https:\/\/periodicolarepublica.com\/?p=6640"},"modified":"2026-09-01T16:01:29","modified_gmt":"2026-09-01T20:01:29","slug":"banreservas-celebra-la-fidelidad-de-sus-clientes-preferentes-y-pymes-entre-aromas-y-sabores","status":"publish","type":"post","link":"https:\/\/periodicolarepublica.com\/index.php\/2026\/09\/01\/banreservas-celebra-la-fidelidad-de-sus-clientes-preferentes-y-pymes-entre-aromas-y-sabores\/","title":{"rendered":"Banreservas celebra la fidelidad de sus clientes preferentes y pymes entre aromas y sabores"},"content":{"rendered":"<p>Banreservas celebra la fidelidad de sus clientes preferentes y pymes entre aromas y sabore<\/p>\n<p>Santo Domingo.- El Banco de Reservas celebr\u00f3 un encuentro especial con clientes de los segmentos Preferente y Pyme en Santo Domingo, concebido para agradecer su confianza y fortalecer los v\u00ednculos que la instituci\u00f3n mantiene con este importante grupo.<\/p>\n<p>&nbsp;<\/p>\n<p>La actividad reuni\u00f3 a clientes y ejecutivos en un ambiente c\u00e1lido, elegante y contempor\u00e1neo, donde se combinaron espacios de relacionamiento, orientaci\u00f3n financiera y experiencias gastron\u00f3micas e interactivas.<\/p>\n<p>&nbsp;<\/p>\n<p>El vicepresidente ejecutivo senior de Negocios de Banreservas, Ysidro Garc\u00eda, quien habl\u00f3 en representaci\u00f3n del presidente ejecutivo de la entidad, doctor Leonardo Aguilera, agradeci\u00f3 la confianza de los asistentes y destac\u00f3 la importancia de mantener una relaci\u00f3n cercana con quienes forman parte del desarrollo y dinamismo de los distintos sectores productivos del pa\u00eds.<\/p>\n<p>&nbsp;<\/p>\n<p>Asimismo, reafirm\u00f3 el compromiso de Banreservas de continuar ofreciendo soluciones financieras adaptadas a las necesidades de sus clientes, contribuyendo al fortalecimiento de sus proyectos personales y empresariales.<\/p>\n<p>&nbsp;<\/p>\n<p>Durante la velada, los invitados compartieron con ejecutivos de negocios de la instituci\u00f3n mientras disfrutaban de una propuesta musical a cargo de la agrupaci\u00f3n Clara y Los Funkers, que fusion\u00f3 ritmos de soul, funk y rock.<\/p>\n<p>&nbsp;<\/p>\n<p>La experiencia incluy\u00f3 cocteles de autor, chocolates elaborados con un 70 % de cacao y una selecci\u00f3n de platillos especiales, acompa\u00f1ados de una ambientaci\u00f3n con aromas frescos y relajantes. Los asistentes tambi\u00e9n pudieron disfrutar de demostraciones preparadas especialmente para la ocasi\u00f3n.<\/p>\n<p>&nbsp;<\/p>\n<p>Con iniciativas como esta, Banreservas procura estrechar su relaci\u00f3n con sus clientes y propiciar escenarios que favorezcan el intercambio de experiencias, la generaci\u00f3n de oportunidades y el desarrollo de nuevas conexiones.<\/p>\n<p><img loading=\"lazy\" decoding=\"async\" class=\"alignnone size-medium wp-image-4066\" src=\"https:\/\/periodicolarepublica.com\/wp-content\/uploads\/2025\/09\/images-21-300x300.jpeg\" alt=\"\" width=\"300\" height=\"300\" srcset=\"https:\/\/periodicolarepublica.com\/wp-content\/uploads\/2025\/09\/images-21-300x300.jpeg 300w, https:\/\/periodicolarepublica.com\/wp-content\/uploads\/2025\/09\/images-21-150x150.jpeg 150w, https:\/\/periodicolarepublica.com\/wp-content\/uploads\/2025\/09\/images-21.jpeg 554w\" sizes=\"auto, (max-width: 300px) 100vw, 300px\" \/><\/p>\n","protected":false},"excerpt":{"rendered":"<p>Banreservas celebra la fidelidad de sus clientes preferentes y pymes entre aromas y sabore Santo Domingo.- El Banco de Reservas celebr\u00f3 un encuentro especial con clientes de los segmentos Preferente y Pyme en Santo Domingo, concebido para agradecer su confianza y fortalecer los v\u00ednculos que la instituci\u00f3n mantiene con este importante grupo. &nbsp; La actividad [&hellip;]<\/p>\n","protected":false},"author":6,"featured_media":4066,"comment_status":"open","ping_status":"open","sticky":false,"template":"","format":"standard","meta":{"om_disable_all_campaigns":false,"_monsterinsights_skip_tracking":false,"footnotes":""},"categories":[1],"tags":[],"class_list":{"0":"post-6640","1":"post","2":"type-post","3":"status-publish","4":"format-standard","5":"has-post-thumbnail","7":"category-nacionales"},"aioseo_notices":[],"aioseo_head":"\n\t\t<!-- All in One SEO 4.9.10 - aioseo.com -->\n\t<meta name=\"description\" content=\"Banreservas celebra la fidelidad de sus clientes preferentes y pymes entre aromas y sabore Santo Domingo.- El Banco de Reservas celebr\u00f3 un encuentro especial con clientes de los segmentos Preferente y Pyme en Santo Domingo, concebido para agradecer su confianza y fortalecer los v\u00ednculos que la instituci\u00f3n mantiene con este importante grupo. La actividad\" \/>\n\t<meta name=\"robots\" content=\"max-image-preview:large\" \/>\n\t<meta name=\"author\" content=\"Fuente Externa\"\/>\n\t<meta name=\"google-site-verification\" content=\"9Wp1nLo7xJjAvczUo27LB9Bb_ijQS19BYIu8UBhSXzw\" \/>\n\t<link rel=\"canonical\" href=\"https:\/\/periodicolarepublica.com\/index.php\/2026\/09\/01\/banreservas-celebra-la-fidelidad-de-sus-clientes-preferentes-y-pymes-entre-aromas-y-sabores\/\" \/>\n\t<meta name=\"generator\" content=\"All in One SEO (AIOSEO) 4.9.10\" \/>\n\t\t<meta property=\"og:locale\" content=\"es_ES\" \/>\n\t\t<meta property=\"og:site_name\" content=\"Peri\u00f3dico La Rep\u00fablica - Peri\u00f3dico La Rep\u00fablica\" \/>\n\t\t<meta property=\"og:type\" content=\"article\" \/>\n\t\t<meta property=\"og:title\" content=\"Banreservas celebra la fidelidad de sus clientes preferentes y pymes entre aromas y sabores - Peri\u00f3dico La Rep\u00fablica\" \/>\n\t\t<meta property=\"og:description\" content=\"Banreservas celebra la fidelidad de sus clientes preferentes y pymes entre aromas y sabore Santo Domingo.- El Banco de Reservas celebr\u00f3 un encuentro especial con clientes de los segmentos Preferente y Pyme en Santo Domingo, concebido para agradecer su confianza y fortalecer los v\u00ednculos que la instituci\u00f3n mantiene con este importante grupo. La actividad\" \/>\n\t\t<meta property=\"og:url\" content=\"https:\/\/periodicolarepublica.com\/index.php\/2026\/09\/01\/banreservas-celebra-la-fidelidad-de-sus-clientes-preferentes-y-pymes-entre-aromas-y-sabores\/\" \/>\n\t\t<meta property=\"og:image\" content=\"https:\/\/periodicolarepublica.com\/wp-content\/uploads\/2024\/11\/IMG_20241115_221405-1.jpg\" \/>\n\t\t<meta property=\"og:image:secure_url\" content=\"https:\/\/periodicolarepublica.com\/wp-content\/uploads\/2024\/11\/IMG_20241115_221405-1.jpg\" \/>\n\t\t<meta property=\"og:image:width\" content=\"707\" \/>\n\t\t<meta property=\"og:image:height\" content=\"250\" \/>\n\t\t<meta property=\"article:published_time\" content=\"2026-09-01T20:01:29+00:00\" \/>\n\t\t<meta property=\"article:modified_time\" content=\"2026-09-01T20:01:29+00:00\" \/>\n\t\t<meta name=\"twitter:card\" content=\"summary_large_image\" \/>\n\t\t<meta name=\"twitter:title\" content=\"Banreservas celebra la fidelidad de sus clientes preferentes y pymes entre aromas y sabores - Peri\u00f3dico La Rep\u00fablica\" \/>\n\t\t<meta name=\"twitter:description\" content=\"Banreservas celebra la fidelidad de sus clientes preferentes y pymes entre aromas y sabore Santo Domingo.- El Banco de Reservas celebr\u00f3 un encuentro especial con clientes de los segmentos Preferente y Pyme en Santo Domingo, concebido para agradecer su confianza y fortalecer los v\u00ednculos que la instituci\u00f3n mantiene con este importante grupo. La actividad\" \/>\n\t\t<meta name=\"twitter:image\" content=\"https:\/\/periodicolarepublica.com\/wp-content\/uploads\/2024\/11\/IMG_20241115_221405-1.jpg\" \/>\n\t\t<script type=\"application\/ld+json\" class=\"aioseo-schema\">\n\t\t\t{\"@context\":\"https:\\\/\\\/schema.org\",\"@graph\":[{\"@type\":\"BlogPosting\",\"@id\":\"https:\\\/\\\/periodicolarepublica.com\\\/index.php\\\/2026\\\/09\\\/01\\\/banreservas-celebra-la-fidelidad-de-sus-clientes-preferentes-y-pymes-entre-aromas-y-sabores\\\/#blogposting\",\"name\":\"Banreservas celebra la fidelidad de sus clientes preferentes y pymes entre aromas y sabores - Peri\\u00f3dico La Rep\\u00fablica\",\"headline\":\"Banreservas celebra la fidelidad de sus clientes preferentes y pymes entre aromas y sabores\",\"author\":{\"@id\":\"https:\\\/\\\/periodicolarepublica.com\\\/index.php\\\/author\\\/redaccion\\\/#author\"},\"publisher\":{\"@id\":\"https:\\\/\\\/periodicolarepublica.com\\\/#organization\"},\"image\":{\"@type\":\"ImageObject\",\"url\":\"https:\\\/\\\/periodicolarepublica.com\\\/wp-content\\\/uploads\\\/2025\\\/09\\\/images-21.jpeg\",\"width\":554,\"height\":554},\"datePublished\":\"2026-09-01T16:01:29-04:00\",\"dateModified\":\"2026-09-01T16:01:29-04:00\",\"inLanguage\":\"es-ES\",\"mainEntityOfPage\":{\"@id\":\"https:\\\/\\\/periodicolarepublica.com\\\/index.php\\\/2026\\\/09\\\/01\\\/banreservas-celebra-la-fidelidad-de-sus-clientes-preferentes-y-pymes-entre-aromas-y-sabores\\\/#webpage\"},\"isPartOf\":{\"@id\":\"https:\\\/\\\/periodicolarepublica.com\\\/index.php\\\/2026\\\/09\\\/01\\\/banreservas-celebra-la-fidelidad-de-sus-clientes-preferentes-y-pymes-entre-aromas-y-sabores\\\/#webpage\"},\"articleSection\":\"Nacionales\"},{\"@type\":\"BreadcrumbList\",\"@id\":\"https:\\\/\\\/periodicolarepublica.com\\\/index.php\\\/2026\\\/09\\\/01\\\/banreservas-celebra-la-fidelidad-de-sus-clientes-preferentes-y-pymes-entre-aromas-y-sabores\\\/#breadcrumblist\",\"itemListElement\":[{\"@type\":\"ListItem\",\"@id\":\"https:\\\/\\\/periodicolarepublica.com#listItem\",\"position\":1,\"name\":\"Home\",\"item\":\"https:\\\/\\\/periodicolarepublica.com\",\"nextItem\":{\"@type\":\"ListItem\",\"@id\":\"https:\\\/\\\/periodicolarepublica.com\\\/index.php\\\/category\\\/nacionales\\\/#listItem\",\"name\":\"Nacionales\"}},{\"@type\":\"ListItem\",\"@id\":\"https:\\\/\\\/periodicolarepublica.com\\\/index.php\\\/category\\\/nacionales\\\/#listItem\",\"position\":2,\"name\":\"Nacionales\",\"item\":\"https:\\\/\\\/periodicolarepublica.com\\\/index.php\\\/category\\\/nacionales\\\/\",\"nextItem\":{\"@type\":\"ListItem\",\"@id\":\"https:\\\/\\\/periodicolarepublica.com\\\/index.php\\\/2026\\\/09\\\/01\\\/banreservas-celebra-la-fidelidad-de-sus-clientes-preferentes-y-pymes-entre-aromas-y-sabores\\\/#listItem\",\"name\":\"Banreservas celebra la fidelidad de sus clientes preferentes y pymes entre aromas y sabores\"},\"previousItem\":{\"@type\":\"ListItem\",\"@id\":\"https:\\\/\\\/periodicolarepublica.com#listItem\",\"name\":\"Home\"}},{\"@type\":\"ListItem\",\"@id\":\"https:\\\/\\\/periodicolarepublica.com\\\/index.php\\\/2026\\\/09\\\/01\\\/banreservas-celebra-la-fidelidad-de-sus-clientes-preferentes-y-pymes-entre-aromas-y-sabores\\\/#listItem\",\"position\":3,\"name\":\"Banreservas celebra la fidelidad de sus clientes preferentes y pymes entre aromas y sabores\",\"previousItem\":{\"@type\":\"ListItem\",\"@id\":\"https:\\\/\\\/periodicolarepublica.com\\\/index.php\\\/category\\\/nacionales\\\/#listItem\",\"name\":\"Nacionales\"}}]},{\"@type\":\"Organization\",\"@id\":\"https:\\\/\\\/periodicolarepublica.com\\\/#organization\",\"name\":\"Peri\\u00f3dico La Rep\\u00fablica\",\"description\":\"Peri\\u00f3dico La Rep\\u00fablica Noticias de la Rep\\u00fablica Dominicana Peri\\u00f3dico La Rep\\u00fablica\",\"url\":\"https:\\\/\\\/periodicolarepublica.com\\\/\",\"telephone\":\"+18092157770\",\"logo\":{\"@type\":\"ImageObject\",\"url\":\"https:\\\/\\\/periodicolarepublica.com\\\/wp-content\\\/uploads\\\/2024\\\/11\\\/IMG_20241115_221405-1.jpg\",\"@id\":\"https:\\\/\\\/periodicolarepublica.com\\\/index.php\\\/2026\\\/09\\\/01\\\/banreservas-celebra-la-fidelidad-de-sus-clientes-preferentes-y-pymes-entre-aromas-y-sabores\\\/#organizationLogo\",\"width\":707,\"height\":250},\"image\":{\"@id\":\"https:\\\/\\\/periodicolarepublica.com\\\/index.php\\\/2026\\\/09\\\/01\\\/banreservas-celebra-la-fidelidad-de-sus-clientes-preferentes-y-pymes-entre-aromas-y-sabores\\\/#organizationLogo\"},\"sameAs\":[\"https:\\\/\\\/www.instagram.com\\\/larepublicaenlaradio\\\/profilecard\\\/?igsh=YXYxam5uY3ZmNWw=\",\"https:\\\/\\\/www.tiktok.com\\\/@larepublica.tv?_t=8rSJEkvSWBT&_r=1\",\"https:\\\/\\\/youtube.com\\\/@larepublicaoficial?si=V21R9IhaZkaiMKCo\"]},{\"@type\":\"Person\",\"@id\":\"https:\\\/\\\/periodicolarepublica.com\\\/index.php\\\/author\\\/redaccion\\\/#author\",\"url\":\"https:\\\/\\\/periodicolarepublica.com\\\/index.php\\\/author\\\/redaccion\\\/\",\"name\":\"Fuente Externa\",\"image\":{\"@type\":\"ImageObject\",\"@id\":\"https:\\\/\\\/periodicolarepublica.com\\\/index.php\\\/2026\\\/09\\\/01\\\/banreservas-celebra-la-fidelidad-de-sus-clientes-preferentes-y-pymes-entre-aromas-y-sabores\\\/#authorImage\",\"url\":\"https:\\\/\\\/secure.gravatar.com\\\/avatar\\\/ed2df04b0eded81171fc04ee95e85b07?s=96&d=mm&r=g\",\"width\":96,\"height\":96,\"caption\":\"Fuente Externa\"}},{\"@type\":\"WebPage\",\"@id\":\"https:\\\/\\\/periodicolarepublica.com\\\/index.php\\\/2026\\\/09\\\/01\\\/banreservas-celebra-la-fidelidad-de-sus-clientes-preferentes-y-pymes-entre-aromas-y-sabores\\\/#webpage\",\"url\":\"https:\\\/\\\/periodicolarepublica.com\\\/index.php\\\/2026\\\/09\\\/01\\\/banreservas-celebra-la-fidelidad-de-sus-clientes-preferentes-y-pymes-entre-aromas-y-sabores\\\/\",\"name\":\"Banreservas celebra la fidelidad de sus clientes preferentes y pymes entre aromas y sabores - Peri\\u00f3dico La Rep\\u00fablica\",\"description\":\"Banreservas celebra la fidelidad de sus clientes preferentes y pymes entre aromas y sabore Santo Domingo.- El Banco de Reservas celebr\\u00f3 un encuentro especial con clientes de los segmentos Preferente y Pyme en Santo Domingo, concebido para agradecer su confianza y fortalecer los v\\u00ednculos que la instituci\\u00f3n mantiene con este importante grupo. La actividad\",\"inLanguage\":\"es-ES\",\"isPartOf\":{\"@id\":\"https:\\\/\\\/periodicolarepublica.com\\\/#website\"},\"breadcrumb\":{\"@id\":\"https:\\\/\\\/periodicolarepublica.com\\\/index.php\\\/2026\\\/09\\\/01\\\/banreservas-celebra-la-fidelidad-de-sus-clientes-preferentes-y-pymes-entre-aromas-y-sabores\\\/#breadcrumblist\"},\"author\":{\"@id\":\"https:\\\/\\\/periodicolarepublica.com\\\/index.php\\\/author\\\/redaccion\\\/#author\"},\"creator\":{\"@id\":\"https:\\\/\\\/periodicolarepublica.com\\\/index.php\\\/author\\\/redaccion\\\/#author\"},\"image\":{\"@type\":\"ImageObject\",\"url\":\"https:\\\/\\\/periodicolarepublica.com\\\/wp-content\\\/uploads\\\/2025\\\/09\\\/images-21.jpeg\",\"@id\":\"https:\\\/\\\/periodicolarepublica.com\\\/index.php\\\/2026\\\/09\\\/01\\\/banreservas-celebra-la-fidelidad-de-sus-clientes-preferentes-y-pymes-entre-aromas-y-sabores\\\/#mainImage\",\"width\":554,\"height\":554},\"primaryImageOfPage\":{\"@id\":\"https:\\\/\\\/periodicolarepublica.com\\\/index.php\\\/2026\\\/09\\\/01\\\/banreservas-celebra-la-fidelidad-de-sus-clientes-preferentes-y-pymes-entre-aromas-y-sabores\\\/#mainImage\"},\"datePublished\":\"2026-09-01T16:01:29-04:00\",\"dateModified\":\"2026-09-01T16:01:29-04:00\"},{\"@type\":\"WebSite\",\"@id\":\"https:\\\/\\\/periodicolarepublica.com\\\/#website\",\"url\":\"https:\\\/\\\/periodicolarepublica.com\\\/\",\"name\":\"Periodico La Rep\\u00fablica\",\"alternateName\":\"La Rep\\u00fablica\",\"description\":\"Peri\\u00f3dico La Rep\\u00fablica\",\"inLanguage\":\"es-ES\",\"publisher\":{\"@id\":\"https:\\\/\\\/periodicolarepublica.com\\\/#organization\"}}]}\n\t\t<\/script>\n\t\t<!-- All in One SEO -->\n\n","aioseo_head_json":{"title":"Banreservas celebra la fidelidad de sus clientes preferentes y pymes entre aromas y sabores - Peri\u00f3dico La Rep\u00fablica","description":"Banreservas celebra la fidelidad de sus clientes preferentes y pymes entre aromas y sabore Santo Domingo.- El Banco de Reservas celebr\u00f3 un encuentro especial con clientes de los segmentos Preferente y Pyme en Santo Domingo, concebido para agradecer su confianza y fortalecer los v\u00ednculos que la instituci\u00f3n mantiene con este importante grupo. La actividad","canonical_url":"https:\/\/periodicolarepublica.com\/index.php\/2026\/09\/01\/banreservas-celebra-la-fidelidad-de-sus-clientes-preferentes-y-pymes-entre-aromas-y-sabores\/","robots":"max-image-preview:large","keywords":"","webmasterTools":{"google-site-verification":"9Wp1nLo7xJjAvczUo27LB9Bb_ijQS19BYIu8UBhSXzw","miscellaneous":""},"schema":{"@context":"https:\/\/schema.org","@graph":[{"@type":"BlogPosting","@id":"https:\/\/periodicolarepublica.com\/index.php\/2026\/09\/01\/banreservas-celebra-la-fidelidad-de-sus-clientes-preferentes-y-pymes-entre-aromas-y-sabores\/#blogposting","name":"Banreservas celebra la fidelidad de sus clientes preferentes y pymes entre aromas y sabores - Peri\u00f3dico La Rep\u00fablica","headline":"Banreservas celebra la fidelidad de sus clientes preferentes y pymes entre aromas y sabores","author":{"@id":"https:\/\/periodicolarepublica.com\/index.php\/author\/redaccion\/#author"},"publisher":{"@id":"https:\/\/periodicolarepublica.com\/#organization"},"image":{"@type":"ImageObject","url":"https:\/\/periodicolarepublica.com\/wp-content\/uploads\/2025\/09\/images-21.jpeg","width":554,"height":554},"datePublished":"2026-09-01T16:01:29-04:00","dateModified":"2026-09-01T16:01:29-04:00","inLanguage":"es-ES","mainEntityOfPage":{"@id":"https:\/\/periodicolarepublica.com\/index.php\/2026\/09\/01\/banreservas-celebra-la-fidelidad-de-sus-clientes-preferentes-y-pymes-entre-aromas-y-sabores\/#webpage"},"isPartOf":{"@id":"https:\/\/periodicolarepublica.com\/index.php\/2026\/09\/01\/banreservas-celebra-la-fidelidad-de-sus-clientes-preferentes-y-pymes-entre-aromas-y-sabores\/#webpage"},"articleSection":"Nacionales"},{"@type":"BreadcrumbList","@id":"https:\/\/periodicolarepublica.com\/index.php\/2026\/09\/01\/banreservas-celebra-la-fidelidad-de-sus-clientes-preferentes-y-pymes-entre-aromas-y-sabores\/#breadcrumblist","itemListElement":[{"@type":"ListItem","@id":"https:\/\/periodicolarepublica.com#listItem","position":1,"name":"Home","item":"https:\/\/periodicolarepublica.com","nextItem":{"@type":"ListItem","@id":"https:\/\/periodicolarepublica.com\/index.php\/category\/nacionales\/#listItem","name":"Nacionales"}},{"@type":"ListItem","@id":"https:\/\/periodicolarepublica.com\/index.php\/category\/nacionales\/#listItem","position":2,"name":"Nacionales","item":"https:\/\/periodicolarepublica.com\/index.php\/category\/nacionales\/","nextItem":{"@type":"ListItem","@id":"https:\/\/periodicolarepublica.com\/index.php\/2026\/09\/01\/banreservas-celebra-la-fidelidad-de-sus-clientes-preferentes-y-pymes-entre-aromas-y-sabores\/#listItem","name":"Banreservas celebra la fidelidad de sus clientes preferentes y pymes entre aromas y sabores"},"previousItem":{"@type":"ListItem","@id":"https:\/\/periodicolarepublica.com#listItem","name":"Home"}},{"@type":"ListItem","@id":"https:\/\/periodicolarepublica.com\/index.php\/2026\/09\/01\/banreservas-celebra-la-fidelidad-de-sus-clientes-preferentes-y-pymes-entre-aromas-y-sabores\/#listItem","position":3,"name":"Banreservas celebra la fidelidad de sus clientes preferentes y pymes entre aromas y sabores","previousItem":{"@type":"ListItem","@id":"https:\/\/periodicolarepublica.com\/index.php\/category\/nacionales\/#listItem","name":"Nacionales"}}]},{"@type":"Organization","@id":"https:\/\/periodicolarepublica.com\/#organization","name":"Peri\u00f3dico La Rep\u00fablica","description":"Peri\u00f3dico La Rep\u00fablica Noticias de la Rep\u00fablica Dominicana Peri\u00f3dico La Rep\u00fablica","url":"https:\/\/periodicolarepublica.com\/","telephone":"+18092157770","logo":{"@type":"ImageObject","url":"https:\/\/periodicolarepublica.com\/wp-content\/uploads\/2024\/11\/IMG_20241115_221405-1.jpg","@id":"https:\/\/periodicolarepublica.com\/index.php\/2026\/09\/01\/banreservas-celebra-la-fidelidad-de-sus-clientes-preferentes-y-pymes-entre-aromas-y-sabores\/#organizationLogo","width":707,"height":250},"image":{"@id":"https:\/\/periodicolarepublica.com\/index.php\/2026\/09\/01\/banreservas-celebra-la-fidelidad-de-sus-clientes-preferentes-y-pymes-entre-aromas-y-sabores\/#organizationLogo"},"sameAs":["https:\/\/www.instagram.com\/larepublicaenlaradio\/profilecard\/?igsh=YXYxam5uY3ZmNWw=","https:\/\/www.tiktok.com\/@larepublica.tv?_t=8rSJEkvSWBT&_r=1","https:\/\/youtube.com\/@larepublicaoficial?si=V21R9IhaZkaiMKCo"]},{"@type":"Person","@id":"https:\/\/periodicolarepublica.com\/index.php\/author\/redaccion\/#author","url":"https:\/\/periodicolarepublica.com\/index.php\/author\/redaccion\/","name":"Fuente Externa","image":{"@type":"ImageObject","@id":"https:\/\/periodicolarepublica.com\/index.php\/2026\/09\/01\/banreservas-celebra-la-fidelidad-de-sus-clientes-preferentes-y-pymes-entre-aromas-y-sabores\/#authorImage","url":"https:\/\/secure.gravatar.com\/avatar\/ed2df04b0eded81171fc04ee95e85b07?s=96&d=mm&r=g","width":96,"height":96,"caption":"Fuente Externa"}},{"@type":"WebPage","@id":"https:\/\/periodicolarepublica.com\/index.php\/2026\/09\/01\/banreservas-celebra-la-fidelidad-de-sus-clientes-preferentes-y-pymes-entre-aromas-y-sabores\/#webpage","url":"https:\/\/periodicolarepublica.com\/index.php\/2026\/09\/01\/banreservas-celebra-la-fidelidad-de-sus-clientes-preferentes-y-pymes-entre-aromas-y-sabores\/","name":"Banreservas celebra la fidelidad de sus clientes preferentes y pymes entre aromas y sabores - Peri\u00f3dico La Rep\u00fablica","description":"Banreservas celebra la fidelidad de sus clientes preferentes y pymes entre aromas y sabore Santo Domingo.- El Banco de Reservas celebr\u00f3 un encuentro especial con clientes de los segmentos Preferente y Pyme en Santo Domingo, concebido para agradecer su confianza y fortalecer los v\u00ednculos que la instituci\u00f3n mantiene con este importante grupo. La actividad","inLanguage":"es-ES","isPartOf":{"@id":"https:\/\/periodicolarepublica.com\/#website"},"breadcrumb":{"@id":"https:\/\/periodicolarepublica.com\/index.php\/2026\/09\/01\/banreservas-celebra-la-fidelidad-de-sus-clientes-preferentes-y-pymes-entre-aromas-y-sabores\/#breadcrumblist"},"author":{"@id":"https:\/\/periodicolarepublica.com\/index.php\/author\/redaccion\/#author"},"creator":{"@id":"https:\/\/periodicolarepublica.com\/index.php\/author\/redaccion\/#author"},"image":{"@type":"ImageObject","url":"https:\/\/periodicolarepublica.com\/wp-content\/uploads\/2025\/09\/images-21.jpeg","@id":"https:\/\/periodicolarepublica.com\/index.php\/2026\/09\/01\/banreservas-celebra-la-fidelidad-de-sus-clientes-preferentes-y-pymes-entre-aromas-y-sabores\/#mainImage","width":554,"height":554},"primaryImageOfPage":{"@id":"https:\/\/periodicolarepublica.com\/index.php\/2026\/09\/01\/banreservas-celebra-la-fidelidad-de-sus-clientes-preferentes-y-pymes-entre-aromas-y-sabores\/#mainImage"},"datePublished":"2026-09-01T16:01:29-04:00","dateModified":"2026-09-01T16:01:29-04:00"},{"@type":"WebSite","@id":"https:\/\/periodicolarepublica.com\/#website","url":"https:\/\/periodicolarepublica.com\/","name":"Periodico La Rep\u00fablica","alternateName":"La Rep\u00fablica","description":"Peri\u00f3dico La Rep\u00fablica","inLanguage":"es-ES","publisher":{"@id":"https:\/\/periodicolarepublica.com\/#organization"}}]},"og:locale":"es_ES","og:site_name":"Peri\u00f3dico La Rep\u00fablica - Peri\u00f3dico La Rep\u00fablica","og:type":"article","og:title":"Banreservas celebra la fidelidad de sus clientes preferentes y pymes entre aromas y sabores - Peri\u00f3dico La Rep\u00fablica","og:description":"Banreservas celebra la fidelidad de sus clientes preferentes y pymes entre aromas y sabore Santo Domingo.- El Banco de Reservas celebr\u00f3 un encuentro especial con clientes de los segmentos Preferente y Pyme en Santo Domingo, concebido para agradecer su confianza y fortalecer los v\u00ednculos que la instituci\u00f3n mantiene con este importante grupo. La actividad","og:url":"https:\/\/periodicolarepublica.com\/index.php\/2026\/09\/01\/banreservas-celebra-la-fidelidad-de-sus-clientes-preferentes-y-pymes-entre-aromas-y-sabores\/","og:image":"https:\/\/periodicolarepublica.com\/wp-content\/uploads\/2024\/11\/IMG_20241115_221405-1.jpg","og:image:secure_url":"https:\/\/periodicolarepublica.com\/wp-content\/uploads\/2024\/11\/IMG_20241115_221405-1.jpg","og:image:width":707,"og:image:height":250,"article:published_time":"2026-09-01T20:01:29+00:00","article:modified_time":"2026-09-01T20:01:29+00:00","twitter:card":"summary_large_image","twitter:title":"Banreservas celebra la fidelidad de sus clientes preferentes y pymes entre aromas y sabores - Peri\u00f3dico La Rep\u00fablica","twitter:description":"Banreservas celebra la fidelidad de sus clientes preferentes y pymes entre aromas y sabore Santo Domingo.- El Banco de Reservas celebr\u00f3 un encuentro especial con clientes de los segmentos Preferente y Pyme en Santo Domingo, concebido para agradecer su confianza y fortalecer los v\u00ednculos que la instituci\u00f3n mantiene con este importante grupo. La actividad","twitter:image":"https:\/\/periodicolarepublica.com\/wp-content\/uploads\/2024\/11\/IMG_20241115_221405-1.jpg"},"aioseo_meta_data":{"post_id":"6640","title":null,"description":null,"keywords":null,"keyphrases":{"focus":{"keyphrase":"","score":0,"analysis":{"keyphraseInTitle":{"score":0,"maxScore":9,"error":1}}},"additional":[]},"primary_term":null,"canonical_url":null,"og_title":null,"og_description":null,"og_object_type":"default","og_image_type":"default","og_image_url":null,"og_image_width":null,"og_image_height":null,"og_image_custom_url":null,"og_image_custom_fields":null,"og_video":"","og_custom_url":null,"og_article_section":null,"og_article_tags":null,"twitter_use_og":false,"twitter_card":"default","twitter_image_type":"default","twitter_image_url":null,"twitter_image_custom_url":null,"twitter_image_custom_fields":null,"twitter_title":null,"twitter_description":null,"schema":{"blockGraphs":[],"customGraphs":[],"default":{"data":{"Article":[],"Course":[],"Dataset":[],"FAQPage":[],"Movie":[],"Person":[],"Product":[],"ProductReview":[],"Car":[],"Recipe":[],"Service":[],"SoftwareApplication":[],"WebPage":[]},"graphName":"BlogPosting","isEnabled":true},"graphs":[]},"schema_type":"default","schema_type_options":null,"pillar_content":false,"robots_default":true,"robots_noindex":false,"robots_noarchive":false,"robots_nosnippet":false,"robots_nofollow":false,"robots_noimageindex":false,"robots_noodp":false,"robots_notranslate":false,"robots_max_snippet":"-1","robots_max_videopreview":"-1","robots_max_imagepreview":"large","priority":null,"frequency":"default","local_seo":null,"breadcrumb_settings":null,"limit_modified_date":false,"ai":{"faqs":[],"keyPoints":[],"schemas":[],"titles":[],"descriptions":[],"socialPosts":{"email":{"subject":"","preview":"","content":""},"linkedin":[],"twitter":[],"facebook":[],"instagram":[]}},"created":"2026-09-01 20:01:29","updated":"2026-09-02 03:33:01","seo_analyzer_scan_date":null},"aioseo_breadcrumb":"<div class=\"aioseo-breadcrumbs\"><span class=\"aioseo-breadcrumb\">\n\t\t\t<a href=\"https:\/\/periodicolarepublica.com\" title=\"Home\">Home<\/a>\n\t\t<\/span><span class=\"aioseo-breadcrumb-separator\">&raquo;<\/span><span class=\"aioseo-breadcrumb\">\n\t\t\t<a href=\"https:\/\/periodicolarepublica.com\/index.php\/category\/nacionales\/\" title=\"Nacionales\">Nacionales<\/a>\n\t\t<\/span><span class=\"aioseo-breadcrumb-separator\">&raquo;<\/span><span class=\"aioseo-breadcrumb\">\n\t\t\tBanreservas celebra la fidelidad de sus clientes preferentes y pymes entre aromas y sabores\n\t\t<\/span><\/div>","aioseo_breadcrumb_json":[{"label":"Home","link":"https:\/\/periodicolarepublica.com"},{"label":"Nacionales","link":"https:\/\/periodicolarepublica.com\/index.php\/category\/nacionales\/"},{"label":"Banreservas celebra la fidelidad de sus clientes preferentes y pymes entre aromas y sabores","link":"https:\/\/periodicolarepublica.com\/index.php\/2026\/09\/01\/banreservas-celebra-la-fidelidad-de-sus-clientes-preferentes-y-pymes-entre-aromas-y-sabores\/"}],"_links":{"self":[{"href":"https:\/\/periodicolarepublica.com\/index.php\/wp-json\/wp\/v2\/posts\/6640","targetHints":{"allow":["GET"]}}],"collection":[{"href":"https:\/\/periodicolarepublica.com\/index.php\/wp-json\/wp\/v2\/posts"}],"about":[{"href":"https:\/\/periodicolarepublica.com\/index.php\/wp-json\/wp\/v2\/types\/post"}],"author":[{"embeddable":true,"href":"https:\/\/periodicolarepublica.com\/index.php\/wp-json\/wp\/v2\/users\/6"}],"replies":[{"embeddable":true,"href":"https:\/\/periodicolarepublica.com\/index.php\/wp-json\/wp\/v2\/comments?post=6640"}],"version-history":[{"count":1,"href":"https:\/\/periodicolarepublica.com\/index.php\/wp-json\/wp\/v2\/posts\/6640\/revisions"}],"predecessor-version":[{"id":6641,"href":"https:\/\/periodicolarepublica.com\/index.php\/wp-json\/wp\/v2\/posts\/6640\/revisions\/6641"}],"wp:featuredmedia":[{"embeddable":true,"href":"https:\/\/periodicolarepublica.com\/index.php\/wp-json\/wp\/v2\/media\/4066"}],"wp:attachment":[{"href":"https:\/\/periodicolarepublica.com\/index.php\/wp-json\/wp\/v2\/media?parent=6640"}],"wp:term":[{"taxonomy":"category","embeddable":true,"href":"https:\/\/periodicolarepublica.com\/index.php\/wp-json\/wp\/v2\/categories?post=6640"},{"taxonomy":"post_tag","embeddable":true,"href":"https:\/\/periodicolarepublica.com\/index.php\/wp-json\/wp\/v2\/tags?post=6640"}],"curies":[{"name":"wp","href":"https:\/\/api.w.org\/{rel}","templated":true}]}}