{"id":6650,"date":"2026-09-03T13:41:22","date_gmt":"2026-09-03T17:41:22","guid":{"rendered":"https:\/\/periodicolarepublica.com\/?p=6650"},"modified":"2026-09-03T13:41:22","modified_gmt":"2026-09-03T17:41:22","slug":"desarrollo-provincial-y-policia-nacional-coordinan-construccion-de-34-nuevas-estaciones-policiales","status":"publish","type":"post","link":"https:\/\/periodicolarepublica.com\/index.php\/2026\/09\/03\/desarrollo-provincial-y-policia-nacional-coordinan-construccion-de-34-nuevas-estaciones-policiales\/","title":{"rendered":"*Desarrollo Provincial y Polic\u00eda Nacional coordinan construcci\u00f3n de 34 nuevas estaciones policiales*"},"content":{"rendered":"<p>Distrito Nacional.\u2013 La Direcci\u00f3n de Desarrollo Provincial y la Polic\u00eda Nacional coordinaron las acciones t\u00e9cnicas y administrativas necesarias para la construcci\u00f3n de 34 nuevas estaciones policiales en distintos puntos del pa\u00eds.<\/p>\n<p>&nbsp;<\/p>\n<p>La coordinaci\u00f3n fue realizada durante una reuni\u00f3n de trabajo encabezada por el director de Desarrollo Provincial, Jos\u00e9 And\u00fajar, y el director general de la Polic\u00eda Nacional, mayor general Ernesto Rafael Rodr\u00edguez Garc\u00eda, junto con los equipos de ingenier\u00eda, planificaci\u00f3n y desarrollo de ambas instituciones.<\/p>\n<p>&nbsp;<\/p>\n<p>Durante el encuentro, celebrado en el despacho del director general de la Polic\u00eda Nacional, fueron revisadas las condiciones de los terrenos, las necesidades particulares de cada localidad y las distintas etapas contempladas para iniciar progresivamente la ejecuci\u00f3n de las obras.<\/p>\n<p>&nbsp;<\/p>\n<p>Las nuevas estaciones permitir\u00e1n mejorar las condiciones de trabajo de los agentes, fortalecer la presencia policial y ampliar la capacidad de respuesta en las comunidades beneficiadas.<\/p>\n<p>&nbsp;<\/p>\n<p>And\u00fajar explic\u00f3 que Desarrollo Provincial trabaja para anticipar y resolver cualquier situaci\u00f3n que pudiera retrasar el desarrollo de los proyectos.<\/p>\n<p>&nbsp;<\/p>\n<p>\u201cEstamos articulando los esfuerzos necesarios para que estas obras comiencen de manera organizada, atendiendo oportunamente cada requerimiento t\u00e9cnico y administrativo y garantizando el cumplimiento de la planificaci\u00f3n establecida\u201d, expres\u00f3.<\/p>\n<p>&nbsp;<\/p>\n<p>Como resultado de la reuni\u00f3n, los equipos t\u00e9cnicos definieron las prioridades inmediatas, las responsabilidades correspondientes a cada instituci\u00f3n y los mecanismos de seguimiento que ser\u00e1n implementados durante las diferentes etapas del proceso.<\/p>\n<p>&nbsp;<\/p>\n<p>Desarrollo Provincial y la Polic\u00eda Nacional mantendr\u00e1n una coordinaci\u00f3n permanente para asegurar que la construcci\u00f3n de las 34 estaciones avance conforme a los cronogramas establecidos.<\/p>\n<p>&nbsp;<\/p>\n<p>Sobre Desarrollo Provincial<\/p>\n<p>&nbsp;<\/p>\n<p>La Direcci\u00f3n de Desarrollo Provincial tiene como misi\u00f3n gestionar y ejecutar proyectos de infraestructura social y comunitaria que contribuyan a mejorar la calidad de vida y promover el desarrollo integral de la poblaci\u00f3n en todo el territorio nacional.<\/p>\n<p><img loading=\"lazy\" decoding=\"async\" class=\"alignnone size-medium wp-image-6651\" src=\"https:\/\/periodicolarepublica.com\/wp-content\/uploads\/2026\/09\/IMG-20260903-WA0464-300x204.jpg\" alt=\"\" width=\"300\" height=\"204\" srcset=\"https:\/\/periodicolarepublica.com\/wp-content\/uploads\/2026\/09\/IMG-20260903-WA0464-300x204.jpg?v=1788457251 300w, https:\/\/periodicolarepublica.com\/wp-content\/uploads\/2026\/09\/IMG-20260903-WA0464-1024x696.jpg?v=1788457251 1024w, https:\/\/periodicolarepublica.com\/wp-content\/uploads\/2026\/09\/IMG-20260903-WA0464-768x522.jpg?v=1788457251 768w, https:\/\/periodicolarepublica.com\/wp-content\/uploads\/2026\/09\/IMG-20260903-WA0464-150x102.jpg?v=1788457251 150w, https:\/\/periodicolarepublica.com\/wp-content\/uploads\/2026\/09\/IMG-20260903-WA0464-600x408.jpg?v=1788457251 600w, https:\/\/periodicolarepublica.com\/wp-content\/uploads\/2026\/09\/IMG-20260903-WA0464-696x473.jpg?v=1788457251 696w, https:\/\/periodicolarepublica.com\/wp-content\/uploads\/2026\/09\/IMG-20260903-WA0464-1068x726.jpg?v=1788457251 1068w, https:\/\/periodicolarepublica.com\/wp-content\/uploads\/2026\/09\/IMG-20260903-WA0464.jpg?v=1788457251 1080w\" sizes=\"auto, (max-width: 300px) 100vw, 300px\" \/><\/p>\n","protected":false},"excerpt":{"rendered":"<p>Distrito Nacional.\u2013 La Direcci\u00f3n de Desarrollo Provincial y la Polic\u00eda Nacional coordinaron las acciones t\u00e9cnicas y administrativas necesarias para la construcci\u00f3n de 34 nuevas estaciones policiales en distintos puntos del pa\u00eds. &nbsp; La coordinaci\u00f3n fue realizada durante una reuni\u00f3n de trabajo encabezada por el director de Desarrollo Provincial, Jos\u00e9 And\u00fajar, y el director general de [&hellip;]<\/p>\n","protected":false},"author":10,"featured_media":6651,"comment_status":"open","ping_status":"open","sticky":false,"template":"","format":"standard","meta":{"om_disable_all_campaigns":false,"_monsterinsights_skip_tracking":false,"footnotes":""},"categories":[1],"tags":[546],"class_list":{"0":"post-6650","1":"post","2":"type-post","3":"status-publish","4":"format-standard","5":"has-post-thumbnail","7":"category-nacionales","8":"tag-desarrollo-provincial"},"aioseo_notices":[],"aioseo_head":"\n\t\t<!-- All in One SEO 4.9.10 - aioseo.com -->\n\t<meta name=\"description\" content=\"Distrito Nacional.\u2013 La Direcci\u00f3n de Desarrollo Provincial y la Polic\u00eda Nacional coordinaron las acciones t\u00e9cnicas y administrativas necesarias para la construcci\u00f3n de 34 nuevas estaciones policiales en distintos puntos del pa\u00eds. La coordinaci\u00f3n fue realizada durante una reuni\u00f3n de trabajo encabezada por el director de Desarrollo Provincial, Jos\u00e9 And\u00fajar, y el director general de\" \/>\n\t<meta name=\"robots\" content=\"max-image-preview:large\" \/>\n\t<meta name=\"author\" content=\"Colaborador\"\/>\n\t<meta name=\"google-site-verification\" content=\"9Wp1nLo7xJjAvczUo27LB9Bb_ijQS19BYIu8UBhSXzw\" \/>\n\t<link rel=\"canonical\" href=\"https:\/\/periodicolarepublica.com\/index.php\/2026\/09\/03\/desarrollo-provincial-y-policia-nacional-coordinan-construccion-de-34-nuevas-estaciones-policiales\/\" \/>\n\t<meta name=\"generator\" content=\"All in One SEO (AIOSEO) 4.9.10\" \/>\n\t\t<meta property=\"og:locale\" content=\"es_ES\" \/>\n\t\t<meta property=\"og:site_name\" content=\"Peri\u00f3dico La Rep\u00fablica - Peri\u00f3dico La Rep\u00fablica\" \/>\n\t\t<meta property=\"og:type\" content=\"article\" \/>\n\t\t<meta property=\"og:title\" content=\"*Desarrollo Provincial y Polic\u00eda Nacional coordinan construcci\u00f3n de 34 nuevas estaciones policiales* - Peri\u00f3dico La Rep\u00fablica\" \/>\n\t\t<meta property=\"og:description\" content=\"Distrito Nacional.\u2013 La Direcci\u00f3n de Desarrollo Provincial y la Polic\u00eda Nacional coordinaron las acciones t\u00e9cnicas y administrativas necesarias para la construcci\u00f3n de 34 nuevas estaciones policiales en distintos puntos del pa\u00eds. La coordinaci\u00f3n fue realizada durante una reuni\u00f3n de trabajo encabezada por el director de Desarrollo Provincial, Jos\u00e9 And\u00fajar, y el director general de\" \/>\n\t\t<meta property=\"og:url\" content=\"https:\/\/periodicolarepublica.com\/index.php\/2026\/09\/03\/desarrollo-provincial-y-policia-nacional-coordinan-construccion-de-34-nuevas-estaciones-policiales\/\" \/>\n\t\t<meta property=\"og:image\" content=\"https:\/\/periodicolarepublica.com\/wp-content\/uploads\/2024\/11\/IMG_20241115_221405-1.jpg\" \/>\n\t\t<meta property=\"og:image:secure_url\" content=\"https:\/\/periodicolarepublica.com\/wp-content\/uploads\/2024\/11\/IMG_20241115_221405-1.jpg\" \/>\n\t\t<meta property=\"og:image:width\" content=\"707\" \/>\n\t\t<meta property=\"og:image:height\" content=\"250\" \/>\n\t\t<meta property=\"article:published_time\" content=\"2026-09-03T17:41:22+00:00\" \/>\n\t\t<meta property=\"article:modified_time\" content=\"2026-09-03T17:41:22+00:00\" \/>\n\t\t<meta name=\"twitter:card\" content=\"summary_large_image\" \/>\n\t\t<meta name=\"twitter:title\" content=\"*Desarrollo Provincial y Polic\u00eda Nacional coordinan construcci\u00f3n de 34 nuevas estaciones policiales* - Peri\u00f3dico La Rep\u00fablica\" \/>\n\t\t<meta name=\"twitter:description\" content=\"Distrito Nacional.\u2013 La Direcci\u00f3n de Desarrollo Provincial y la Polic\u00eda Nacional coordinaron las acciones t\u00e9cnicas y administrativas necesarias para la construcci\u00f3n de 34 nuevas estaciones policiales en distintos puntos del pa\u00eds. La coordinaci\u00f3n fue realizada durante una reuni\u00f3n de trabajo encabezada por el director de Desarrollo Provincial, Jos\u00e9 And\u00fajar, y el director general de\" \/>\n\t\t<meta name=\"twitter:image\" content=\"https:\/\/periodicolarepublica.com\/wp-content\/uploads\/2024\/11\/IMG_20241115_221405-1.jpg\" \/>\n\t\t<script type=\"application\/ld+json\" class=\"aioseo-schema\">\n\t\t\t{\"@context\":\"https:\\\/\\\/schema.org\",\"@graph\":[{\"@type\":\"BlogPosting\",\"@id\":\"https:\\\/\\\/periodicolarepublica.com\\\/index.php\\\/2026\\\/09\\\/03\\\/desarrollo-provincial-y-policia-nacional-coordinan-construccion-de-34-nuevas-estaciones-policiales\\\/#blogposting\",\"name\":\"*Desarrollo Provincial y Polic\\u00eda Nacional coordinan construcci\\u00f3n de 34 nuevas estaciones policiales* - Peri\\u00f3dico La Rep\\u00fablica\",\"headline\":\"*Desarrollo Provincial y Polic\\u00eda Nacional coordinan construcci\\u00f3n de 34 nuevas estaciones policiales*\",\"author\":{\"@id\":\"https:\\\/\\\/periodicolarepublica.com\\\/index.php\\\/author\\\/jonathan-brea\\\/#author\"},\"publisher\":{\"@id\":\"https:\\\/\\\/periodicolarepublica.com\\\/#organization\"},\"image\":{\"@type\":\"ImageObject\",\"url\":\"https:\\\/\\\/periodicolarepublica.com\\\/wp-content\\\/uploads\\\/2026\\\/09\\\/IMG-20260903-WA0464.jpg?v=1788457251\",\"width\":1080,\"height\":734},\"datePublished\":\"2026-09-03T13:41:22-04:00\",\"dateModified\":\"2026-09-03T13:41:22-04:00\",\"inLanguage\":\"es-ES\",\"mainEntityOfPage\":{\"@id\":\"https:\\\/\\\/periodicolarepublica.com\\\/index.php\\\/2026\\\/09\\\/03\\\/desarrollo-provincial-y-policia-nacional-coordinan-construccion-de-34-nuevas-estaciones-policiales\\\/#webpage\"},\"isPartOf\":{\"@id\":\"https:\\\/\\\/periodicolarepublica.com\\\/index.php\\\/2026\\\/09\\\/03\\\/desarrollo-provincial-y-policia-nacional-coordinan-construccion-de-34-nuevas-estaciones-policiales\\\/#webpage\"},\"articleSection\":\"Nacionales, Desarrollo provincial\"},{\"@type\":\"BreadcrumbList\",\"@id\":\"https:\\\/\\\/periodicolarepublica.com\\\/index.php\\\/2026\\\/09\\\/03\\\/desarrollo-provincial-y-policia-nacional-coordinan-construccion-de-34-nuevas-estaciones-policiales\\\/#breadcrumblist\",\"itemListElement\":[{\"@type\":\"ListItem\",\"@id\":\"https:\\\/\\\/periodicolarepublica.com#listItem\",\"position\":1,\"name\":\"Home\",\"item\":\"https:\\\/\\\/periodicolarepublica.com\",\"nextItem\":{\"@type\":\"ListItem\",\"@id\":\"https:\\\/\\\/periodicolarepublica.com\\\/index.php\\\/category\\\/nacionales\\\/#listItem\",\"name\":\"Nacionales\"}},{\"@type\":\"ListItem\",\"@id\":\"https:\\\/\\\/periodicolarepublica.com\\\/index.php\\\/category\\\/nacionales\\\/#listItem\",\"position\":2,\"name\":\"Nacionales\",\"item\":\"https:\\\/\\\/periodicolarepublica.com\\\/index.php\\\/category\\\/nacionales\\\/\",\"nextItem\":{\"@type\":\"ListItem\",\"@id\":\"https:\\\/\\\/periodicolarepublica.com\\\/index.php\\\/2026\\\/09\\\/03\\\/desarrollo-provincial-y-policia-nacional-coordinan-construccion-de-34-nuevas-estaciones-policiales\\\/#listItem\",\"name\":\"*Desarrollo Provincial y Polic\\u00eda Nacional coordinan construcci\\u00f3n de 34 nuevas estaciones policiales*\"},\"previousItem\":{\"@type\":\"ListItem\",\"@id\":\"https:\\\/\\\/periodicolarepublica.com#listItem\",\"name\":\"Home\"}},{\"@type\":\"ListItem\",\"@id\":\"https:\\\/\\\/periodicolarepublica.com\\\/index.php\\\/2026\\\/09\\\/03\\\/desarrollo-provincial-y-policia-nacional-coordinan-construccion-de-34-nuevas-estaciones-policiales\\\/#listItem\",\"position\":3,\"name\":\"*Desarrollo Provincial y Polic\\u00eda Nacional coordinan construcci\\u00f3n de 34 nuevas estaciones policiales*\",\"previousItem\":{\"@type\":\"ListItem\",\"@id\":\"https:\\\/\\\/periodicolarepublica.com\\\/index.php\\\/category\\\/nacionales\\\/#listItem\",\"name\":\"Nacionales\"}}]},{\"@type\":\"Organization\",\"@id\":\"https:\\\/\\\/periodicolarepublica.com\\\/#organization\",\"name\":\"Peri\\u00f3dico La Rep\\u00fablica\",\"description\":\"Peri\\u00f3dico La Rep\\u00fablica Noticias de la Rep\\u00fablica Dominicana Peri\\u00f3dico La Rep\\u00fablica\",\"url\":\"https:\\\/\\\/periodicolarepublica.com\\\/\",\"telephone\":\"+18092157770\",\"logo\":{\"@type\":\"ImageObject\",\"url\":\"https:\\\/\\\/periodicolarepublica.com\\\/wp-content\\\/uploads\\\/2024\\\/11\\\/IMG_20241115_221405-1.jpg\",\"@id\":\"https:\\\/\\\/periodicolarepublica.com\\\/index.php\\\/2026\\\/09\\\/03\\\/desarrollo-provincial-y-policia-nacional-coordinan-construccion-de-34-nuevas-estaciones-policiales\\\/#organizationLogo\",\"width\":707,\"height\":250},\"image\":{\"@id\":\"https:\\\/\\\/periodicolarepublica.com\\\/index.php\\\/2026\\\/09\\\/03\\\/desarrollo-provincial-y-policia-nacional-coordinan-construccion-de-34-nuevas-estaciones-policiales\\\/#organizationLogo\"},\"sameAs\":[\"https:\\\/\\\/www.instagram.com\\\/larepublicaenlaradio\\\/profilecard\\\/?igsh=YXYxam5uY3ZmNWw=\",\"https:\\\/\\\/www.tiktok.com\\\/@larepublica.tv?_t=8rSJEkvSWBT&_r=1\",\"https:\\\/\\\/youtube.com\\\/@larepublicaoficial?si=V21R9IhaZkaiMKCo\"]},{\"@type\":\"Person\",\"@id\":\"https:\\\/\\\/periodicolarepublica.com\\\/index.php\\\/author\\\/jonathan-brea\\\/#author\",\"url\":\"https:\\\/\\\/periodicolarepublica.com\\\/index.php\\\/author\\\/jonathan-brea\\\/\",\"name\":\"Colaborador\",\"image\":{\"@type\":\"ImageObject\",\"@id\":\"https:\\\/\\\/periodicolarepublica.com\\\/index.php\\\/2026\\\/09\\\/03\\\/desarrollo-provincial-y-policia-nacional-coordinan-construccion-de-34-nuevas-estaciones-policiales\\\/#authorImage\",\"url\":\"https:\\\/\\\/secure.gravatar.com\\\/avatar\\\/e83c4f1d6187a69e6618b57617d6f46f?s=96&d=mm&r=g\",\"width\":96,\"height\":96,\"caption\":\"Colaborador\"}},{\"@type\":\"WebPage\",\"@id\":\"https:\\\/\\\/periodicolarepublica.com\\\/index.php\\\/2026\\\/09\\\/03\\\/desarrollo-provincial-y-policia-nacional-coordinan-construccion-de-34-nuevas-estaciones-policiales\\\/#webpage\",\"url\":\"https:\\\/\\\/periodicolarepublica.com\\\/index.php\\\/2026\\\/09\\\/03\\\/desarrollo-provincial-y-policia-nacional-coordinan-construccion-de-34-nuevas-estaciones-policiales\\\/\",\"name\":\"*Desarrollo Provincial y Polic\\u00eda Nacional coordinan construcci\\u00f3n de 34 nuevas estaciones policiales* - Peri\\u00f3dico La Rep\\u00fablica\",\"description\":\"Distrito Nacional.\\u2013 La Direcci\\u00f3n de Desarrollo Provincial y la Polic\\u00eda Nacional coordinaron las acciones t\\u00e9cnicas y administrativas necesarias para la construcci\\u00f3n de 34 nuevas estaciones policiales en distintos puntos del pa\\u00eds. La coordinaci\\u00f3n fue realizada durante una reuni\\u00f3n de trabajo encabezada por el director de Desarrollo Provincial, Jos\\u00e9 And\\u00fajar, y el director general de\",\"inLanguage\":\"es-ES\",\"isPartOf\":{\"@id\":\"https:\\\/\\\/periodicolarepublica.com\\\/#website\"},\"breadcrumb\":{\"@id\":\"https:\\\/\\\/periodicolarepublica.com\\\/index.php\\\/2026\\\/09\\\/03\\\/desarrollo-provincial-y-policia-nacional-coordinan-construccion-de-34-nuevas-estaciones-policiales\\\/#breadcrumblist\"},\"author\":{\"@id\":\"https:\\\/\\\/periodicolarepublica.com\\\/index.php\\\/author\\\/jonathan-brea\\\/#author\"},\"creator\":{\"@id\":\"https:\\\/\\\/periodicolarepublica.com\\\/index.php\\\/author\\\/jonathan-brea\\\/#author\"},\"image\":{\"@type\":\"ImageObject\",\"url\":\"https:\\\/\\\/periodicolarepublica.com\\\/wp-content\\\/uploads\\\/2026\\\/09\\\/IMG-20260903-WA0464.jpg?v=1788457251\",\"@id\":\"https:\\\/\\\/periodicolarepublica.com\\\/index.php\\\/2026\\\/09\\\/03\\\/desarrollo-provincial-y-policia-nacional-coordinan-construccion-de-34-nuevas-estaciones-policiales\\\/#mainImage\",\"width\":1080,\"height\":734},\"primaryImageOfPage\":{\"@id\":\"https:\\\/\\\/periodicolarepublica.com\\\/index.php\\\/2026\\\/09\\\/03\\\/desarrollo-provincial-y-policia-nacional-coordinan-construccion-de-34-nuevas-estaciones-policiales\\\/#mainImage\"},\"datePublished\":\"2026-09-03T13:41:22-04:00\",\"dateModified\":\"2026-09-03T13:41:22-04:00\"},{\"@type\":\"WebSite\",\"@id\":\"https:\\\/\\\/periodicolarepublica.com\\\/#website\",\"url\":\"https:\\\/\\\/periodicolarepublica.com\\\/\",\"name\":\"Periodico La Rep\\u00fablica\",\"alternateName\":\"La Rep\\u00fablica\",\"description\":\"Peri\\u00f3dico La Rep\\u00fablica\",\"inLanguage\":\"es-ES\",\"publisher\":{\"@id\":\"https:\\\/\\\/periodicolarepublica.com\\\/#organization\"}}]}\n\t\t<\/script>\n\t\t<!-- All in One SEO -->\n\n","aioseo_head_json":{"title":"*Desarrollo Provincial y Polic\u00eda Nacional coordinan construcci\u00f3n de 34 nuevas estaciones policiales* - Peri\u00f3dico La Rep\u00fablica","description":"Distrito Nacional.\u2013 La Direcci\u00f3n de Desarrollo Provincial y la Polic\u00eda Nacional coordinaron las acciones t\u00e9cnicas y administrativas necesarias para la construcci\u00f3n de 34 nuevas estaciones policiales en distintos puntos del pa\u00eds. La coordinaci\u00f3n fue realizada durante una reuni\u00f3n de trabajo encabezada por el director de Desarrollo Provincial, Jos\u00e9 And\u00fajar, y el director general de","canonical_url":"https:\/\/periodicolarepublica.com\/index.php\/2026\/09\/03\/desarrollo-provincial-y-policia-nacional-coordinan-construccion-de-34-nuevas-estaciones-policiales\/","robots":"max-image-preview:large","keywords":"","webmasterTools":{"google-site-verification":"9Wp1nLo7xJjAvczUo27LB9Bb_ijQS19BYIu8UBhSXzw","miscellaneous":""},"schema":{"@context":"https:\/\/schema.org","@graph":[{"@type":"BlogPosting","@id":"https:\/\/periodicolarepublica.com\/index.php\/2026\/09\/03\/desarrollo-provincial-y-policia-nacional-coordinan-construccion-de-34-nuevas-estaciones-policiales\/#blogposting","name":"*Desarrollo Provincial y Polic\u00eda Nacional coordinan construcci\u00f3n de 34 nuevas estaciones policiales* - Peri\u00f3dico La Rep\u00fablica","headline":"*Desarrollo Provincial y Polic\u00eda Nacional coordinan construcci\u00f3n de 34 nuevas estaciones policiales*","author":{"@id":"https:\/\/periodicolarepublica.com\/index.php\/author\/jonathan-brea\/#author"},"publisher":{"@id":"https:\/\/periodicolarepublica.com\/#organization"},"image":{"@type":"ImageObject","url":"https:\/\/periodicolarepublica.com\/wp-content\/uploads\/2026\/09\/IMG-20260903-WA0464.jpg?v=1788457251","width":1080,"height":734},"datePublished":"2026-09-03T13:41:22-04:00","dateModified":"2026-09-03T13:41:22-04:00","inLanguage":"es-ES","mainEntityOfPage":{"@id":"https:\/\/periodicolarepublica.com\/index.php\/2026\/09\/03\/desarrollo-provincial-y-policia-nacional-coordinan-construccion-de-34-nuevas-estaciones-policiales\/#webpage"},"isPartOf":{"@id":"https:\/\/periodicolarepublica.com\/index.php\/2026\/09\/03\/desarrollo-provincial-y-policia-nacional-coordinan-construccion-de-34-nuevas-estaciones-policiales\/#webpage"},"articleSection":"Nacionales, Desarrollo provincial"},{"@type":"BreadcrumbList","@id":"https:\/\/periodicolarepublica.com\/index.php\/2026\/09\/03\/desarrollo-provincial-y-policia-nacional-coordinan-construccion-de-34-nuevas-estaciones-policiales\/#breadcrumblist","itemListElement":[{"@type":"ListItem","@id":"https:\/\/periodicolarepublica.com#listItem","position":1,"name":"Home","item":"https:\/\/periodicolarepublica.com","nextItem":{"@type":"ListItem","@id":"https:\/\/periodicolarepublica.com\/index.php\/category\/nacionales\/#listItem","name":"Nacionales"}},{"@type":"ListItem","@id":"https:\/\/periodicolarepublica.com\/index.php\/category\/nacionales\/#listItem","position":2,"name":"Nacionales","item":"https:\/\/periodicolarepublica.com\/index.php\/category\/nacionales\/","nextItem":{"@type":"ListItem","@id":"https:\/\/periodicolarepublica.com\/index.php\/2026\/09\/03\/desarrollo-provincial-y-policia-nacional-coordinan-construccion-de-34-nuevas-estaciones-policiales\/#listItem","name":"*Desarrollo Provincial y Polic\u00eda Nacional coordinan construcci\u00f3n de 34 nuevas estaciones policiales*"},"previousItem":{"@type":"ListItem","@id":"https:\/\/periodicolarepublica.com#listItem","name":"Home"}},{"@type":"ListItem","@id":"https:\/\/periodicolarepublica.com\/index.php\/2026\/09\/03\/desarrollo-provincial-y-policia-nacional-coordinan-construccion-de-34-nuevas-estaciones-policiales\/#listItem","position":3,"name":"*Desarrollo Provincial y Polic\u00eda Nacional coordinan construcci\u00f3n de 34 nuevas estaciones policiales*","previousItem":{"@type":"ListItem","@id":"https:\/\/periodicolarepublica.com\/index.php\/category\/nacionales\/#listItem","name":"Nacionales"}}]},{"@type":"Organization","@id":"https:\/\/periodicolarepublica.com\/#organization","name":"Peri\u00f3dico La Rep\u00fablica","description":"Peri\u00f3dico La Rep\u00fablica Noticias de la Rep\u00fablica Dominicana Peri\u00f3dico La Rep\u00fablica","url":"https:\/\/periodicolarepublica.com\/","telephone":"+18092157770","logo":{"@type":"ImageObject","url":"https:\/\/periodicolarepublica.com\/wp-content\/uploads\/2024\/11\/IMG_20241115_221405-1.jpg","@id":"https:\/\/periodicolarepublica.com\/index.php\/2026\/09\/03\/desarrollo-provincial-y-policia-nacional-coordinan-construccion-de-34-nuevas-estaciones-policiales\/#organizationLogo","width":707,"height":250},"image":{"@id":"https:\/\/periodicolarepublica.com\/index.php\/2026\/09\/03\/desarrollo-provincial-y-policia-nacional-coordinan-construccion-de-34-nuevas-estaciones-policiales\/#organizationLogo"},"sameAs":["https:\/\/www.instagram.com\/larepublicaenlaradio\/profilecard\/?igsh=YXYxam5uY3ZmNWw=","https:\/\/www.tiktok.com\/@larepublica.tv?_t=8rSJEkvSWBT&_r=1","https:\/\/youtube.com\/@larepublicaoficial?si=V21R9IhaZkaiMKCo"]},{"@type":"Person","@id":"https:\/\/periodicolarepublica.com\/index.php\/author\/jonathan-brea\/#author","url":"https:\/\/periodicolarepublica.com\/index.php\/author\/jonathan-brea\/","name":"Colaborador","image":{"@type":"ImageObject","@id":"https:\/\/periodicolarepublica.com\/index.php\/2026\/09\/03\/desarrollo-provincial-y-policia-nacional-coordinan-construccion-de-34-nuevas-estaciones-policiales\/#authorImage","url":"https:\/\/secure.gravatar.com\/avatar\/e83c4f1d6187a69e6618b57617d6f46f?s=96&d=mm&r=g","width":96,"height":96,"caption":"Colaborador"}},{"@type":"WebPage","@id":"https:\/\/periodicolarepublica.com\/index.php\/2026\/09\/03\/desarrollo-provincial-y-policia-nacional-coordinan-construccion-de-34-nuevas-estaciones-policiales\/#webpage","url":"https:\/\/periodicolarepublica.com\/index.php\/2026\/09\/03\/desarrollo-provincial-y-policia-nacional-coordinan-construccion-de-34-nuevas-estaciones-policiales\/","name":"*Desarrollo Provincial y Polic\u00eda Nacional coordinan construcci\u00f3n de 34 nuevas estaciones policiales* - Peri\u00f3dico La Rep\u00fablica","description":"Distrito Nacional.\u2013 La Direcci\u00f3n de Desarrollo Provincial y la Polic\u00eda Nacional coordinaron las acciones t\u00e9cnicas y administrativas necesarias para la construcci\u00f3n de 34 nuevas estaciones policiales en distintos puntos del pa\u00eds. La coordinaci\u00f3n fue realizada durante una reuni\u00f3n de trabajo encabezada por el director de Desarrollo Provincial, Jos\u00e9 And\u00fajar, y el director general de","inLanguage":"es-ES","isPartOf":{"@id":"https:\/\/periodicolarepublica.com\/#website"},"breadcrumb":{"@id":"https:\/\/periodicolarepublica.com\/index.php\/2026\/09\/03\/desarrollo-provincial-y-policia-nacional-coordinan-construccion-de-34-nuevas-estaciones-policiales\/#breadcrumblist"},"author":{"@id":"https:\/\/periodicolarepublica.com\/index.php\/author\/jonathan-brea\/#author"},"creator":{"@id":"https:\/\/periodicolarepublica.com\/index.php\/author\/jonathan-brea\/#author"},"image":{"@type":"ImageObject","url":"https:\/\/periodicolarepublica.com\/wp-content\/uploads\/2026\/09\/IMG-20260903-WA0464.jpg?v=1788457251","@id":"https:\/\/periodicolarepublica.com\/index.php\/2026\/09\/03\/desarrollo-provincial-y-policia-nacional-coordinan-construccion-de-34-nuevas-estaciones-policiales\/#mainImage","width":1080,"height":734},"primaryImageOfPage":{"@id":"https:\/\/periodicolarepublica.com\/index.php\/2026\/09\/03\/desarrollo-provincial-y-policia-nacional-coordinan-construccion-de-34-nuevas-estaciones-policiales\/#mainImage"},"datePublished":"2026-09-03T13:41:22-04:00","dateModified":"2026-09-03T13:41:22-04:00"},{"@type":"WebSite","@id":"https:\/\/periodicolarepublica.com\/#website","url":"https:\/\/periodicolarepublica.com\/","name":"Periodico La Rep\u00fablica","alternateName":"La Rep\u00fablica","description":"Peri\u00f3dico La Rep\u00fablica","inLanguage":"es-ES","publisher":{"@id":"https:\/\/periodicolarepublica.com\/#organization"}}]},"og:locale":"es_ES","og:site_name":"Peri\u00f3dico La Rep\u00fablica - Peri\u00f3dico La Rep\u00fablica","og:type":"article","og:title":"*Desarrollo Provincial y Polic\u00eda Nacional coordinan construcci\u00f3n de 34 nuevas estaciones policiales* - Peri\u00f3dico La Rep\u00fablica","og:description":"Distrito Nacional.\u2013 La Direcci\u00f3n de Desarrollo Provincial y la Polic\u00eda Nacional coordinaron las acciones t\u00e9cnicas y administrativas necesarias para la construcci\u00f3n de 34 nuevas estaciones policiales en distintos puntos del pa\u00eds. La coordinaci\u00f3n fue realizada durante una reuni\u00f3n de trabajo encabezada por el director de Desarrollo Provincial, Jos\u00e9 And\u00fajar, y el director general de","og:url":"https:\/\/periodicolarepublica.com\/index.php\/2026\/09\/03\/desarrollo-provincial-y-policia-nacional-coordinan-construccion-de-34-nuevas-estaciones-policiales\/","og:image":"https:\/\/periodicolarepublica.com\/wp-content\/uploads\/2024\/11\/IMG_20241115_221405-1.jpg","og:image:secure_url":"https:\/\/periodicolarepublica.com\/wp-content\/uploads\/2024\/11\/IMG_20241115_221405-1.jpg","og:image:width":707,"og:image:height":250,"article:published_time":"2026-09-03T17:41:22+00:00","article:modified_time":"2026-09-03T17:41:22+00:00","twitter:card":"summary_large_image","twitter:title":"*Desarrollo Provincial y Polic\u00eda Nacional coordinan construcci\u00f3n de 34 nuevas estaciones policiales* - Peri\u00f3dico La Rep\u00fablica","twitter:description":"Distrito Nacional.\u2013 La Direcci\u00f3n de Desarrollo Provincial y la Polic\u00eda Nacional coordinaron las acciones t\u00e9cnicas y administrativas necesarias para la construcci\u00f3n de 34 nuevas estaciones policiales en distintos puntos del pa\u00eds. La coordinaci\u00f3n fue realizada durante una reuni\u00f3n de trabajo encabezada por el director de Desarrollo Provincial, Jos\u00e9 And\u00fajar, y el director general de","twitter:image":"https:\/\/periodicolarepublica.com\/wp-content\/uploads\/2024\/11\/IMG_20241115_221405-1.jpg"},"aioseo_meta_data":{"post_id":"6650","title":null,"description":null,"keywords":null,"keyphrases":{"focus":{"keyphrase":"","score":0,"analysis":{"keyphraseInTitle":{"score":0,"maxScore":9,"error":1}}},"additional":[]},"primary_term":null,"canonical_url":null,"og_title":null,"og_description":null,"og_object_type":"default","og_image_type":"default","og_image_url":null,"og_image_width":null,"og_image_height":null,"og_image_custom_url":null,"og_image_custom_fields":null,"og_video":"","og_custom_url":null,"og_article_section":null,"og_article_tags":null,"twitter_use_og":false,"twitter_card":"default","twitter_image_type":"default","twitter_image_url":null,"twitter_image_custom_url":null,"twitter_image_custom_fields":null,"twitter_title":null,"twitter_description":null,"schema":{"blockGraphs":[],"customGraphs":[],"default":{"data":{"Article":[],"Course":[],"Dataset":[],"FAQPage":[],"Movie":[],"Person":[],"Product":[],"ProductReview":[],"Car":[],"Recipe":[],"Service":[],"SoftwareApplication":[],"WebPage":[]},"graphName":"BlogPosting","isEnabled":true},"graphs":[]},"schema_type":"default","schema_type_options":null,"pillar_content":false,"robots_default":true,"robots_noindex":false,"robots_noarchive":false,"robots_nosnippet":false,"robots_nofollow":false,"robots_noimageindex":false,"robots_noodp":false,"robots_notranslate":false,"robots_max_snippet":"-1","robots_max_videopreview":"-1","robots_max_imagepreview":"large","priority":null,"frequency":"default","local_seo":null,"breadcrumb_settings":null,"limit_modified_date":false,"ai":{"faqs":[],"keyPoints":[],"schemas":[],"titles":[],"descriptions":[],"socialPosts":{"email":{"subject":"","preview":"","content":""},"linkedin":[],"twitter":[],"facebook":[],"instagram":[]}},"created":"2026-09-03 17:41:23","updated":"2026-09-03 17:42:04","seo_analyzer_scan_date":null},"aioseo_breadcrumb":"<div class=\"aioseo-breadcrumbs\"><span class=\"aioseo-breadcrumb\">\n\t\t\t<a href=\"https:\/\/periodicolarepublica.com\" title=\"Home\">Home<\/a>\n\t\t<\/span><span class=\"aioseo-breadcrumb-separator\">&raquo;<\/span><span class=\"aioseo-breadcrumb\">\n\t\t\t<a href=\"https:\/\/periodicolarepublica.com\/index.php\/category\/nacionales\/\" title=\"Nacionales\">Nacionales<\/a>\n\t\t<\/span><span class=\"aioseo-breadcrumb-separator\">&raquo;<\/span><span class=\"aioseo-breadcrumb\">\n\t\t\t*Desarrollo Provincial y Polic\u00eda Nacional coordinan construcci\u00f3n de 34 nuevas estaciones policiales*\n\t\t<\/span><\/div>","aioseo_breadcrumb_json":[{"label":"Home","link":"https:\/\/periodicolarepublica.com"},{"label":"Nacionales","link":"https:\/\/periodicolarepublica.com\/index.php\/category\/nacionales\/"},{"label":"*Desarrollo Provincial y Polic\u00eda Nacional coordinan construcci\u00f3n de 34 nuevas estaciones policiales*","link":"https:\/\/periodicolarepublica.com\/index.php\/2026\/09\/03\/desarrollo-provincial-y-policia-nacional-coordinan-construccion-de-34-nuevas-estaciones-policiales\/"}],"_links":{"self":[{"href":"https:\/\/periodicolarepublica.com\/index.php\/wp-json\/wp\/v2\/posts\/6650","targetHints":{"allow":["GET"]}}],"collection":[{"href":"https:\/\/periodicolarepublica.com\/index.php\/wp-json\/wp\/v2\/posts"}],"about":[{"href":"https:\/\/periodicolarepublica.com\/index.php\/wp-json\/wp\/v2\/types\/post"}],"author":[{"embeddable":true,"href":"https:\/\/periodicolarepublica.com\/index.php\/wp-json\/wp\/v2\/users\/10"}],"replies":[{"embeddable":true,"href":"https:\/\/periodicolarepublica.com\/index.php\/wp-json\/wp\/v2\/comments?post=6650"}],"version-history":[{"count":1,"href":"https:\/\/periodicolarepublica.com\/index.php\/wp-json\/wp\/v2\/posts\/6650\/revisions"}],"predecessor-version":[{"id":6652,"href":"https:\/\/periodicolarepublica.com\/index.php\/wp-json\/wp\/v2\/posts\/6650\/revisions\/6652"}],"wp:featuredmedia":[{"embeddable":true,"href":"https:\/\/periodicolarepublica.com\/index.php\/wp-json\/wp\/v2\/media\/6651"}],"wp:attachment":[{"href":"https:\/\/periodicolarepublica.com\/index.php\/wp-json\/wp\/v2\/media?parent=6650"}],"wp:term":[{"taxonomy":"category","embeddable":true,"href":"https:\/\/periodicolarepublica.com\/index.php\/wp-json\/wp\/v2\/categories?post=6650"},{"taxonomy":"post_tag","embeddable":true,"href":"https:\/\/periodicolarepublica.com\/index.php\/wp-json\/wp\/v2\/tags?post=6650"}],"curies":[{"name":"wp","href":"https:\/\/api.w.org\/{rel}","templated":true}]}}