{"id":6653,"date":"2026-09-04T12:09:19","date_gmt":"2026-09-04T16:09:19","guid":{"rendered":"https:\/\/periodicolarepublica.com\/?p=6653"},"modified":"2026-09-04T12:09:19","modified_gmt":"2026-09-04T16:09:19","slug":"ministerio-de-educacion-se-suma-al-simulacro-nacional-de-evacuacion-por-terremoto-2026","status":"publish","type":"post","link":"https:\/\/periodicolarepublica.com\/index.php\/2026\/09\/04\/ministerio-de-educacion-se-suma-al-simulacro-nacional-de-evacuacion-por-terremoto-2026\/","title":{"rendered":"Ministerio de Educaci\u00f3n se suma al Simulacro Nacional de Evacuaci\u00f3n por Terremoto 2026"},"content":{"rendered":"<p>*Ministerio de Educaci\u00f3n se suma al Simulacro Nacional de Evacuaci\u00f3n por Terremoto 2026*<\/p>\n<p>&nbsp;<\/p>\n<p>&nbsp;<\/p>\n<p>_Las 18 Regionales Educativas, los 122 Distritos y las instituciones descentralizadas participar\u00e1n en el Simulacro convocado por el COE el pr\u00f3ximo martes 8 de septiembre, a las 10:00 de la ma\u00f1ana._<\/p>\n<p>&nbsp;<\/p>\n<p>&nbsp;<\/p>\n<p>&nbsp;<\/p>\n<p>El Ministerio de Educaci\u00f3n inform\u00f3 que todos los centros educativos p\u00fablicos del pa\u00eds, las 18 Regionales Educativas, los 122 Distritos y las instituciones descentralizadas participar\u00e1n en el Simulacro Nacional de Evacuaci\u00f3n por Terremoto, convocado por el Centro de Operaciones de Emergencias (COE), para el pr\u00f3ximo martes 8 de septiembre del 2026, a las 10:00 de la ma\u00f1ana.<\/p>\n<p>&nbsp;<\/p>\n<p>El ejercicio tiene como prop\u00f3sito fortalecer la preparaci\u00f3n, organizaci\u00f3n y capacidad de respuesta de la comunidad educativa ante la eventual ocurrencia de un terremoto u otra situaci\u00f3n de emergencia que requiera la evacuaci\u00f3n de los centros escolares.<\/p>\n<p>&nbsp;<\/p>\n<p>El Ministerio precis\u00f3 que este simulacro se desarrolla por instrucciones del presidente Luis Abinader como parte de las acciones de preparaci\u00f3n integral que impulsa el Gobierno para fortalecer las capacidades de prevenci\u00f3n, respuesta y recuperaci\u00f3n ante la ocurrencia de un terremoto de gran magnitud.<\/p>\n<p>&nbsp;<\/p>\n<p>La participaci\u00f3n del sistema educativo nacional en este tipo de eventos forma parte de las acciones que desarrolla el Ministerio de Educaci\u00f3n para promover una cultura de prevenci\u00f3n y gesti\u00f3n del riesgo, mediante la preparaci\u00f3n de estudiantes, docentes, personal administrativo y dem\u00e1s integrantes de la comunidad educativa para actuar de manera organizada y segura ante situaciones de emergencia.<\/p>\n<p>&nbsp;<\/p>\n<p>Esta jornada se suma a las acciones de evaluaci\u00f3n y levantamiento de las condiciones de las infraestructuras escolares que realiza el Ministerio a nivel nacional, con el objetivo de identificar condiciones de vulnerabilidad y contribuir al fortalecimiento de la seguridad en los centros educativos.<\/p>\n<p>&nbsp;<\/p>\n<p>El Ministerio de Educaci\u00f3n reiter\u00f3 a toda la comunidad educativa participar en el simulacro, que permite evaluar los mecanismos de respuesta, identificar oportunidades de mejora y reforzar las medidas de prevenci\u00f3n frente a fen\u00f3menos naturales.<\/p>\n<p>&nbsp;<\/p>\n<p>Los detalles sobre el simulacro fueron ofrecidos durante una rueda de prensa celebrada en el Sal\u00f3n Verde del Palacio Nacional, encabezada por el ministro administrativo de la Presidencia, Andr\u00e9s Bautista, junto a Edwin Olivares, director del Centro de Operaciones de Emergencias (COE) y Carlos Paulino, director de la Defensa Civil.<\/p>\n<p>&nbsp;<\/p>\n<p>*Direcci\u00f3n de Comunicaciones*<\/p>\n<p>&nbsp;<\/p>\n<figure id=\"attachment_4486\" aria-describedby=\"caption-attachment-4486\" style=\"width: 300px\" class=\"wp-caption alignnone\"><img loading=\"lazy\" decoding=\"async\" class=\"size-medium wp-image-4486\" src=\"https:\/\/periodicolarepublica.com\/wp-content\/uploads\/2025\/11\/RegularizacionTecnicosDocentes202202-e1764506767153-300x278.png\" alt=\"\" width=\"300\" height=\"278\" srcset=\"https:\/\/periodicolarepublica.com\/wp-content\/uploads\/2025\/11\/RegularizacionTecnicosDocentes202202-e1764506767153-300x278.png 300w, https:\/\/periodicolarepublica.com\/wp-content\/uploads\/2025\/11\/RegularizacionTecnicosDocentes202202-e1764506767153-150x139.png 150w, https:\/\/periodicolarepublica.com\/wp-content\/uploads\/2025\/11\/RegularizacionTecnicosDocentes202202-e1764506767153-600x557.png 600w, https:\/\/periodicolarepublica.com\/wp-content\/uploads\/2025\/11\/RegularizacionTecnicosDocentes202202-e1764506767153-648x603.png 648w, https:\/\/periodicolarepublica.com\/wp-content\/uploads\/2025\/11\/RegularizacionTecnicosDocentes202202-e1764506767153.png 650w\" sizes=\"auto, (max-width: 300px) 100vw, 300px\" \/><figcaption id=\"caption-attachment-4486\" class=\"wp-caption-text\">Minerd<\/figcaption><\/figure>\n","protected":false},"excerpt":{"rendered":"<p>*Ministerio de Educaci\u00f3n se suma al Simulacro Nacional de Evacuaci\u00f3n por Terremoto 2026* &nbsp; &nbsp; _Las 18 Regionales Educativas, los 122 Distritos y las instituciones descentralizadas participar\u00e1n en el Simulacro convocado por el COE el pr\u00f3ximo martes 8 de septiembre, a las 10:00 de la ma\u00f1ana._ &nbsp; &nbsp; &nbsp; El Ministerio de Educaci\u00f3n inform\u00f3 que [&hellip;]<\/p>\n","protected":false},"author":6,"featured_media":4486,"comment_status":"open","ping_status":"open","sticky":false,"template":"","format":"standard","meta":{"om_disable_all_campaigns":false,"_monsterinsights_skip_tracking":false,"footnotes":""},"categories":[1],"tags":[],"class_list":{"0":"post-6653","1":"post","2":"type-post","3":"status-publish","4":"format-standard","5":"has-post-thumbnail","7":"category-nacionales"},"aioseo_notices":[],"aioseo_head":"\n\t\t<!-- All in One SEO 4.9.10 - aioseo.com -->\n\t<meta name=\"description\" content=\"*Ministerio de Educaci\u00f3n se suma al Simulacro Nacional de Evacuaci\u00f3n por Terremoto 2026* _Las 18 Regionales Educativas, los 122 Distritos y las instituciones descentralizadas participar\u00e1n en el Simulacro convocado por el COE el pr\u00f3ximo martes 8 de septiembre, a las 10:00 de la ma\u00f1ana._ El Ministerio de Educaci\u00f3n inform\u00f3 que\" \/>\n\t<meta name=\"robots\" content=\"max-image-preview:large\" \/>\n\t<meta name=\"author\" content=\"Fuente Externa\"\/>\n\t<meta name=\"google-site-verification\" content=\"9Wp1nLo7xJjAvczUo27LB9Bb_ijQS19BYIu8UBhSXzw\" \/>\n\t<link rel=\"canonical\" href=\"https:\/\/periodicolarepublica.com\/index.php\/2026\/09\/04\/ministerio-de-educacion-se-suma-al-simulacro-nacional-de-evacuacion-por-terremoto-2026\/\" \/>\n\t<meta name=\"generator\" content=\"All in One SEO (AIOSEO) 4.9.10\" \/>\n\t\t<meta property=\"og:locale\" content=\"es_ES\" \/>\n\t\t<meta property=\"og:site_name\" content=\"Peri\u00f3dico La Rep\u00fablica - Peri\u00f3dico La Rep\u00fablica\" \/>\n\t\t<meta property=\"og:type\" content=\"article\" \/>\n\t\t<meta property=\"og:title\" content=\"Ministerio de Educaci\u00f3n se suma al Simulacro Nacional de Evacuaci\u00f3n por Terremoto 2026 - Peri\u00f3dico La Rep\u00fablica\" \/>\n\t\t<meta property=\"og:description\" content=\"*Ministerio de Educaci\u00f3n se suma al Simulacro Nacional de Evacuaci\u00f3n por Terremoto 2026* _Las 18 Regionales Educativas, los 122 Distritos y las instituciones descentralizadas participar\u00e1n en el Simulacro convocado por el COE el pr\u00f3ximo martes 8 de septiembre, a las 10:00 de la ma\u00f1ana._ El Ministerio de Educaci\u00f3n inform\u00f3 que\" \/>\n\t\t<meta property=\"og:url\" content=\"https:\/\/periodicolarepublica.com\/index.php\/2026\/09\/04\/ministerio-de-educacion-se-suma-al-simulacro-nacional-de-evacuacion-por-terremoto-2026\/\" \/>\n\t\t<meta property=\"og:image\" content=\"https:\/\/periodicolarepublica.com\/wp-content\/uploads\/2024\/11\/IMG_20241115_221405-1.jpg\" \/>\n\t\t<meta property=\"og:image:secure_url\" content=\"https:\/\/periodicolarepublica.com\/wp-content\/uploads\/2024\/11\/IMG_20241115_221405-1.jpg\" \/>\n\t\t<meta property=\"og:image:width\" content=\"707\" \/>\n\t\t<meta property=\"og:image:height\" content=\"250\" \/>\n\t\t<meta property=\"article:published_time\" content=\"2026-09-04T16:09:19+00:00\" \/>\n\t\t<meta property=\"article:modified_time\" content=\"2026-09-04T16:09:19+00:00\" \/>\n\t\t<meta name=\"twitter:card\" content=\"summary_large_image\" \/>\n\t\t<meta name=\"twitter:title\" content=\"Ministerio de Educaci\u00f3n se suma al Simulacro Nacional de Evacuaci\u00f3n por Terremoto 2026 - Peri\u00f3dico La Rep\u00fablica\" \/>\n\t\t<meta name=\"twitter:description\" content=\"*Ministerio de Educaci\u00f3n se suma al Simulacro Nacional de Evacuaci\u00f3n por Terremoto 2026* _Las 18 Regionales Educativas, los 122 Distritos y las instituciones descentralizadas participar\u00e1n en el Simulacro convocado por el COE el pr\u00f3ximo martes 8 de septiembre, a las 10:00 de la ma\u00f1ana._ El Ministerio de Educaci\u00f3n inform\u00f3 que\" \/>\n\t\t<meta name=\"twitter:image\" content=\"https:\/\/periodicolarepublica.com\/wp-content\/uploads\/2024\/11\/IMG_20241115_221405-1.jpg\" \/>\n\t\t<script type=\"application\/ld+json\" class=\"aioseo-schema\">\n\t\t\t{\"@context\":\"https:\\\/\\\/schema.org\",\"@graph\":[{\"@type\":\"BlogPosting\",\"@id\":\"https:\\\/\\\/periodicolarepublica.com\\\/index.php\\\/2026\\\/09\\\/04\\\/ministerio-de-educacion-se-suma-al-simulacro-nacional-de-evacuacion-por-terremoto-2026\\\/#blogposting\",\"name\":\"Ministerio de Educaci\\u00f3n se suma al Simulacro Nacional de Evacuaci\\u00f3n por Terremoto 2026 - Peri\\u00f3dico La Rep\\u00fablica\",\"headline\":\"Ministerio de Educaci\\u00f3n se suma al Simulacro Nacional de Evacuaci\\u00f3n por Terremoto 2026\",\"author\":{\"@id\":\"https:\\\/\\\/periodicolarepublica.com\\\/index.php\\\/author\\\/redaccion\\\/#author\"},\"publisher\":{\"@id\":\"https:\\\/\\\/periodicolarepublica.com\\\/#organization\"},\"image\":{\"@type\":\"ImageObject\",\"url\":\"https:\\\/\\\/periodicolarepublica.com\\\/wp-content\\\/uploads\\\/2025\\\/11\\\/RegularizacionTecnicosDocentes202202-e1764506767153.png\",\"width\":650,\"height\":603,\"caption\":\"Mimerd\"},\"datePublished\":\"2026-09-04T12:09:19-04:00\",\"dateModified\":\"2026-09-04T12:09:19-04:00\",\"inLanguage\":\"es-ES\",\"mainEntityOfPage\":{\"@id\":\"https:\\\/\\\/periodicolarepublica.com\\\/index.php\\\/2026\\\/09\\\/04\\\/ministerio-de-educacion-se-suma-al-simulacro-nacional-de-evacuacion-por-terremoto-2026\\\/#webpage\"},\"isPartOf\":{\"@id\":\"https:\\\/\\\/periodicolarepublica.com\\\/index.php\\\/2026\\\/09\\\/04\\\/ministerio-de-educacion-se-suma-al-simulacro-nacional-de-evacuacion-por-terremoto-2026\\\/#webpage\"},\"articleSection\":\"Nacionales\"},{\"@type\":\"BreadcrumbList\",\"@id\":\"https:\\\/\\\/periodicolarepublica.com\\\/index.php\\\/2026\\\/09\\\/04\\\/ministerio-de-educacion-se-suma-al-simulacro-nacional-de-evacuacion-por-terremoto-2026\\\/#breadcrumblist\",\"itemListElement\":[{\"@type\":\"ListItem\",\"@id\":\"https:\\\/\\\/periodicolarepublica.com#listItem\",\"position\":1,\"name\":\"Home\",\"item\":\"https:\\\/\\\/periodicolarepublica.com\",\"nextItem\":{\"@type\":\"ListItem\",\"@id\":\"https:\\\/\\\/periodicolarepublica.com\\\/index.php\\\/category\\\/nacionales\\\/#listItem\",\"name\":\"Nacionales\"}},{\"@type\":\"ListItem\",\"@id\":\"https:\\\/\\\/periodicolarepublica.com\\\/index.php\\\/category\\\/nacionales\\\/#listItem\",\"position\":2,\"name\":\"Nacionales\",\"item\":\"https:\\\/\\\/periodicolarepublica.com\\\/index.php\\\/category\\\/nacionales\\\/\",\"nextItem\":{\"@type\":\"ListItem\",\"@id\":\"https:\\\/\\\/periodicolarepublica.com\\\/index.php\\\/2026\\\/09\\\/04\\\/ministerio-de-educacion-se-suma-al-simulacro-nacional-de-evacuacion-por-terremoto-2026\\\/#listItem\",\"name\":\"Ministerio de Educaci\\u00f3n se suma al Simulacro Nacional de Evacuaci\\u00f3n por Terremoto 2026\"},\"previousItem\":{\"@type\":\"ListItem\",\"@id\":\"https:\\\/\\\/periodicolarepublica.com#listItem\",\"name\":\"Home\"}},{\"@type\":\"ListItem\",\"@id\":\"https:\\\/\\\/periodicolarepublica.com\\\/index.php\\\/2026\\\/09\\\/04\\\/ministerio-de-educacion-se-suma-al-simulacro-nacional-de-evacuacion-por-terremoto-2026\\\/#listItem\",\"position\":3,\"name\":\"Ministerio de Educaci\\u00f3n se suma al Simulacro Nacional de Evacuaci\\u00f3n por Terremoto 2026\",\"previousItem\":{\"@type\":\"ListItem\",\"@id\":\"https:\\\/\\\/periodicolarepublica.com\\\/index.php\\\/category\\\/nacionales\\\/#listItem\",\"name\":\"Nacionales\"}}]},{\"@type\":\"Organization\",\"@id\":\"https:\\\/\\\/periodicolarepublica.com\\\/#organization\",\"name\":\"Peri\\u00f3dico La Rep\\u00fablica\",\"description\":\"Peri\\u00f3dico La Rep\\u00fablica Noticias de la Rep\\u00fablica Dominicana Peri\\u00f3dico La Rep\\u00fablica\",\"url\":\"https:\\\/\\\/periodicolarepublica.com\\\/\",\"telephone\":\"+18092157770\",\"logo\":{\"@type\":\"ImageObject\",\"url\":\"https:\\\/\\\/periodicolarepublica.com\\\/wp-content\\\/uploads\\\/2024\\\/11\\\/IMG_20241115_221405-1.jpg\",\"@id\":\"https:\\\/\\\/periodicolarepublica.com\\\/index.php\\\/2026\\\/09\\\/04\\\/ministerio-de-educacion-se-suma-al-simulacro-nacional-de-evacuacion-por-terremoto-2026\\\/#organizationLogo\",\"width\":707,\"height\":250},\"image\":{\"@id\":\"https:\\\/\\\/periodicolarepublica.com\\\/index.php\\\/2026\\\/09\\\/04\\\/ministerio-de-educacion-se-suma-al-simulacro-nacional-de-evacuacion-por-terremoto-2026\\\/#organizationLogo\"},\"sameAs\":[\"https:\\\/\\\/www.instagram.com\\\/larepublicaenlaradio\\\/profilecard\\\/?igsh=YXYxam5uY3ZmNWw=\",\"https:\\\/\\\/www.tiktok.com\\\/@larepublica.tv?_t=8rSJEkvSWBT&_r=1\",\"https:\\\/\\\/youtube.com\\\/@larepublicaoficial?si=V21R9IhaZkaiMKCo\"]},{\"@type\":\"Person\",\"@id\":\"https:\\\/\\\/periodicolarepublica.com\\\/index.php\\\/author\\\/redaccion\\\/#author\",\"url\":\"https:\\\/\\\/periodicolarepublica.com\\\/index.php\\\/author\\\/redaccion\\\/\",\"name\":\"Fuente Externa\",\"image\":{\"@type\":\"ImageObject\",\"@id\":\"https:\\\/\\\/periodicolarepublica.com\\\/index.php\\\/2026\\\/09\\\/04\\\/ministerio-de-educacion-se-suma-al-simulacro-nacional-de-evacuacion-por-terremoto-2026\\\/#authorImage\",\"url\":\"https:\\\/\\\/secure.gravatar.com\\\/avatar\\\/ed2df04b0eded81171fc04ee95e85b07?s=96&d=mm&r=g\",\"width\":96,\"height\":96,\"caption\":\"Fuente Externa\"}},{\"@type\":\"WebPage\",\"@id\":\"https:\\\/\\\/periodicolarepublica.com\\\/index.php\\\/2026\\\/09\\\/04\\\/ministerio-de-educacion-se-suma-al-simulacro-nacional-de-evacuacion-por-terremoto-2026\\\/#webpage\",\"url\":\"https:\\\/\\\/periodicolarepublica.com\\\/index.php\\\/2026\\\/09\\\/04\\\/ministerio-de-educacion-se-suma-al-simulacro-nacional-de-evacuacion-por-terremoto-2026\\\/\",\"name\":\"Ministerio de Educaci\\u00f3n se suma al Simulacro Nacional de Evacuaci\\u00f3n por Terremoto 2026 - Peri\\u00f3dico La Rep\\u00fablica\",\"description\":\"*Ministerio de Educaci\\u00f3n se suma al Simulacro Nacional de Evacuaci\\u00f3n por Terremoto 2026* _Las 18 Regionales Educativas, los 122 Distritos y las instituciones descentralizadas participar\\u00e1n en el Simulacro convocado por el COE el pr\\u00f3ximo martes 8 de septiembre, a las 10:00 de la ma\\u00f1ana._ El Ministerio de Educaci\\u00f3n inform\\u00f3 que\",\"inLanguage\":\"es-ES\",\"isPartOf\":{\"@id\":\"https:\\\/\\\/periodicolarepublica.com\\\/#website\"},\"breadcrumb\":{\"@id\":\"https:\\\/\\\/periodicolarepublica.com\\\/index.php\\\/2026\\\/09\\\/04\\\/ministerio-de-educacion-se-suma-al-simulacro-nacional-de-evacuacion-por-terremoto-2026\\\/#breadcrumblist\"},\"author\":{\"@id\":\"https:\\\/\\\/periodicolarepublica.com\\\/index.php\\\/author\\\/redaccion\\\/#author\"},\"creator\":{\"@id\":\"https:\\\/\\\/periodicolarepublica.com\\\/index.php\\\/author\\\/redaccion\\\/#author\"},\"image\":{\"@type\":\"ImageObject\",\"url\":\"https:\\\/\\\/periodicolarepublica.com\\\/wp-content\\\/uploads\\\/2025\\\/11\\\/RegularizacionTecnicosDocentes202202-e1764506767153.png\",\"@id\":\"https:\\\/\\\/periodicolarepublica.com\\\/index.php\\\/2026\\\/09\\\/04\\\/ministerio-de-educacion-se-suma-al-simulacro-nacional-de-evacuacion-por-terremoto-2026\\\/#mainImage\",\"width\":650,\"height\":603,\"caption\":\"Mimerd\"},\"primaryImageOfPage\":{\"@id\":\"https:\\\/\\\/periodicolarepublica.com\\\/index.php\\\/2026\\\/09\\\/04\\\/ministerio-de-educacion-se-suma-al-simulacro-nacional-de-evacuacion-por-terremoto-2026\\\/#mainImage\"},\"datePublished\":\"2026-09-04T12:09:19-04:00\",\"dateModified\":\"2026-09-04T12:09:19-04:00\"},{\"@type\":\"WebSite\",\"@id\":\"https:\\\/\\\/periodicolarepublica.com\\\/#website\",\"url\":\"https:\\\/\\\/periodicolarepublica.com\\\/\",\"name\":\"Periodico La Rep\\u00fablica\",\"alternateName\":\"La Rep\\u00fablica\",\"description\":\"Peri\\u00f3dico La Rep\\u00fablica\",\"inLanguage\":\"es-ES\",\"publisher\":{\"@id\":\"https:\\\/\\\/periodicolarepublica.com\\\/#organization\"}}]}\n\t\t<\/script>\n\t\t<!-- All in One SEO -->\n\n","aioseo_head_json":{"title":"Ministerio de Educaci\u00f3n se suma al Simulacro Nacional de Evacuaci\u00f3n por Terremoto 2026 - Peri\u00f3dico La Rep\u00fablica","description":"*Ministerio de Educaci\u00f3n se suma al Simulacro Nacional de Evacuaci\u00f3n por Terremoto 2026* _Las 18 Regionales Educativas, los 122 Distritos y las instituciones descentralizadas participar\u00e1n en el Simulacro convocado por el COE el pr\u00f3ximo martes 8 de septiembre, a las 10:00 de la ma\u00f1ana._ El Ministerio de Educaci\u00f3n inform\u00f3 que","canonical_url":"https:\/\/periodicolarepublica.com\/index.php\/2026\/09\/04\/ministerio-de-educacion-se-suma-al-simulacro-nacional-de-evacuacion-por-terremoto-2026\/","robots":"max-image-preview:large","keywords":"","webmasterTools":{"google-site-verification":"9Wp1nLo7xJjAvczUo27LB9Bb_ijQS19BYIu8UBhSXzw","miscellaneous":""},"schema":{"@context":"https:\/\/schema.org","@graph":[{"@type":"BlogPosting","@id":"https:\/\/periodicolarepublica.com\/index.php\/2026\/09\/04\/ministerio-de-educacion-se-suma-al-simulacro-nacional-de-evacuacion-por-terremoto-2026\/#blogposting","name":"Ministerio de Educaci\u00f3n se suma al Simulacro Nacional de Evacuaci\u00f3n por Terremoto 2026 - Peri\u00f3dico La Rep\u00fablica","headline":"Ministerio de Educaci\u00f3n se suma al Simulacro Nacional de Evacuaci\u00f3n por Terremoto 2026","author":{"@id":"https:\/\/periodicolarepublica.com\/index.php\/author\/redaccion\/#author"},"publisher":{"@id":"https:\/\/periodicolarepublica.com\/#organization"},"image":{"@type":"ImageObject","url":"https:\/\/periodicolarepublica.com\/wp-content\/uploads\/2025\/11\/RegularizacionTecnicosDocentes202202-e1764506767153.png","width":650,"height":603,"caption":"Mimerd"},"datePublished":"2026-09-04T12:09:19-04:00","dateModified":"2026-09-04T12:09:19-04:00","inLanguage":"es-ES","mainEntityOfPage":{"@id":"https:\/\/periodicolarepublica.com\/index.php\/2026\/09\/04\/ministerio-de-educacion-se-suma-al-simulacro-nacional-de-evacuacion-por-terremoto-2026\/#webpage"},"isPartOf":{"@id":"https:\/\/periodicolarepublica.com\/index.php\/2026\/09\/04\/ministerio-de-educacion-se-suma-al-simulacro-nacional-de-evacuacion-por-terremoto-2026\/#webpage"},"articleSection":"Nacionales"},{"@type":"BreadcrumbList","@id":"https:\/\/periodicolarepublica.com\/index.php\/2026\/09\/04\/ministerio-de-educacion-se-suma-al-simulacro-nacional-de-evacuacion-por-terremoto-2026\/#breadcrumblist","itemListElement":[{"@type":"ListItem","@id":"https:\/\/periodicolarepublica.com#listItem","position":1,"name":"Home","item":"https:\/\/periodicolarepublica.com","nextItem":{"@type":"ListItem","@id":"https:\/\/periodicolarepublica.com\/index.php\/category\/nacionales\/#listItem","name":"Nacionales"}},{"@type":"ListItem","@id":"https:\/\/periodicolarepublica.com\/index.php\/category\/nacionales\/#listItem","position":2,"name":"Nacionales","item":"https:\/\/periodicolarepublica.com\/index.php\/category\/nacionales\/","nextItem":{"@type":"ListItem","@id":"https:\/\/periodicolarepublica.com\/index.php\/2026\/09\/04\/ministerio-de-educacion-se-suma-al-simulacro-nacional-de-evacuacion-por-terremoto-2026\/#listItem","name":"Ministerio de Educaci\u00f3n se suma al Simulacro Nacional de Evacuaci\u00f3n por Terremoto 2026"},"previousItem":{"@type":"ListItem","@id":"https:\/\/periodicolarepublica.com#listItem","name":"Home"}},{"@type":"ListItem","@id":"https:\/\/periodicolarepublica.com\/index.php\/2026\/09\/04\/ministerio-de-educacion-se-suma-al-simulacro-nacional-de-evacuacion-por-terremoto-2026\/#listItem","position":3,"name":"Ministerio de Educaci\u00f3n se suma al Simulacro Nacional de Evacuaci\u00f3n por Terremoto 2026","previousItem":{"@type":"ListItem","@id":"https:\/\/periodicolarepublica.com\/index.php\/category\/nacionales\/#listItem","name":"Nacionales"}}]},{"@type":"Organization","@id":"https:\/\/periodicolarepublica.com\/#organization","name":"Peri\u00f3dico La Rep\u00fablica","description":"Peri\u00f3dico La Rep\u00fablica Noticias de la Rep\u00fablica Dominicana Peri\u00f3dico La Rep\u00fablica","url":"https:\/\/periodicolarepublica.com\/","telephone":"+18092157770","logo":{"@type":"ImageObject","url":"https:\/\/periodicolarepublica.com\/wp-content\/uploads\/2024\/11\/IMG_20241115_221405-1.jpg","@id":"https:\/\/periodicolarepublica.com\/index.php\/2026\/09\/04\/ministerio-de-educacion-se-suma-al-simulacro-nacional-de-evacuacion-por-terremoto-2026\/#organizationLogo","width":707,"height":250},"image":{"@id":"https:\/\/periodicolarepublica.com\/index.php\/2026\/09\/04\/ministerio-de-educacion-se-suma-al-simulacro-nacional-de-evacuacion-por-terremoto-2026\/#organizationLogo"},"sameAs":["https:\/\/www.instagram.com\/larepublicaenlaradio\/profilecard\/?igsh=YXYxam5uY3ZmNWw=","https:\/\/www.tiktok.com\/@larepublica.tv?_t=8rSJEkvSWBT&_r=1","https:\/\/youtube.com\/@larepublicaoficial?si=V21R9IhaZkaiMKCo"]},{"@type":"Person","@id":"https:\/\/periodicolarepublica.com\/index.php\/author\/redaccion\/#author","url":"https:\/\/periodicolarepublica.com\/index.php\/author\/redaccion\/","name":"Fuente Externa","image":{"@type":"ImageObject","@id":"https:\/\/periodicolarepublica.com\/index.php\/2026\/09\/04\/ministerio-de-educacion-se-suma-al-simulacro-nacional-de-evacuacion-por-terremoto-2026\/#authorImage","url":"https:\/\/secure.gravatar.com\/avatar\/ed2df04b0eded81171fc04ee95e85b07?s=96&d=mm&r=g","width":96,"height":96,"caption":"Fuente Externa"}},{"@type":"WebPage","@id":"https:\/\/periodicolarepublica.com\/index.php\/2026\/09\/04\/ministerio-de-educacion-se-suma-al-simulacro-nacional-de-evacuacion-por-terremoto-2026\/#webpage","url":"https:\/\/periodicolarepublica.com\/index.php\/2026\/09\/04\/ministerio-de-educacion-se-suma-al-simulacro-nacional-de-evacuacion-por-terremoto-2026\/","name":"Ministerio de Educaci\u00f3n se suma al Simulacro Nacional de Evacuaci\u00f3n por Terremoto 2026 - Peri\u00f3dico La Rep\u00fablica","description":"*Ministerio de Educaci\u00f3n se suma al Simulacro Nacional de Evacuaci\u00f3n por Terremoto 2026* _Las 18 Regionales Educativas, los 122 Distritos y las instituciones descentralizadas participar\u00e1n en el Simulacro convocado por el COE el pr\u00f3ximo martes 8 de septiembre, a las 10:00 de la ma\u00f1ana._ El Ministerio de Educaci\u00f3n inform\u00f3 que","inLanguage":"es-ES","isPartOf":{"@id":"https:\/\/periodicolarepublica.com\/#website"},"breadcrumb":{"@id":"https:\/\/periodicolarepublica.com\/index.php\/2026\/09\/04\/ministerio-de-educacion-se-suma-al-simulacro-nacional-de-evacuacion-por-terremoto-2026\/#breadcrumblist"},"author":{"@id":"https:\/\/periodicolarepublica.com\/index.php\/author\/redaccion\/#author"},"creator":{"@id":"https:\/\/periodicolarepublica.com\/index.php\/author\/redaccion\/#author"},"image":{"@type":"ImageObject","url":"https:\/\/periodicolarepublica.com\/wp-content\/uploads\/2025\/11\/RegularizacionTecnicosDocentes202202-e1764506767153.png","@id":"https:\/\/periodicolarepublica.com\/index.php\/2026\/09\/04\/ministerio-de-educacion-se-suma-al-simulacro-nacional-de-evacuacion-por-terremoto-2026\/#mainImage","width":650,"height":603,"caption":"Mimerd"},"primaryImageOfPage":{"@id":"https:\/\/periodicolarepublica.com\/index.php\/2026\/09\/04\/ministerio-de-educacion-se-suma-al-simulacro-nacional-de-evacuacion-por-terremoto-2026\/#mainImage"},"datePublished":"2026-09-04T12:09:19-04:00","dateModified":"2026-09-04T12:09:19-04:00"},{"@type":"WebSite","@id":"https:\/\/periodicolarepublica.com\/#website","url":"https:\/\/periodicolarepublica.com\/","name":"Periodico La Rep\u00fablica","alternateName":"La Rep\u00fablica","description":"Peri\u00f3dico La Rep\u00fablica","inLanguage":"es-ES","publisher":{"@id":"https:\/\/periodicolarepublica.com\/#organization"}}]},"og:locale":"es_ES","og:site_name":"Peri\u00f3dico La Rep\u00fablica - Peri\u00f3dico La Rep\u00fablica","og:type":"article","og:title":"Ministerio de Educaci\u00f3n se suma al Simulacro Nacional de Evacuaci\u00f3n por Terremoto 2026 - Peri\u00f3dico La Rep\u00fablica","og:description":"*Ministerio de Educaci\u00f3n se suma al Simulacro Nacional de Evacuaci\u00f3n por Terremoto 2026* _Las 18 Regionales Educativas, los 122 Distritos y las instituciones descentralizadas participar\u00e1n en el Simulacro convocado por el COE el pr\u00f3ximo martes 8 de septiembre, a las 10:00 de la ma\u00f1ana._ El Ministerio de Educaci\u00f3n inform\u00f3 que","og:url":"https:\/\/periodicolarepublica.com\/index.php\/2026\/09\/04\/ministerio-de-educacion-se-suma-al-simulacro-nacional-de-evacuacion-por-terremoto-2026\/","og:image":"https:\/\/periodicolarepublica.com\/wp-content\/uploads\/2024\/11\/IMG_20241115_221405-1.jpg","og:image:secure_url":"https:\/\/periodicolarepublica.com\/wp-content\/uploads\/2024\/11\/IMG_20241115_221405-1.jpg","og:image:width":707,"og:image:height":250,"article:published_time":"2026-09-04T16:09:19+00:00","article:modified_time":"2026-09-04T16:09:19+00:00","twitter:card":"summary_large_image","twitter:title":"Ministerio de Educaci\u00f3n se suma al Simulacro Nacional de Evacuaci\u00f3n por Terremoto 2026 - Peri\u00f3dico La Rep\u00fablica","twitter:description":"*Ministerio de Educaci\u00f3n se suma al Simulacro Nacional de Evacuaci\u00f3n por Terremoto 2026* _Las 18 Regionales Educativas, los 122 Distritos y las instituciones descentralizadas participar\u00e1n en el Simulacro convocado por el COE el pr\u00f3ximo martes 8 de septiembre, a las 10:00 de la ma\u00f1ana._ El Ministerio de Educaci\u00f3n inform\u00f3 que","twitter:image":"https:\/\/periodicolarepublica.com\/wp-content\/uploads\/2024\/11\/IMG_20241115_221405-1.jpg"},"aioseo_meta_data":{"post_id":"6653","title":null,"description":null,"keywords":null,"keyphrases":{"focus":{"keyphrase":"","score":0,"analysis":{"keyphraseInTitle":{"score":0,"maxScore":9,"error":1}}},"additional":[]},"primary_term":null,"canonical_url":null,"og_title":null,"og_description":null,"og_object_type":"default","og_image_type":"default","og_image_url":null,"og_image_width":null,"og_image_height":null,"og_image_custom_url":null,"og_image_custom_fields":null,"og_video":"","og_custom_url":null,"og_article_section":null,"og_article_tags":null,"twitter_use_og":false,"twitter_card":"default","twitter_image_type":"default","twitter_image_url":null,"twitter_image_custom_url":null,"twitter_image_custom_fields":null,"twitter_title":null,"twitter_description":null,"schema":{"blockGraphs":[],"customGraphs":[],"default":{"data":{"Article":[],"Course":[],"Dataset":[],"FAQPage":[],"Movie":[],"Person":[],"Product":[],"ProductReview":[],"Car":[],"Recipe":[],"Service":[],"SoftwareApplication":[],"WebPage":[]},"graphName":"BlogPosting","isEnabled":true},"graphs":[]},"schema_type":"default","schema_type_options":null,"pillar_content":false,"robots_default":true,"robots_noindex":false,"robots_noarchive":false,"robots_nosnippet":false,"robots_nofollow":false,"robots_noimageindex":false,"robots_noodp":false,"robots_notranslate":false,"robots_max_snippet":"-1","robots_max_videopreview":"-1","robots_max_imagepreview":"large","priority":null,"frequency":"default","local_seo":null,"breadcrumb_settings":null,"limit_modified_date":false,"ai":{"faqs":[],"keyPoints":[],"schemas":[],"titles":[],"descriptions":[],"socialPosts":{"email":{"subject":"","preview":"","content":""},"linkedin":[],"twitter":[],"facebook":[],"instagram":[]}},"created":"2026-09-04 16:09:19","updated":"2026-09-04 20:06:49","seo_analyzer_scan_date":null},"aioseo_breadcrumb":"<div class=\"aioseo-breadcrumbs\"><span class=\"aioseo-breadcrumb\">\n\t\t\t<a href=\"https:\/\/periodicolarepublica.com\" title=\"Home\">Home<\/a>\n\t\t<\/span><span class=\"aioseo-breadcrumb-separator\">&raquo;<\/span><span class=\"aioseo-breadcrumb\">\n\t\t\t<a href=\"https:\/\/periodicolarepublica.com\/index.php\/category\/nacionales\/\" title=\"Nacionales\">Nacionales<\/a>\n\t\t<\/span><span class=\"aioseo-breadcrumb-separator\">&raquo;<\/span><span class=\"aioseo-breadcrumb\">\n\t\t\tMinisterio de Educaci\u00f3n se suma al Simulacro Nacional de Evacuaci\u00f3n por Terremoto 2026\n\t\t<\/span><\/div>","aioseo_breadcrumb_json":[{"label":"Home","link":"https:\/\/periodicolarepublica.com"},{"label":"Nacionales","link":"https:\/\/periodicolarepublica.com\/index.php\/category\/nacionales\/"},{"label":"Ministerio de Educaci\u00f3n se suma al Simulacro Nacional de Evacuaci\u00f3n por Terremoto 2026","link":"https:\/\/periodicolarepublica.com\/index.php\/2026\/09\/04\/ministerio-de-educacion-se-suma-al-simulacro-nacional-de-evacuacion-por-terremoto-2026\/"}],"_links":{"self":[{"href":"https:\/\/periodicolarepublica.com\/index.php\/wp-json\/wp\/v2\/posts\/6653","targetHints":{"allow":["GET"]}}],"collection":[{"href":"https:\/\/periodicolarepublica.com\/index.php\/wp-json\/wp\/v2\/posts"}],"about":[{"href":"https:\/\/periodicolarepublica.com\/index.php\/wp-json\/wp\/v2\/types\/post"}],"author":[{"embeddable":true,"href":"https:\/\/periodicolarepublica.com\/index.php\/wp-json\/wp\/v2\/users\/6"}],"replies":[{"embeddable":true,"href":"https:\/\/periodicolarepublica.com\/index.php\/wp-json\/wp\/v2\/comments?post=6653"}],"version-history":[{"count":1,"href":"https:\/\/periodicolarepublica.com\/index.php\/wp-json\/wp\/v2\/posts\/6653\/revisions"}],"predecessor-version":[{"id":6654,"href":"https:\/\/periodicolarepublica.com\/index.php\/wp-json\/wp\/v2\/posts\/6653\/revisions\/6654"}],"wp:featuredmedia":[{"embeddable":true,"href":"https:\/\/periodicolarepublica.com\/index.php\/wp-json\/wp\/v2\/media\/4486"}],"wp:attachment":[{"href":"https:\/\/periodicolarepublica.com\/index.php\/wp-json\/wp\/v2\/media?parent=6653"}],"wp:term":[{"taxonomy":"category","embeddable":true,"href":"https:\/\/periodicolarepublica.com\/index.php\/wp-json\/wp\/v2\/categories?post=6653"},{"taxonomy":"post_tag","embeddable":true,"href":"https:\/\/periodicolarepublica.com\/index.php\/wp-json\/wp\/v2\/tags?post=6653"}],"curies":[{"name":"wp","href":"https:\/\/api.w.org\/{rel}","templated":true}]}}