{"id":6655,"date":"2026-09-04T16:07:47","date_gmt":"2026-09-04T20:07:47","guid":{"rendered":"https:\/\/periodicolarepublica.com\/?p=6655"},"modified":"2026-09-04T16:07:47","modified_gmt":"2026-09-04T20:07:47","slug":"gobierno-congela-combustibles-2","status":"publish","type":"post","link":"https:\/\/periodicolarepublica.com\/index.php\/2026\/09\/04\/gobierno-congela-combustibles-2\/","title":{"rendered":"Gobierno congela combustibles\u00a0"},"content":{"rendered":"<p>Gobierno congela combustibles<\/p>\n<p>&nbsp;<\/p>\n<p>&nbsp;<\/p>\n<p>Para esta semana se destinan RD$1,294.5 millones en subsidios para contener las alzas internacionales, con aportes de hasta RD$101.91 por gal\u00f3n y superando ya los RD$30 mil millones en lo que va de a\u00f1o.<\/p>\n<p>&nbsp;<\/p>\n<p>Santo Domingo, D.N. \u2013 El Ministerio de Industria, Comercio y Mipymes (MICM) inform\u00f3 que el Gobierno dominicano destin\u00f3 otros RD$1,294.5 millones en subsidios a los combustibles para seguir contrarrestando el aumento de los derivados del petr\u00f3leo en el mercado internacional, subsidiando con hasta RD$101.91 pesos por cada gal\u00f3n que compran los consumidores.<\/p>\n<p>Para la semana del 5 al 11 de septiembre, se mantendr\u00e1n sin variaci\u00f3n los precios de la gasolina regular y premium, del gasoil regular y \u00f3ptimo, as\u00ed como del GLP y el Gas Natural.<\/p>\n<p>Con los precios para esta semana, se mantienen los fijados el pasado 13 de junio, cuando se anunci\u00f3 el periodo de congelamiento por 90 d\u00edas, como parte del Plan Anticrisis para mantener la estabilidad de la econom\u00eda nacional y de los bolsillos de los m\u00e1s vulnerables.<\/p>\n<p>El costo de refinar petr\u00f3leo WTI y convertirlo en Gasoil pas\u00f3 desde el 27 de Febrero del 2026 cuando rondaba los 25.95 d\u00f3lares a 75.65 d\u00f3lares al cierre del 31 de agosto de este a\u00f1o y llegando a tener picos de hasta 114 d\u00f3lares por barril en dicho periodo. La retenci\u00f3n de hasta 8 millones de barriles diarios en el Estrecho de Ormuz distorsion\u00f3 la f\u00f3rmula de Paridad de Importaci\u00f3n (PPI), empujando el costo del gasoil refinado a casi 110 d\u00f3lares por barril a inicios de septiembre.<\/p>\n<p>Sin embargo solo recibir\u00e1n un reajuste al alza el avtur, con unos RD$12.28 pesos por gal\u00f3n, el kerosene RD$13.50, el fuel o\u00edl #6 sube RD$1.47 y el fuel o\u00edl #1, sube RD$1.43.<\/p>\n<p>Con los precios para esta semana, el Gobierno subsidia a cada gal\u00f3n que consumen los dominicanos con RD$20.31 en el GLP, RD$24.12 en la gasolina premium, RD$42.68 en la gasolina regular, RD$94.31 en el gasoil regular y RD$101.91 en el gasoil \u00f3ptimo.<\/p>\n<p>Con el subsidio que el Gobierno ha destinado para esta semana, en lo que va de a\u00f1o, el monto destinado supera los RD$30 mil millones.<\/p>\n<p>Para la semana del 5 al 11 de septiembre, el Ministerio de Industria, Comercio y Mipymes dispone que los combustibles se comercialicen a los siguientes precios:<\/p>\n<p>Gasolina Premium se vender\u00e1 a RD$341.10 por gal\u00f3n mantiene su precio.<\/p>\n<p>Gasolina Regular RD$310.50 por gal\u00f3n mantiene su precio.<\/p>\n<p>Gasoil Regular RD$262.80 por gal\u00f3n mantiene su precio.<\/p>\n<p>Gasoil \u00d3ptimo RD$293.10 por gal\u00f3n mantiene su precio.<\/p>\n<p>Avtur RD$303.50 por gal\u00f3n sube RD$12.28.<\/p>\n<p>Kerosene RD$343.20 por gal\u00f3n sube RD$13.50.<\/p>\n<p>Fuel O\u00edl #6 RD$167.73 por gal\u00f3n sube RD$1.47.<\/p>\n<p>Fuel O\u00edl 1%S RD$197.41 por gal\u00f3n sube RD$1.43.<\/p>\n<p>Gas Licuado de Petr\u00f3leo (GLP) RD$135.20 por gal\u00f3n mantiene su precio.<\/p>\n<p>Gas Natural RD$43.97 por m3 mantiene su precio.<\/p>\n<p>La tasa de cambio promedio semanal es de RD$58.85, seg\u00fan las publicaciones diarias del Banco Central.<\/p>\n<p>&nbsp;<\/p>\n<p>4 de septiembre 2026<\/p>\n<p>Direcci\u00f3n de Comunicaciones MICM<\/p>\n<p>&nbsp;<\/p>\n<p><img loading=\"lazy\" decoding=\"async\" class=\"alignnone size-medium wp-image-6656\" src=\"https:\/\/periodicolarepublica.com\/wp-content\/uploads\/2026\/09\/IMG-20260904-WA0011-240x300.jpg\" alt=\"\" width=\"240\" height=\"300\" srcset=\"https:\/\/periodicolarepublica.com\/wp-content\/uploads\/2026\/09\/IMG-20260904-WA0011-240x300.jpg 240w, https:\/\/periodicolarepublica.com\/wp-content\/uploads\/2026\/09\/IMG-20260904-WA0011-819x1024.jpg 819w, https:\/\/periodicolarepublica.com\/wp-content\/uploads\/2026\/09\/IMG-20260904-WA0011-768x960.jpg 768w, https:\/\/periodicolarepublica.com\/wp-content\/uploads\/2026\/09\/IMG-20260904-WA0011-150x188.jpg 150w, https:\/\/periodicolarepublica.com\/wp-content\/uploads\/2026\/09\/IMG-20260904-WA0011-300x375.jpg 300w, https:\/\/periodicolarepublica.com\/wp-content\/uploads\/2026\/09\/IMG-20260904-WA0011-600x750.jpg 600w, https:\/\/periodicolarepublica.com\/wp-content\/uploads\/2026\/09\/IMG-20260904-WA0011-696x870.jpg 696w, https:\/\/periodicolarepublica.com\/wp-content\/uploads\/2026\/09\/IMG-20260904-WA0011-1068x1335.jpg 1068w, https:\/\/periodicolarepublica.com\/wp-content\/uploads\/2026\/09\/IMG-20260904-WA0011.jpg 1080w\" sizes=\"auto, (max-width: 240px) 100vw, 240px\" \/><\/p>\n","protected":false},"excerpt":{"rendered":"<p>Gobierno congela combustibles &nbsp; &nbsp; Para esta semana se destinan RD$1,294.5 millones en subsidios para contener las alzas internacionales, con aportes de hasta RD$101.91 por gal\u00f3n y superando ya los RD$30 mil millones en lo que va de a\u00f1o. &nbsp; Santo Domingo, D.N. \u2013 El Ministerio de Industria, Comercio y Mipymes (MICM) inform\u00f3 que el [&hellip;]<\/p>\n","protected":false},"author":6,"featured_media":6656,"comment_status":"open","ping_status":"open","sticky":false,"template":"","format":"standard","meta":{"om_disable_all_campaigns":false,"_monsterinsights_skip_tracking":false,"footnotes":""},"categories":[1],"tags":[],"class_list":{"0":"post-6655","1":"post","2":"type-post","3":"status-publish","4":"format-standard","5":"has-post-thumbnail","7":"category-nacionales"},"aioseo_notices":[],"aioseo_head":"\n\t\t<!-- All in One SEO 4.9.10 - aioseo.com -->\n\t<meta name=\"description\" content=\"Gobierno congela combustibles Para esta semana se destinan RD$1,294.5 millones en subsidios para contener las alzas internacionales, con aportes de hasta RD$101.91 por gal\u00f3n y superando ya los RD$30 mil millones en lo que va de a\u00f1o. Santo Domingo, D.N. \u2013 El Ministerio de Industria, Comercio y Mipymes (MICM) inform\u00f3 que el\" \/>\n\t<meta name=\"robots\" content=\"max-image-preview:large\" \/>\n\t<meta name=\"author\" content=\"Fuente Externa\"\/>\n\t<meta name=\"google-site-verification\" content=\"9Wp1nLo7xJjAvczUo27LB9Bb_ijQS19BYIu8UBhSXzw\" \/>\n\t<link rel=\"canonical\" href=\"https:\/\/periodicolarepublica.com\/index.php\/2026\/09\/04\/gobierno-congela-combustibles-2\/\" \/>\n\t<meta name=\"generator\" content=\"All in One SEO (AIOSEO) 4.9.10\" \/>\n\t\t<meta property=\"og:locale\" content=\"es_ES\" \/>\n\t\t<meta property=\"og:site_name\" content=\"Peri\u00f3dico La Rep\u00fablica - Peri\u00f3dico La Rep\u00fablica\" \/>\n\t\t<meta property=\"og:type\" content=\"article\" \/>\n\t\t<meta property=\"og:title\" content=\"Gobierno congela combustibles - Peri\u00f3dico La Rep\u00fablica\" \/>\n\t\t<meta property=\"og:description\" content=\"Gobierno congela combustibles Para esta semana se destinan RD$1,294.5 millones en subsidios para contener las alzas internacionales, con aportes de hasta RD$101.91 por gal\u00f3n y superando ya los RD$30 mil millones en lo que va de a\u00f1o. Santo Domingo, D.N. \u2013 El Ministerio de Industria, Comercio y Mipymes (MICM) inform\u00f3 que el\" \/>\n\t\t<meta property=\"og:url\" content=\"https:\/\/periodicolarepublica.com\/index.php\/2026\/09\/04\/gobierno-congela-combustibles-2\/\" \/>\n\t\t<meta property=\"og:image\" content=\"https:\/\/periodicolarepublica.com\/wp-content\/uploads\/2024\/11\/IMG_20241115_221405-1.jpg\" \/>\n\t\t<meta property=\"og:image:secure_url\" content=\"https:\/\/periodicolarepublica.com\/wp-content\/uploads\/2024\/11\/IMG_20241115_221405-1.jpg\" \/>\n\t\t<meta property=\"og:image:width\" content=\"707\" \/>\n\t\t<meta property=\"og:image:height\" content=\"250\" \/>\n\t\t<meta property=\"article:published_time\" content=\"2026-09-04T20:07:47+00:00\" \/>\n\t\t<meta property=\"article:modified_time\" content=\"2026-09-04T20:07:47+00:00\" \/>\n\t\t<meta name=\"twitter:card\" content=\"summary_large_image\" \/>\n\t\t<meta name=\"twitter:title\" content=\"Gobierno congela combustibles - Peri\u00f3dico La Rep\u00fablica\" \/>\n\t\t<meta name=\"twitter:description\" content=\"Gobierno congela combustibles Para esta semana se destinan RD$1,294.5 millones en subsidios para contener las alzas internacionales, con aportes de hasta RD$101.91 por gal\u00f3n y superando ya los RD$30 mil millones en lo que va de a\u00f1o. Santo Domingo, D.N. \u2013 El Ministerio de Industria, Comercio y Mipymes (MICM) inform\u00f3 que el\" \/>\n\t\t<meta name=\"twitter:image\" content=\"https:\/\/periodicolarepublica.com\/wp-content\/uploads\/2024\/11\/IMG_20241115_221405-1.jpg\" \/>\n\t\t<script type=\"application\/ld+json\" class=\"aioseo-schema\">\n\t\t\t{\"@context\":\"https:\\\/\\\/schema.org\",\"@graph\":[{\"@type\":\"BlogPosting\",\"@id\":\"https:\\\/\\\/periodicolarepublica.com\\\/index.php\\\/2026\\\/09\\\/04\\\/gobierno-congela-combustibles-2\\\/#blogposting\",\"name\":\"Gobierno congela combustibles - Peri\\u00f3dico La Rep\\u00fablica\",\"headline\":\"Gobierno congela combustibles\\u00a0\",\"author\":{\"@id\":\"https:\\\/\\\/periodicolarepublica.com\\\/index.php\\\/author\\\/redaccion\\\/#author\"},\"publisher\":{\"@id\":\"https:\\\/\\\/periodicolarepublica.com\\\/#organization\"},\"image\":{\"@type\":\"ImageObject\",\"url\":\"https:\\\/\\\/periodicolarepublica.com\\\/wp-content\\\/uploads\\\/2026\\\/09\\\/IMG-20260904-WA0011.jpg\",\"width\":1080,\"height\":1350},\"datePublished\":\"2026-09-04T16:07:47-04:00\",\"dateModified\":\"2026-09-04T16:07:47-04:00\",\"inLanguage\":\"es-ES\",\"mainEntityOfPage\":{\"@id\":\"https:\\\/\\\/periodicolarepublica.com\\\/index.php\\\/2026\\\/09\\\/04\\\/gobierno-congela-combustibles-2\\\/#webpage\"},\"isPartOf\":{\"@id\":\"https:\\\/\\\/periodicolarepublica.com\\\/index.php\\\/2026\\\/09\\\/04\\\/gobierno-congela-combustibles-2\\\/#webpage\"},\"articleSection\":\"Nacionales\"},{\"@type\":\"BreadcrumbList\",\"@id\":\"https:\\\/\\\/periodicolarepublica.com\\\/index.php\\\/2026\\\/09\\\/04\\\/gobierno-congela-combustibles-2\\\/#breadcrumblist\",\"itemListElement\":[{\"@type\":\"ListItem\",\"@id\":\"https:\\\/\\\/periodicolarepublica.com#listItem\",\"position\":1,\"name\":\"Home\",\"item\":\"https:\\\/\\\/periodicolarepublica.com\",\"nextItem\":{\"@type\":\"ListItem\",\"@id\":\"https:\\\/\\\/periodicolarepublica.com\\\/index.php\\\/category\\\/nacionales\\\/#listItem\",\"name\":\"Nacionales\"}},{\"@type\":\"ListItem\",\"@id\":\"https:\\\/\\\/periodicolarepublica.com\\\/index.php\\\/category\\\/nacionales\\\/#listItem\",\"position\":2,\"name\":\"Nacionales\",\"item\":\"https:\\\/\\\/periodicolarepublica.com\\\/index.php\\\/category\\\/nacionales\\\/\",\"nextItem\":{\"@type\":\"ListItem\",\"@id\":\"https:\\\/\\\/periodicolarepublica.com\\\/index.php\\\/2026\\\/09\\\/04\\\/gobierno-congela-combustibles-2\\\/#listItem\",\"name\":\"Gobierno congela combustibles\\u00a0\"},\"previousItem\":{\"@type\":\"ListItem\",\"@id\":\"https:\\\/\\\/periodicolarepublica.com#listItem\",\"name\":\"Home\"}},{\"@type\":\"ListItem\",\"@id\":\"https:\\\/\\\/periodicolarepublica.com\\\/index.php\\\/2026\\\/09\\\/04\\\/gobierno-congela-combustibles-2\\\/#listItem\",\"position\":3,\"name\":\"Gobierno congela combustibles\\u00a0\",\"previousItem\":{\"@type\":\"ListItem\",\"@id\":\"https:\\\/\\\/periodicolarepublica.com\\\/index.php\\\/category\\\/nacionales\\\/#listItem\",\"name\":\"Nacionales\"}}]},{\"@type\":\"Organization\",\"@id\":\"https:\\\/\\\/periodicolarepublica.com\\\/#organization\",\"name\":\"Peri\\u00f3dico La Rep\\u00fablica\",\"description\":\"Peri\\u00f3dico La Rep\\u00fablica Noticias de la Rep\\u00fablica Dominicana Peri\\u00f3dico La Rep\\u00fablica\",\"url\":\"https:\\\/\\\/periodicolarepublica.com\\\/\",\"telephone\":\"+18092157770\",\"logo\":{\"@type\":\"ImageObject\",\"url\":\"https:\\\/\\\/periodicolarepublica.com\\\/wp-content\\\/uploads\\\/2024\\\/11\\\/IMG_20241115_221405-1.jpg\",\"@id\":\"https:\\\/\\\/periodicolarepublica.com\\\/index.php\\\/2026\\\/09\\\/04\\\/gobierno-congela-combustibles-2\\\/#organizationLogo\",\"width\":707,\"height\":250},\"image\":{\"@id\":\"https:\\\/\\\/periodicolarepublica.com\\\/index.php\\\/2026\\\/09\\\/04\\\/gobierno-congela-combustibles-2\\\/#organizationLogo\"},\"sameAs\":[\"https:\\\/\\\/www.instagram.com\\\/larepublicaenlaradio\\\/profilecard\\\/?igsh=YXYxam5uY3ZmNWw=\",\"https:\\\/\\\/www.tiktok.com\\\/@larepublica.tv?_t=8rSJEkvSWBT&_r=1\",\"https:\\\/\\\/youtube.com\\\/@larepublicaoficial?si=V21R9IhaZkaiMKCo\"]},{\"@type\":\"Person\",\"@id\":\"https:\\\/\\\/periodicolarepublica.com\\\/index.php\\\/author\\\/redaccion\\\/#author\",\"url\":\"https:\\\/\\\/periodicolarepublica.com\\\/index.php\\\/author\\\/redaccion\\\/\",\"name\":\"Fuente Externa\",\"image\":{\"@type\":\"ImageObject\",\"@id\":\"https:\\\/\\\/periodicolarepublica.com\\\/index.php\\\/2026\\\/09\\\/04\\\/gobierno-congela-combustibles-2\\\/#authorImage\",\"url\":\"https:\\\/\\\/secure.gravatar.com\\\/avatar\\\/ed2df04b0eded81171fc04ee95e85b07?s=96&d=mm&r=g\",\"width\":96,\"height\":96,\"caption\":\"Fuente Externa\"}},{\"@type\":\"WebPage\",\"@id\":\"https:\\\/\\\/periodicolarepublica.com\\\/index.php\\\/2026\\\/09\\\/04\\\/gobierno-congela-combustibles-2\\\/#webpage\",\"url\":\"https:\\\/\\\/periodicolarepublica.com\\\/index.php\\\/2026\\\/09\\\/04\\\/gobierno-congela-combustibles-2\\\/\",\"name\":\"Gobierno congela combustibles - Peri\\u00f3dico La Rep\\u00fablica\",\"description\":\"Gobierno congela combustibles Para esta semana se destinan RD$1,294.5 millones en subsidios para contener las alzas internacionales, con aportes de hasta RD$101.91 por gal\\u00f3n y superando ya los RD$30 mil millones en lo que va de a\\u00f1o. Santo Domingo, D.N. \\u2013 El Ministerio de Industria, Comercio y Mipymes (MICM) inform\\u00f3 que el\",\"inLanguage\":\"es-ES\",\"isPartOf\":{\"@id\":\"https:\\\/\\\/periodicolarepublica.com\\\/#website\"},\"breadcrumb\":{\"@id\":\"https:\\\/\\\/periodicolarepublica.com\\\/index.php\\\/2026\\\/09\\\/04\\\/gobierno-congela-combustibles-2\\\/#breadcrumblist\"},\"author\":{\"@id\":\"https:\\\/\\\/periodicolarepublica.com\\\/index.php\\\/author\\\/redaccion\\\/#author\"},\"creator\":{\"@id\":\"https:\\\/\\\/periodicolarepublica.com\\\/index.php\\\/author\\\/redaccion\\\/#author\"},\"image\":{\"@type\":\"ImageObject\",\"url\":\"https:\\\/\\\/periodicolarepublica.com\\\/wp-content\\\/uploads\\\/2026\\\/09\\\/IMG-20260904-WA0011.jpg\",\"@id\":\"https:\\\/\\\/periodicolarepublica.com\\\/index.php\\\/2026\\\/09\\\/04\\\/gobierno-congela-combustibles-2\\\/#mainImage\",\"width\":1080,\"height\":1350},\"primaryImageOfPage\":{\"@id\":\"https:\\\/\\\/periodicolarepublica.com\\\/index.php\\\/2026\\\/09\\\/04\\\/gobierno-congela-combustibles-2\\\/#mainImage\"},\"datePublished\":\"2026-09-04T16:07:47-04:00\",\"dateModified\":\"2026-09-04T16:07:47-04:00\"},{\"@type\":\"WebSite\",\"@id\":\"https:\\\/\\\/periodicolarepublica.com\\\/#website\",\"url\":\"https:\\\/\\\/periodicolarepublica.com\\\/\",\"name\":\"Periodico La Rep\\u00fablica\",\"alternateName\":\"La Rep\\u00fablica\",\"description\":\"Peri\\u00f3dico La Rep\\u00fablica\",\"inLanguage\":\"es-ES\",\"publisher\":{\"@id\":\"https:\\\/\\\/periodicolarepublica.com\\\/#organization\"}}]}\n\t\t<\/script>\n\t\t<!-- All in One SEO -->\n\n","aioseo_head_json":{"title":"Gobierno congela combustibles - Peri\u00f3dico La Rep\u00fablica","description":"Gobierno congela combustibles Para esta semana se destinan RD$1,294.5 millones en subsidios para contener las alzas internacionales, con aportes de hasta RD$101.91 por gal\u00f3n y superando ya los RD$30 mil millones en lo que va de a\u00f1o. Santo Domingo, D.N. \u2013 El Ministerio de Industria, Comercio y Mipymes (MICM) inform\u00f3 que el","canonical_url":"https:\/\/periodicolarepublica.com\/index.php\/2026\/09\/04\/gobierno-congela-combustibles-2\/","robots":"max-image-preview:large","keywords":"","webmasterTools":{"google-site-verification":"9Wp1nLo7xJjAvczUo27LB9Bb_ijQS19BYIu8UBhSXzw","miscellaneous":""},"schema":{"@context":"https:\/\/schema.org","@graph":[{"@type":"BlogPosting","@id":"https:\/\/periodicolarepublica.com\/index.php\/2026\/09\/04\/gobierno-congela-combustibles-2\/#blogposting","name":"Gobierno congela combustibles - Peri\u00f3dico La Rep\u00fablica","headline":"Gobierno congela combustibles\u00a0","author":{"@id":"https:\/\/periodicolarepublica.com\/index.php\/author\/redaccion\/#author"},"publisher":{"@id":"https:\/\/periodicolarepublica.com\/#organization"},"image":{"@type":"ImageObject","url":"https:\/\/periodicolarepublica.com\/wp-content\/uploads\/2026\/09\/IMG-20260904-WA0011.jpg","width":1080,"height":1350},"datePublished":"2026-09-04T16:07:47-04:00","dateModified":"2026-09-04T16:07:47-04:00","inLanguage":"es-ES","mainEntityOfPage":{"@id":"https:\/\/periodicolarepublica.com\/index.php\/2026\/09\/04\/gobierno-congela-combustibles-2\/#webpage"},"isPartOf":{"@id":"https:\/\/periodicolarepublica.com\/index.php\/2026\/09\/04\/gobierno-congela-combustibles-2\/#webpage"},"articleSection":"Nacionales"},{"@type":"BreadcrumbList","@id":"https:\/\/periodicolarepublica.com\/index.php\/2026\/09\/04\/gobierno-congela-combustibles-2\/#breadcrumblist","itemListElement":[{"@type":"ListItem","@id":"https:\/\/periodicolarepublica.com#listItem","position":1,"name":"Home","item":"https:\/\/periodicolarepublica.com","nextItem":{"@type":"ListItem","@id":"https:\/\/periodicolarepublica.com\/index.php\/category\/nacionales\/#listItem","name":"Nacionales"}},{"@type":"ListItem","@id":"https:\/\/periodicolarepublica.com\/index.php\/category\/nacionales\/#listItem","position":2,"name":"Nacionales","item":"https:\/\/periodicolarepublica.com\/index.php\/category\/nacionales\/","nextItem":{"@type":"ListItem","@id":"https:\/\/periodicolarepublica.com\/index.php\/2026\/09\/04\/gobierno-congela-combustibles-2\/#listItem","name":"Gobierno congela combustibles\u00a0"},"previousItem":{"@type":"ListItem","@id":"https:\/\/periodicolarepublica.com#listItem","name":"Home"}},{"@type":"ListItem","@id":"https:\/\/periodicolarepublica.com\/index.php\/2026\/09\/04\/gobierno-congela-combustibles-2\/#listItem","position":3,"name":"Gobierno congela combustibles\u00a0","previousItem":{"@type":"ListItem","@id":"https:\/\/periodicolarepublica.com\/index.php\/category\/nacionales\/#listItem","name":"Nacionales"}}]},{"@type":"Organization","@id":"https:\/\/periodicolarepublica.com\/#organization","name":"Peri\u00f3dico La Rep\u00fablica","description":"Peri\u00f3dico La Rep\u00fablica Noticias de la Rep\u00fablica Dominicana Peri\u00f3dico La Rep\u00fablica","url":"https:\/\/periodicolarepublica.com\/","telephone":"+18092157770","logo":{"@type":"ImageObject","url":"https:\/\/periodicolarepublica.com\/wp-content\/uploads\/2024\/11\/IMG_20241115_221405-1.jpg","@id":"https:\/\/periodicolarepublica.com\/index.php\/2026\/09\/04\/gobierno-congela-combustibles-2\/#organizationLogo","width":707,"height":250},"image":{"@id":"https:\/\/periodicolarepublica.com\/index.php\/2026\/09\/04\/gobierno-congela-combustibles-2\/#organizationLogo"},"sameAs":["https:\/\/www.instagram.com\/larepublicaenlaradio\/profilecard\/?igsh=YXYxam5uY3ZmNWw=","https:\/\/www.tiktok.com\/@larepublica.tv?_t=8rSJEkvSWBT&_r=1","https:\/\/youtube.com\/@larepublicaoficial?si=V21R9IhaZkaiMKCo"]},{"@type":"Person","@id":"https:\/\/periodicolarepublica.com\/index.php\/author\/redaccion\/#author","url":"https:\/\/periodicolarepublica.com\/index.php\/author\/redaccion\/","name":"Fuente Externa","image":{"@type":"ImageObject","@id":"https:\/\/periodicolarepublica.com\/index.php\/2026\/09\/04\/gobierno-congela-combustibles-2\/#authorImage","url":"https:\/\/secure.gravatar.com\/avatar\/ed2df04b0eded81171fc04ee95e85b07?s=96&d=mm&r=g","width":96,"height":96,"caption":"Fuente Externa"}},{"@type":"WebPage","@id":"https:\/\/periodicolarepublica.com\/index.php\/2026\/09\/04\/gobierno-congela-combustibles-2\/#webpage","url":"https:\/\/periodicolarepublica.com\/index.php\/2026\/09\/04\/gobierno-congela-combustibles-2\/","name":"Gobierno congela combustibles - Peri\u00f3dico La Rep\u00fablica","description":"Gobierno congela combustibles Para esta semana se destinan RD$1,294.5 millones en subsidios para contener las alzas internacionales, con aportes de hasta RD$101.91 por gal\u00f3n y superando ya los RD$30 mil millones en lo que va de a\u00f1o. Santo Domingo, D.N. \u2013 El Ministerio de Industria, Comercio y Mipymes (MICM) inform\u00f3 que el","inLanguage":"es-ES","isPartOf":{"@id":"https:\/\/periodicolarepublica.com\/#website"},"breadcrumb":{"@id":"https:\/\/periodicolarepublica.com\/index.php\/2026\/09\/04\/gobierno-congela-combustibles-2\/#breadcrumblist"},"author":{"@id":"https:\/\/periodicolarepublica.com\/index.php\/author\/redaccion\/#author"},"creator":{"@id":"https:\/\/periodicolarepublica.com\/index.php\/author\/redaccion\/#author"},"image":{"@type":"ImageObject","url":"https:\/\/periodicolarepublica.com\/wp-content\/uploads\/2026\/09\/IMG-20260904-WA0011.jpg","@id":"https:\/\/periodicolarepublica.com\/index.php\/2026\/09\/04\/gobierno-congela-combustibles-2\/#mainImage","width":1080,"height":1350},"primaryImageOfPage":{"@id":"https:\/\/periodicolarepublica.com\/index.php\/2026\/09\/04\/gobierno-congela-combustibles-2\/#mainImage"},"datePublished":"2026-09-04T16:07:47-04:00","dateModified":"2026-09-04T16:07:47-04:00"},{"@type":"WebSite","@id":"https:\/\/periodicolarepublica.com\/#website","url":"https:\/\/periodicolarepublica.com\/","name":"Periodico La Rep\u00fablica","alternateName":"La Rep\u00fablica","description":"Peri\u00f3dico La Rep\u00fablica","inLanguage":"es-ES","publisher":{"@id":"https:\/\/periodicolarepublica.com\/#organization"}}]},"og:locale":"es_ES","og:site_name":"Peri\u00f3dico La Rep\u00fablica - Peri\u00f3dico La Rep\u00fablica","og:type":"article","og:title":"Gobierno congela combustibles - Peri\u00f3dico La Rep\u00fablica","og:description":"Gobierno congela combustibles Para esta semana se destinan RD$1,294.5 millones en subsidios para contener las alzas internacionales, con aportes de hasta RD$101.91 por gal\u00f3n y superando ya los RD$30 mil millones en lo que va de a\u00f1o. Santo Domingo, D.N. \u2013 El Ministerio de Industria, Comercio y Mipymes (MICM) inform\u00f3 que el","og:url":"https:\/\/periodicolarepublica.com\/index.php\/2026\/09\/04\/gobierno-congela-combustibles-2\/","og:image":"https:\/\/periodicolarepublica.com\/wp-content\/uploads\/2024\/11\/IMG_20241115_221405-1.jpg","og:image:secure_url":"https:\/\/periodicolarepublica.com\/wp-content\/uploads\/2024\/11\/IMG_20241115_221405-1.jpg","og:image:width":707,"og:image:height":250,"article:published_time":"2026-09-04T20:07:47+00:00","article:modified_time":"2026-09-04T20:07:47+00:00","twitter:card":"summary_large_image","twitter:title":"Gobierno congela combustibles - Peri\u00f3dico La Rep\u00fablica","twitter:description":"Gobierno congela combustibles Para esta semana se destinan RD$1,294.5 millones en subsidios para contener las alzas internacionales, con aportes de hasta RD$101.91 por gal\u00f3n y superando ya los RD$30 mil millones en lo que va de a\u00f1o. Santo Domingo, D.N. \u2013 El Ministerio de Industria, Comercio y Mipymes (MICM) inform\u00f3 que el","twitter:image":"https:\/\/periodicolarepublica.com\/wp-content\/uploads\/2024\/11\/IMG_20241115_221405-1.jpg"},"aioseo_meta_data":{"post_id":"6655","title":null,"description":null,"keywords":null,"keyphrases":{"focus":{"keyphrase":"","score":0,"analysis":{"keyphraseInTitle":{"score":0,"maxScore":9,"error":1}}},"additional":[]},"primary_term":null,"canonical_url":null,"og_title":null,"og_description":null,"og_object_type":"default","og_image_type":"default","og_image_url":null,"og_image_width":null,"og_image_height":null,"og_image_custom_url":null,"og_image_custom_fields":null,"og_video":"","og_custom_url":null,"og_article_section":null,"og_article_tags":null,"twitter_use_og":false,"twitter_card":"default","twitter_image_type":"default","twitter_image_url":null,"twitter_image_custom_url":null,"twitter_image_custom_fields":null,"twitter_title":null,"twitter_description":null,"schema":{"blockGraphs":[],"customGraphs":[],"default":{"data":{"Article":[],"Course":[],"Dataset":[],"FAQPage":[],"Movie":[],"Person":[],"Product":[],"ProductReview":[],"Car":[],"Recipe":[],"Service":[],"SoftwareApplication":[],"WebPage":[]},"graphName":"BlogPosting","isEnabled":true},"graphs":[]},"schema_type":"default","schema_type_options":null,"pillar_content":false,"robots_default":true,"robots_noindex":false,"robots_noarchive":false,"robots_nosnippet":false,"robots_nofollow":false,"robots_noimageindex":false,"robots_noodp":false,"robots_notranslate":false,"robots_max_snippet":"-1","robots_max_videopreview":"-1","robots_max_imagepreview":"large","priority":null,"frequency":"default","local_seo":null,"breadcrumb_settings":null,"limit_modified_date":false,"ai":{"faqs":[],"keyPoints":[],"schemas":[],"titles":[],"descriptions":[],"socialPosts":{"email":{"subject":"","preview":"","content":""},"linkedin":[],"twitter":[],"facebook":[],"instagram":[]}},"created":"2026-09-04 20:07:47","updated":"2026-09-04 20:07:49","seo_analyzer_scan_date":null},"aioseo_breadcrumb":"<div class=\"aioseo-breadcrumbs\"><span class=\"aioseo-breadcrumb\">\n\t\t\t<a href=\"https:\/\/periodicolarepublica.com\" title=\"Home\">Home<\/a>\n\t\t<\/span><span class=\"aioseo-breadcrumb-separator\">&raquo;<\/span><span class=\"aioseo-breadcrumb\">\n\t\t\t<a href=\"https:\/\/periodicolarepublica.com\/index.php\/category\/nacionales\/\" title=\"Nacionales\">Nacionales<\/a>\n\t\t<\/span><span class=\"aioseo-breadcrumb-separator\">&raquo;<\/span><span class=\"aioseo-breadcrumb\">\n\t\t\tGobierno congela combustibles \n\t\t<\/span><\/div>","aioseo_breadcrumb_json":[{"label":"Home","link":"https:\/\/periodicolarepublica.com"},{"label":"Nacionales","link":"https:\/\/periodicolarepublica.com\/index.php\/category\/nacionales\/"},{"label":"Gobierno congela combustibles\u00a0","link":"https:\/\/periodicolarepublica.com\/index.php\/2026\/09\/04\/gobierno-congela-combustibles-2\/"}],"_links":{"self":[{"href":"https:\/\/periodicolarepublica.com\/index.php\/wp-json\/wp\/v2\/posts\/6655","targetHints":{"allow":["GET"]}}],"collection":[{"href":"https:\/\/periodicolarepublica.com\/index.php\/wp-json\/wp\/v2\/posts"}],"about":[{"href":"https:\/\/periodicolarepublica.com\/index.php\/wp-json\/wp\/v2\/types\/post"}],"author":[{"embeddable":true,"href":"https:\/\/periodicolarepublica.com\/index.php\/wp-json\/wp\/v2\/users\/6"}],"replies":[{"embeddable":true,"href":"https:\/\/periodicolarepublica.com\/index.php\/wp-json\/wp\/v2\/comments?post=6655"}],"version-history":[{"count":1,"href":"https:\/\/periodicolarepublica.com\/index.php\/wp-json\/wp\/v2\/posts\/6655\/revisions"}],"predecessor-version":[{"id":6657,"href":"https:\/\/periodicolarepublica.com\/index.php\/wp-json\/wp\/v2\/posts\/6655\/revisions\/6657"}],"wp:featuredmedia":[{"embeddable":true,"href":"https:\/\/periodicolarepublica.com\/index.php\/wp-json\/wp\/v2\/media\/6656"}],"wp:attachment":[{"href":"https:\/\/periodicolarepublica.com\/index.php\/wp-json\/wp\/v2\/media?parent=6655"}],"wp:term":[{"taxonomy":"category","embeddable":true,"href":"https:\/\/periodicolarepublica.com\/index.php\/wp-json\/wp\/v2\/categories?post=6655"},{"taxonomy":"post_tag","embeddable":true,"href":"https:\/\/periodicolarepublica.com\/index.php\/wp-json\/wp\/v2\/tags?post=6655"}],"curies":[{"name":"wp","href":"https:\/\/api.w.org\/{rel}","templated":true}]}}