{"id":666,"date":"2024-05-01T04:28:35","date_gmt":"2024-05-01T02:28:35","guid":{"rendered":"https:\/\/periodicolarepublica.com\/?p=666"},"modified":"2024-05-01T04:28:35","modified_gmt":"2024-05-01T02:28:35","slug":"alcaldesa-betty-geronimo-se-gradua-maestria-derecho-administrativo-y-gestion-municipal","status":"publish","type":"post","link":"https:\/\/periodicolarepublica.com\/index.php\/2024\/05\/01\/alcaldesa-betty-geronimo-se-gradua-maestria-derecho-administrativo-y-gestion-municipal\/","title":{"rendered":"Alcaldesa Betty Ger\u00f3nimo se grad\u00faa Maestria Derecho Administrativo y Gesti\u00f3n Municipal"},"content":{"rendered":"<p>&nbsp;<\/p>\n<figure id=\"attachment_667\" aria-describedby=\"caption-attachment-667\" style=\"width: 300px\" class=\"wp-caption alignnone\"><img loading=\"lazy\" decoding=\"async\" class=\"size-medium wp-image-667\" src=\"https:\/\/periodicolarepublica.com\/wp-content\/uploads\/2024\/05\/Picsart_24-04-30_22-13-44-752-300x196.jpg\" alt=\"\" width=\"300\" height=\"196\" srcset=\"https:\/\/periodicolarepublica.com\/wp-content\/uploads\/2024\/05\/Picsart_24-04-30_22-13-44-752-300x196.jpg?v=1715379792 300w, https:\/\/periodicolarepublica.com\/wp-content\/uploads\/2024\/05\/Picsart_24-04-30_22-13-44-752-1024x669.jpg?v=1715379792 1024w, https:\/\/periodicolarepublica.com\/wp-content\/uploads\/2024\/05\/Picsart_24-04-30_22-13-44-752-768x502.jpg?v=1715379792 768w, https:\/\/periodicolarepublica.com\/wp-content\/uploads\/2024\/05\/Picsart_24-04-30_22-13-44-752-1536x1004.jpg?v=1715379792 1536w, https:\/\/periodicolarepublica.com\/wp-content\/uploads\/2024\/05\/Picsart_24-04-30_22-13-44-752-150x98.jpg?v=1715379792 150w, https:\/\/periodicolarepublica.com\/wp-content\/uploads\/2024\/05\/Picsart_24-04-30_22-13-44-752-600x392.jpg?v=1715379792 600w, https:\/\/periodicolarepublica.com\/wp-content\/uploads\/2024\/05\/Picsart_24-04-30_22-13-44-752-696x455.jpg?v=1715379792 696w, https:\/\/periodicolarepublica.com\/wp-content\/uploads\/2024\/05\/Picsart_24-04-30_22-13-44-752-1392x910.jpg?v=1715379792 1392w, https:\/\/periodicolarepublica.com\/wp-content\/uploads\/2024\/05\/Picsart_24-04-30_22-13-44-752-1068x698.jpg?v=1715379792 1068w, https:\/\/periodicolarepublica.com\/wp-content\/uploads\/2024\/05\/Picsart_24-04-30_22-13-44-752.jpg?v=1715379792 1652w\" sizes=\"auto, (max-width: 300px) 100vw, 300px\" \/><figcaption id=\"caption-attachment-667\" class=\"wp-caption-text\">Betty Ger\u00f3nimo Alcaldesa de Santo Domingo Norte<\/figcaption><\/figure>\n<p>Betty Ger\u00f3nimo, la nueva alcaldesa de Santo Domingo Norte,\u00a0 se ha graduado de la maestr\u00eda en Derecho Administrativo y Gesti\u00f3n Municipal con la Universidad de Castilla La Mancha (UCLM) de Espa\u00f1a, que ha culminado junto a otros profesionales, alcaldes y t\u00e9cnicos.<\/p>\n<p>La actividad cont\u00f3 con la presencia de la vicepresidenta de la Rep\u00fablica, Raquel Pe\u00f1a, junto al presidente de la Liga Municipal Dominicana (LMD), V\u00edctor D\u2019 Aza.<\/p>\n<p>La alcaldesa, habl\u00f3 en representaci\u00f3n de los graduandos, quien agradeci\u00f3 a la Liga Municipal Dominicana.<\/p>\n<p>La maestr\u00eda tuvo una duraci\u00f3n de 18 meses en modalidad presencial, celebr\u00e1ndose por s\u00e9ptima vez consecutiva con apoyo de la LMD, con un total de 345 profesionales graduados.<\/p>\n<p>&nbsp;<\/p>\n<p>&nbsp;<\/p>\n","protected":false},"excerpt":{"rendered":"<p>&nbsp; Betty Ger\u00f3nimo, la nueva alcaldesa de Santo Domingo Norte,\u00a0 se ha graduado de la maestr\u00eda en Derecho Administrativo y Gesti\u00f3n Municipal con la Universidad de Castilla La Mancha (UCLM) de Espa\u00f1a, que ha culminado junto a otros profesionales, alcaldes y t\u00e9cnicos. La actividad cont\u00f3 con la presencia de la vicepresidenta de la Rep\u00fablica, Raquel [&hellip;]<\/p>\n","protected":false},"author":1,"featured_media":667,"comment_status":"open","ping_status":"open","sticky":false,"template":"","format":"standard","meta":{"om_disable_all_campaigns":false,"_monsterinsights_skip_tracking":false,"_monsterinsights_sitenote_active":false,"_monsterinsights_sitenote_note":"","_monsterinsights_sitenote_category":0,"footnotes":""},"categories":[127],"tags":[173,174],"class_list":{"0":"post-666","1":"post","2":"type-post","3":"status-publish","4":"format-standard","5":"has-post-thumbnail","7":"category-politica","8":"tag-betty-geronimo","9":"tag-villa-mella"},"aioseo_notices":[],"_links":{"self":[{"href":"https:\/\/periodicolarepublica.com\/index.php\/wp-json\/wp\/v2\/posts\/666","targetHints":{"allow":["GET"]}}],"collection":[{"href":"https:\/\/periodicolarepublica.com\/index.php\/wp-json\/wp\/v2\/posts"}],"about":[{"href":"https:\/\/periodicolarepublica.com\/index.php\/wp-json\/wp\/v2\/types\/post"}],"author":[{"embeddable":true,"href":"https:\/\/periodicolarepublica.com\/index.php\/wp-json\/wp\/v2\/users\/1"}],"replies":[{"embeddable":true,"href":"https:\/\/periodicolarepublica.com\/index.php\/wp-json\/wp\/v2\/comments?post=666"}],"version-history":[{"count":1,"href":"https:\/\/periodicolarepublica.com\/index.php\/wp-json\/wp\/v2\/posts\/666\/revisions"}],"predecessor-version":[{"id":668,"href":"https:\/\/periodicolarepublica.com\/index.php\/wp-json\/wp\/v2\/posts\/666\/revisions\/668"}],"wp:featuredmedia":[{"embeddable":true,"href":"https:\/\/periodicolarepublica.com\/index.php\/wp-json\/wp\/v2\/media\/667"}],"wp:attachment":[{"href":"https:\/\/periodicolarepublica.com\/index.php\/wp-json\/wp\/v2\/media?parent=666"}],"wp:term":[{"taxonomy":"category","embeddable":true,"href":"https:\/\/periodicolarepublica.com\/index.php\/wp-json\/wp\/v2\/categories?post=666"},{"taxonomy":"post_tag","embeddable":true,"href":"https:\/\/periodicolarepublica.com\/index.php\/wp-json\/wp\/v2\/tags?post=666"}],"curies":[{"name":"wp","href":"https:\/\/api.w.org\/{rel}","templated":true}]}}