{"id":669,"date":"2024-05-01T04:50:54","date_gmt":"2024-05-01T02:50:54","guid":{"rendered":"https:\/\/periodicolarepublica.com\/?p=669"},"modified":"2024-05-01T04:50:54","modified_gmt":"2024-05-01T02:50:54","slug":"senado-aprueba-en-segunda-lectura-proyecto-modifica-34-articulos-a-ley-491-06-sobre-aviacion-civil-de-rd","status":"publish","type":"post","link":"https:\/\/periodicolarepublica.com\/index.php\/2024\/05\/01\/senado-aprueba-en-segunda-lectura-proyecto-modifica-34-articulos-a-ley-491-06-sobre-aviacion-civil-de-rd\/","title":{"rendered":"Senado aprueba en segunda lectura proyecto modifica 34 art\u00edculos a Ley 491-06 sobre Aviaci\u00f3n Civil de RD"},"content":{"rendered":"<p style=\"text-align: left;\"><img loading=\"lazy\" decoding=\"async\" class=\"alignnone size-medium wp-image-670\" src=\"https:\/\/periodicolarepublica.com\/wp-content\/uploads\/2024\/05\/FOTO-SESION30-300x200.jpg\" alt=\"\" width=\"300\" height=\"200\" srcset=\"https:\/\/periodicolarepublica.com\/wp-content\/uploads\/2024\/05\/FOTO-SESION30-300x200.jpg?v=1715379791 300w, https:\/\/periodicolarepublica.com\/wp-content\/uploads\/2024\/05\/FOTO-SESION30-1024x682.jpg?v=1715379791 1024w, https:\/\/periodicolarepublica.com\/wp-content\/uploads\/2024\/05\/FOTO-SESION30-768x512.jpg?v=1715379791 768w, https:\/\/periodicolarepublica.com\/wp-content\/uploads\/2024\/05\/FOTO-SESION30-150x100.jpg?v=1715379791 150w, https:\/\/periodicolarepublica.com\/wp-content\/uploads\/2024\/05\/FOTO-SESION30-600x400.jpg?v=1715379791 600w, https:\/\/periodicolarepublica.com\/wp-content\/uploads\/2024\/05\/FOTO-SESION30-696x464.jpg?v=1715379791 696w, https:\/\/periodicolarepublica.com\/wp-content\/uploads\/2024\/05\/FOTO-SESION30-1068x712.jpg?v=1715379791 1068w, https:\/\/periodicolarepublica.com\/wp-content\/uploads\/2024\/05\/FOTO-SESION30.jpg?v=1715379791 1280w\" sizes=\"auto, (max-width: 300px) 100vw, 300px\" \/>.<\/p>\n<p>SANTO DOMINGO. &#8211; El Senado de la Rep\u00fablica aprob\u00f3 este martes en segunda lectura el proyecto de ley que modifica 34 art\u00edculos de la Ley 491-06 sobre Aviaci\u00f3n Civil de la Rep\u00fablica Dominicana, la actualiza e incluye la regulaci\u00f3n de la operaci\u00f3n de drones.<\/p>\n<p>La normativa legislativa tiene el prop\u00f3sito de robustecer la legislaci\u00f3n en el \u00e1mbito de la seguridad operacional, haci\u00e9ndola m\u00e1s c\u00f3nsona con los criterios establecidos por la Organizaci\u00f3n de Aviaci\u00f3n internacional (OACI).<\/p>\n<p>Aeronave piloteada a distancia: Aeronave no tripulada que es piloteada desde una estaci\u00f3n de pilotaje a distancia.<\/p>\n<p>2. Convalidaci\u00f3n: Aceptaci\u00f3n por escrito de una medida adoptada por la Autoridad de Aviaci\u00f3n Civil de otro pa\u00eds, en lugar de una medida que tome el director o directora general en ejercicio de las facultades que le confiere la presente ley.<\/p>\n<p>3. Dispositivo: Instrumentos, equipos, aparatos, partes, aditamentos o accesorios de cualquier tipo que se usan, pueden usarse o est\u00e1n destinados a usarse en la navegaci\u00f3n, la operaci\u00f3n o el control de una aeronave en vuelo (incluidos los paraca\u00eddas, equipos de comunicaci\u00f3n y cualquier otro mecanismo instalado en la aeronave, o sujeto a \u00e9sta durante el vuelo y que no forman parte de la aeronave ni de los productos aeron\u00e1uticos<\/p>\n","protected":false},"excerpt":{"rendered":"<p>. SANTO DOMINGO. &#8211; El Senado de la Rep\u00fablica aprob\u00f3 este martes en segunda lectura el proyecto de ley que modifica 34 art\u00edculos de la Ley 491-06 sobre Aviaci\u00f3n Civil de la Rep\u00fablica Dominicana, la actualiza e incluye la regulaci\u00f3n de la operaci\u00f3n de drones. La normativa legislativa tiene el prop\u00f3sito de robustecer la legislaci\u00f3n [&hellip;]<\/p>\n","protected":false},"author":1,"featured_media":670,"comment_status":"open","ping_status":"open","sticky":false,"template":"","format":"standard","meta":{"om_disable_all_campaigns":false,"_monsterinsights_skip_tracking":false,"_monsterinsights_sitenote_active":false,"_monsterinsights_sitenote_note":"","_monsterinsights_sitenote_category":0,"footnotes":""},"categories":[1],"tags":[],"class_list":{"0":"post-669","1":"post","2":"type-post","3":"status-publish","4":"format-standard","5":"has-post-thumbnail","7":"category-nacionales"},"aioseo_notices":[],"_links":{"self":[{"href":"https:\/\/periodicolarepublica.com\/index.php\/wp-json\/wp\/v2\/posts\/669","targetHints":{"allow":["GET"]}}],"collection":[{"href":"https:\/\/periodicolarepublica.com\/index.php\/wp-json\/wp\/v2\/posts"}],"about":[{"href":"https:\/\/periodicolarepublica.com\/index.php\/wp-json\/wp\/v2\/types\/post"}],"author":[{"embeddable":true,"href":"https:\/\/periodicolarepublica.com\/index.php\/wp-json\/wp\/v2\/users\/1"}],"replies":[{"embeddable":true,"href":"https:\/\/periodicolarepublica.com\/index.php\/wp-json\/wp\/v2\/comments?post=669"}],"version-history":[{"count":1,"href":"https:\/\/periodicolarepublica.com\/index.php\/wp-json\/wp\/v2\/posts\/669\/revisions"}],"predecessor-version":[{"id":671,"href":"https:\/\/periodicolarepublica.com\/index.php\/wp-json\/wp\/v2\/posts\/669\/revisions\/671"}],"wp:featuredmedia":[{"embeddable":true,"href":"https:\/\/periodicolarepublica.com\/index.php\/wp-json\/wp\/v2\/media\/670"}],"wp:attachment":[{"href":"https:\/\/periodicolarepublica.com\/index.php\/wp-json\/wp\/v2\/media?parent=669"}],"wp:term":[{"taxonomy":"category","embeddable":true,"href":"https:\/\/periodicolarepublica.com\/index.php\/wp-json\/wp\/v2\/categories?post=669"},{"taxonomy":"post_tag","embeddable":true,"href":"https:\/\/periodicolarepublica.com\/index.php\/wp-json\/wp\/v2\/tags?post=669"}],"curies":[{"name":"wp","href":"https:\/\/api.w.org\/{rel}","templated":true}]}}