{"id":672,"date":"2024-05-01T04:56:48","date_gmt":"2024-05-01T02:56:48","guid":{"rendered":"https:\/\/periodicolarepublica.com\/?p=672"},"modified":"2024-05-01T04:56:48","modified_gmt":"2024-05-01T02:56:48","slug":"david-collado-llama-a-la-unidad-a-paises-de-las-americas-para-impulsar-el-turismo-y-sus-economias","status":"publish","type":"post","link":"https:\/\/periodicolarepublica.com\/index.php\/2024\/05\/01\/david-collado-llama-a-la-unidad-a-paises-de-las-americas-para-impulsar-el-turismo-y-sus-economias\/","title":{"rendered":"David Collado llama a la unidad a pa\u00edses de las Am\u00e9ricas para impulsar el turismo y sus econom\u00edas."},"content":{"rendered":"<p><img loading=\"lazy\" decoding=\"async\" class=\"alignnone size-medium wp-image-562\" src=\"https:\/\/periodicolarepublica.com\/wp-content\/uploads\/2024\/04\/Picsart_24-04-06_10-44-46-859-300x169.jpg\" alt=\"\" width=\"300\" height=\"169\" srcset=\"https:\/\/periodicolarepublica.com\/wp-content\/uploads\/2024\/04\/Picsart_24-04-06_10-44-46-859-300x169.jpg?v=1715379801 300w, https:\/\/periodicolarepublica.com\/wp-content\/uploads\/2024\/04\/Picsart_24-04-06_10-44-46-859-1024x576.jpg?v=1715379801 1024w, https:\/\/periodicolarepublica.com\/wp-content\/uploads\/2024\/04\/Picsart_24-04-06_10-44-46-859-768x432.jpg?v=1715379801 768w, https:\/\/periodicolarepublica.com\/wp-content\/uploads\/2024\/04\/Picsart_24-04-06_10-44-46-859-1536x864.jpg?v=1715379801 1536w, https:\/\/periodicolarepublica.com\/wp-content\/uploads\/2024\/04\/Picsart_24-04-06_10-44-46-859-2048x1152.jpg?v=1715379801 2048w, https:\/\/periodicolarepublica.com\/wp-content\/uploads\/2024\/04\/Picsart_24-04-06_10-44-46-859-150x84.jpg?v=1715379801 150w, https:\/\/periodicolarepublica.com\/wp-content\/uploads\/2024\/04\/Picsart_24-04-06_10-44-46-859-600x338.jpg?v=1715379801 600w, https:\/\/periodicolarepublica.com\/wp-content\/uploads\/2024\/04\/Picsart_24-04-06_10-44-46-859-696x392.jpg?v=1715379801 696w, https:\/\/periodicolarepublica.com\/wp-content\/uploads\/2024\/04\/Picsart_24-04-06_10-44-46-859-1392x783.jpg?v=1715379801 1392w, https:\/\/periodicolarepublica.com\/wp-content\/uploads\/2024\/04\/Picsart_24-04-06_10-44-46-859-1068x601.jpg?v=1715379801 1068w, https:\/\/periodicolarepublica.com\/wp-content\/uploads\/2024\/04\/Picsart_24-04-06_10-44-46-859-1920x1080.jpg?v=1715379801 1920w\" sizes=\"auto, (max-width: 300px) 100vw, 300px\" \/><\/p>\n<p>David Collado, en su condici\u00f3n de presidente de la Comisi\u00f3n Regional para Las Am\u00e9ricas de la OMT, el ministro de Turismo dominicano dice que es necesario desarrollar una agenda com\u00fan que garantice mayor conectividad.<\/p>\n<p>El ministro de Turismo de Rep\u00fablica Dominicana y presidente de la Comisi\u00f3n Regional para las Am\u00e9ricas de la Organizaci\u00f3n Mundial de Turismo, David Collado, hizo un llamado de unidad a los pa\u00edses de la regi\u00f3n para impulsar, a\u00fan m\u00e1s, el desarrollo del sector y \u00abpor consiguiente de sus econom\u00edas\u00bb, dicha reuni\u00f3n celebrada en Varadero, Cuba.<\/p>\n","protected":false},"excerpt":{"rendered":"<p>David Collado, en su condici\u00f3n de presidente de la Comisi\u00f3n Regional para Las Am\u00e9ricas de la OMT, el ministro de Turismo dominicano dice que es necesario desarrollar una agenda com\u00fan que garantice mayor conectividad. El ministro de Turismo de Rep\u00fablica Dominicana y presidente de la Comisi\u00f3n Regional para las Am\u00e9ricas de la Organizaci\u00f3n Mundial de [&hellip;]<\/p>\n","protected":false},"author":1,"featured_media":562,"comment_status":"open","ping_status":"open","sticky":false,"template":"","format":"standard","meta":{"om_disable_all_campaigns":false,"_monsterinsights_skip_tracking":false,"_monsterinsights_sitenote_active":false,"_monsterinsights_sitenote_note":"","_monsterinsights_sitenote_category":0,"footnotes":""},"categories":[1],"tags":[],"class_list":{"0":"post-672","1":"post","2":"type-post","3":"status-publish","4":"format-standard","5":"has-post-thumbnail","7":"category-nacionales"},"aioseo_notices":[],"_links":{"self":[{"href":"https:\/\/periodicolarepublica.com\/index.php\/wp-json\/wp\/v2\/posts\/672","targetHints":{"allow":["GET"]}}],"collection":[{"href":"https:\/\/periodicolarepublica.com\/index.php\/wp-json\/wp\/v2\/posts"}],"about":[{"href":"https:\/\/periodicolarepublica.com\/index.php\/wp-json\/wp\/v2\/types\/post"}],"author":[{"embeddable":true,"href":"https:\/\/periodicolarepublica.com\/index.php\/wp-json\/wp\/v2\/users\/1"}],"replies":[{"embeddable":true,"href":"https:\/\/periodicolarepublica.com\/index.php\/wp-json\/wp\/v2\/comments?post=672"}],"version-history":[{"count":1,"href":"https:\/\/periodicolarepublica.com\/index.php\/wp-json\/wp\/v2\/posts\/672\/revisions"}],"predecessor-version":[{"id":673,"href":"https:\/\/periodicolarepublica.com\/index.php\/wp-json\/wp\/v2\/posts\/672\/revisions\/673"}],"wp:featuredmedia":[{"embeddable":true,"href":"https:\/\/periodicolarepublica.com\/index.php\/wp-json\/wp\/v2\/media\/562"}],"wp:attachment":[{"href":"https:\/\/periodicolarepublica.com\/index.php\/wp-json\/wp\/v2\/media?parent=672"}],"wp:term":[{"taxonomy":"category","embeddable":true,"href":"https:\/\/periodicolarepublica.com\/index.php\/wp-json\/wp\/v2\/categories?post=672"},{"taxonomy":"post_tag","embeddable":true,"href":"https:\/\/periodicolarepublica.com\/index.php\/wp-json\/wp\/v2\/tags?post=672"}],"curies":[{"name":"wp","href":"https:\/\/api.w.org\/{rel}","templated":true}]}}