{"id":676,"date":"2024-05-01T18:57:24","date_gmt":"2024-05-01T16:57:24","guid":{"rendered":"https:\/\/periodicolarepublica.com\/?p=676"},"modified":"2024-05-01T18:57:24","modified_gmt":"2024-05-01T16:57:24","slug":"carolina-mejia-es-reconocida-por-tesoreria-nacional-en-transparencia-integridad","status":"publish","type":"post","link":"https:\/\/periodicolarepublica.com\/index.php\/2024\/05\/01\/carolina-mejia-es-reconocida-por-tesoreria-nacional-en-transparencia-integridad\/","title":{"rendered":"Carolina Mej\u00eda es reconocida por Tesorer\u00eda Nacional en transparencia, integridad\u00a0"},"content":{"rendered":"<p><img loading=\"lazy\" decoding=\"async\" class=\"alignnone size-medium wp-image-678\" src=\"https:\/\/periodicolarepublica.com\/wp-content\/uploads\/2024\/05\/IMG-20240501-WA0012-1-300x200.jpg\" alt=\"\" width=\"300\" height=\"200\" srcset=\"https:\/\/periodicolarepublica.com\/wp-content\/uploads\/2024\/05\/IMG-20240501-WA0012-1-300x200.jpg?v=1715379790 300w, https:\/\/periodicolarepublica.com\/wp-content\/uploads\/2024\/05\/IMG-20240501-WA0012-1-1024x682.jpg?v=1715379790 1024w, https:\/\/periodicolarepublica.com\/wp-content\/uploads\/2024\/05\/IMG-20240501-WA0012-1-768x512.jpg?v=1715379790 768w, https:\/\/periodicolarepublica.com\/wp-content\/uploads\/2024\/05\/IMG-20240501-WA0012-1-1536x1023.jpg?v=1715379790 1536w, https:\/\/periodicolarepublica.com\/wp-content\/uploads\/2024\/05\/IMG-20240501-WA0012-1-150x100.jpg?v=1715379790 150w, https:\/\/periodicolarepublica.com\/wp-content\/uploads\/2024\/05\/IMG-20240501-WA0012-1-600x400.jpg?v=1715379790 600w, https:\/\/periodicolarepublica.com\/wp-content\/uploads\/2024\/05\/IMG-20240501-WA0012-1-696x464.jpg?v=1715379790 696w, https:\/\/periodicolarepublica.com\/wp-content\/uploads\/2024\/05\/IMG-20240501-WA0012-1-1392x927.jpg?v=1715379790 1392w, https:\/\/periodicolarepublica.com\/wp-content\/uploads\/2024\/05\/IMG-20240501-WA0012-1-1068x712.jpg?v=1715379790 1068w, https:\/\/periodicolarepublica.com\/wp-content\/uploads\/2024\/05\/IMG-20240501-WA0012-1.jpg?v=1715379790 1600w\" sizes=\"auto, (max-width: 300px) 100vw, 300px\" \/><\/p>\n<p>La Tesorer\u00eda Nacional (TN) realiz\u00f3 un evento de reconocimiento a la labor realizada por la alcaldesa del Distrito Nacional, Carolina Mej\u00eda, al frente de sus funciones apoyada en la honestidad como un pilar importante de su gesti\u00f3n.<\/p>\n<p>Luis Rafael Delgado S\u00e1nchez, Tesorero Nacional, al entregar una placa a Mej\u00eda precis\u00f3 que la instituci\u00f3n que preside reconoce a la funcionaria por dirigir el gobierno municipal con los m\u00e1s altos valores de transparencia, integridad, excelencia y compromiso.<\/p>\n<p>La alcaldesa agradeci\u00f3 el gesto del reconocimiento, y reiter\u00f3 su compromiso de seguir trabajando por los mun\u00edcipes del Distrito Nacional con \u00e9tica y moral, que es el mejor legado que se le puede dejar a cada uno de los ciudadanos, afirm\u00f3.<\/p>\n<p>\u201cEstamos en estos momentos en un proceso de modernizaci\u00f3n de la Alcald\u00eda del Distrito Nacional\u201d, agreg\u00f3 tambi\u00e9n Mej\u00eda al dirigirse a los colaboradores de la TN en el marco del evento.<\/p>\n<p>De igual forma, indic\u00f3 que los procesos de gesti\u00f3n de la Tesorer\u00eda Nacional en la administraci\u00f3n de Luis Rafael Delgado S\u00e1nchez han tenido avances significativos. \u201cEl cambio, es un cambio extraordinario, que se traduce en un Estado m\u00e1s transparente. Los procesos de pagos est\u00e1n muchos m\u00e1s \u00e1giles, m\u00e1s transparentes y a tiempo\u201d, afirm\u00f3 la funcionaria municipal al sostener que recibe el reconocimiento a nombre de ese esfuerzo realizado junto a su equipo de trabajo.<\/p>\n<p>En la actividad habl\u00f3 tambi\u00e9n Yovanny D\u00edaz Mendoza, director del Departamento de \u00c9tica e Integridad Gubernamental (DIGEIG), quien subray\u00f3 la importancia de la \u00e9tica y la integridad como elemento importante en la gesti\u00f3n p\u00fablica.<\/p>\n<p>En el evento, que asistieron tambi\u00e9n funcionarios de la Alcald\u00eda del Distrito Nacional (ADN), se present\u00f3 un audiovisual sobre la vida y obra de la gesti\u00f3n p\u00fablica de Carolina Mej\u00eda.<\/p>\n<p>Por la Tesorer\u00eda Nacional adem\u00e1s del Tesorero Nacional, Luis Rafael Delgado S\u00e1nchez, particip\u00f3 Isidro de la Cruz, subtesorero nacional y funcionarios de la instituci\u00f3n.\u2666<\/p>\n","protected":false},"excerpt":{"rendered":"<p>La Tesorer\u00eda Nacional (TN) realiz\u00f3 un evento de reconocimiento a la labor realizada por la alcaldesa del Distrito Nacional, Carolina Mej\u00eda, al frente de sus funciones apoyada en la honestidad como un pilar importante de su gesti\u00f3n. Luis Rafael Delgado S\u00e1nchez, Tesorero Nacional, al entregar una placa a Mej\u00eda precis\u00f3 que la instituci\u00f3n que preside [&hellip;]<\/p>\n","protected":false},"author":1,"featured_media":678,"comment_status":"open","ping_status":"open","sticky":false,"template":"","format":"standard","meta":{"om_disable_all_campaigns":false,"_monsterinsights_skip_tracking":false,"_monsterinsights_sitenote_active":false,"_monsterinsights_sitenote_note":"","_monsterinsights_sitenote_category":0,"footnotes":""},"categories":[1],"tags":[],"class_list":{"0":"post-676","1":"post","2":"type-post","3":"status-publish","4":"format-standard","5":"has-post-thumbnail","7":"category-nacionales"},"aioseo_notices":[],"_links":{"self":[{"href":"https:\/\/periodicolarepublica.com\/index.php\/wp-json\/wp\/v2\/posts\/676","targetHints":{"allow":["GET"]}}],"collection":[{"href":"https:\/\/periodicolarepublica.com\/index.php\/wp-json\/wp\/v2\/posts"}],"about":[{"href":"https:\/\/periodicolarepublica.com\/index.php\/wp-json\/wp\/v2\/types\/post"}],"author":[{"embeddable":true,"href":"https:\/\/periodicolarepublica.com\/index.php\/wp-json\/wp\/v2\/users\/1"}],"replies":[{"embeddable":true,"href":"https:\/\/periodicolarepublica.com\/index.php\/wp-json\/wp\/v2\/comments?post=676"}],"version-history":[{"count":1,"href":"https:\/\/periodicolarepublica.com\/index.php\/wp-json\/wp\/v2\/posts\/676\/revisions"}],"predecessor-version":[{"id":679,"href":"https:\/\/periodicolarepublica.com\/index.php\/wp-json\/wp\/v2\/posts\/676\/revisions\/679"}],"wp:featuredmedia":[{"embeddable":true,"href":"https:\/\/periodicolarepublica.com\/index.php\/wp-json\/wp\/v2\/media\/678"}],"wp:attachment":[{"href":"https:\/\/periodicolarepublica.com\/index.php\/wp-json\/wp\/v2\/media?parent=676"}],"wp:term":[{"taxonomy":"category","embeddable":true,"href":"https:\/\/periodicolarepublica.com\/index.php\/wp-json\/wp\/v2\/categories?post=676"},{"taxonomy":"post_tag","embeddable":true,"href":"https:\/\/periodicolarepublica.com\/index.php\/wp-json\/wp\/v2\/tags?post=676"}],"curies":[{"name":"wp","href":"https:\/\/api.w.org\/{rel}","templated":true}]}}