{"id":68,"date":"2023-11-24T13:45:25","date_gmt":"2023-11-24T12:45:25","guid":{"rendered":"https:\/\/periodicolarepublica.com\/?p=68"},"modified":"2023-11-27T16:48:40","modified_gmt":"2023-11-27T15:48:40","slug":"agenda-oriental-celebro-este-jueves-23-en-las-instalaciones-de-mr-grill-de-la-avenida-venezuela-su-paso-a-la-tv-conto-con-la-asistencia-de-medios-de-prensa-candidatos-actuales-diputados-de-diferen","status":"publish","type":"post","link":"https:\/\/periodicolarepublica.com\/index.php\/2023\/11\/24\/agenda-oriental-celebro-este-jueves-23-en-las-instalaciones-de-mr-grill-de-la-avenida-venezuela-su-paso-a-la-tv-conto-con-la-asistencia-de-medios-de-prensa-candidatos-actuales-diputados-de-diferen\/","title":{"rendered":"Agenda Oriental pasa a TV"},"content":{"rendered":"\n<figure class=\"wp-block-image size-large is-resized\"><img loading=\"lazy\" decoding=\"async\" width=\"625\" height=\"1389\" src=\"https:\/\/periodicolarepublica.com\/wp-content\/uploads\/2023\/11\/Screenshot_2023-11-24-07-04-41-785_com.google.android.youtube-edited.jpg\" alt=\"\" class=\"wp-image-70\" style=\"width:300px;height:auto\" srcset=\"https:\/\/periodicolarepublica.com\/wp-content\/uploads\/2023\/11\/Screenshot_2023-11-24-07-04-41-785_com.google.android.youtube-edited.jpg?v=1715379863 625w, https:\/\/periodicolarepublica.com\/wp-content\/uploads\/2023\/11\/Screenshot_2023-11-24-07-04-41-785_com.google.android.youtube-edited-135x300.jpg?v=1715379863 135w, https:\/\/periodicolarepublica.com\/wp-content\/uploads\/2023\/11\/Screenshot_2023-11-24-07-04-41-785_com.google.android.youtube-edited-461x1024.jpg?v=1715379863 461w\" sizes=\"auto, (max-width: 625px) 100vw, 625px\" \/><\/figure>\n\n\n\n<p>El programa Agenda Oriental a la cabeza de Jose Paulino cono medio de comunicaci\u00f3n de Santo Domingo Este, dieron el paso a la Televisi\u00f3n, y se present\u00f3 la misma en una actividad que conto con diferentes personalidades del sector p\u00fablico y privado, pol\u00edticos y otros invitados.<\/p>\n","protected":false},"excerpt":{"rendered":"<p>El programa Agenda Oriental a la cabeza de Jose Paulino cono medio de comunicaci\u00f3n de Santo Domingo Este, dieron el paso a la Televisi\u00f3n, y se present\u00f3 la misma en una actividad que conto con diferentes personalidades del sector p\u00fablico y privado, pol\u00edticos y otros invitados.<\/p>\n","protected":false},"author":1,"featured_media":70,"comment_status":"open","ping_status":"open","sticky":false,"template":"","format":"standard","meta":{"om_disable_all_campaigns":false,"_monsterinsights_skip_tracking":false,"_monsterinsights_sitenote_active":false,"_monsterinsights_sitenote_note":"","_monsterinsights_sitenote_category":0,"footnotes":""},"categories":[1],"tags":[],"class_list":{"0":"post-68","1":"post","2":"type-post","3":"status-publish","4":"format-standard","5":"has-post-thumbnail","7":"category-nacionales"},"aioseo_notices":[],"_links":{"self":[{"href":"https:\/\/periodicolarepublica.com\/index.php\/wp-json\/wp\/v2\/posts\/68","targetHints":{"allow":["GET"]}}],"collection":[{"href":"https:\/\/periodicolarepublica.com\/index.php\/wp-json\/wp\/v2\/posts"}],"about":[{"href":"https:\/\/periodicolarepublica.com\/index.php\/wp-json\/wp\/v2\/types\/post"}],"author":[{"embeddable":true,"href":"https:\/\/periodicolarepublica.com\/index.php\/wp-json\/wp\/v2\/users\/1"}],"replies":[{"embeddable":true,"href":"https:\/\/periodicolarepublica.com\/index.php\/wp-json\/wp\/v2\/comments?post=68"}],"version-history":[{"count":3,"href":"https:\/\/periodicolarepublica.com\/index.php\/wp-json\/wp\/v2\/posts\/68\/revisions"}],"predecessor-version":[{"id":113,"href":"https:\/\/periodicolarepublica.com\/index.php\/wp-json\/wp\/v2\/posts\/68\/revisions\/113"}],"wp:featuredmedia":[{"embeddable":true,"href":"https:\/\/periodicolarepublica.com\/index.php\/wp-json\/wp\/v2\/media\/70"}],"wp:attachment":[{"href":"https:\/\/periodicolarepublica.com\/index.php\/wp-json\/wp\/v2\/media?parent=68"}],"wp:term":[{"taxonomy":"category","embeddable":true,"href":"https:\/\/periodicolarepublica.com\/index.php\/wp-json\/wp\/v2\/categories?post=68"},{"taxonomy":"post_tag","embeddable":true,"href":"https:\/\/periodicolarepublica.com\/index.php\/wp-json\/wp\/v2\/tags?post=68"}],"curies":[{"name":"wp","href":"https:\/\/api.w.org\/{rel}","templated":true}]}}