{"id":680,"date":"2024-05-01T19:45:16","date_gmt":"2024-05-01T17:45:16","guid":{"rendered":"https:\/\/periodicolarepublica.com\/?p=680"},"modified":"2024-05-01T19:45:16","modified_gmt":"2024-05-01T17:45:16","slug":"vicepresidenta-raquel-pena-dice-el-pais-se-consolida-como-un-destino-estrategico-para-la-inversion","status":"publish","type":"post","link":"https:\/\/periodicolarepublica.com\/index.php\/2024\/05\/01\/vicepresidenta-raquel-pena-dice-el-pais-se-consolida-como-un-destino-estrategico-para-la-inversion\/","title":{"rendered":"Vicepresidenta Raquel Pe\u00f1a dice el pa\u00eds se consolida como un destino estrat\u00e9gico para la inversi\u00f3n"},"content":{"rendered":"<p>&nbsp;<\/p>\n<figure id=\"attachment_681\" aria-describedby=\"caption-attachment-681\" style=\"width: 300px\" class=\"wp-caption alignnone\"><img loading=\"lazy\" decoding=\"async\" class=\"size-medium wp-image-681\" src=\"https:\/\/periodicolarepublica.com\/wp-content\/uploads\/2024\/05\/IMG_20240501_134035-300x217.jpg\" alt=\"\" width=\"300\" height=\"217\" srcset=\"https:\/\/periodicolarepublica.com\/wp-content\/uploads\/2024\/05\/IMG_20240501_134035-300x217.jpg?v=1715379790 300w, https:\/\/periodicolarepublica.com\/wp-content\/uploads\/2024\/05\/IMG_20240501_134035-1024x740.jpg?v=1715379790 1024w, https:\/\/periodicolarepublica.com\/wp-content\/uploads\/2024\/05\/IMG_20240501_134035-768x555.jpg?v=1715379790 768w, https:\/\/periodicolarepublica.com\/wp-content\/uploads\/2024\/05\/IMG_20240501_134035-1536x1111.jpg?v=1715379790 1536w, https:\/\/periodicolarepublica.com\/wp-content\/uploads\/2024\/05\/IMG_20240501_134035-150x108.jpg?v=1715379790 150w, https:\/\/periodicolarepublica.com\/wp-content\/uploads\/2024\/05\/IMG_20240501_134035-600x434.jpg?v=1715379790 600w, https:\/\/periodicolarepublica.com\/wp-content\/uploads\/2024\/05\/IMG_20240501_134035-696x503.jpg?v=1715379790 696w, https:\/\/periodicolarepublica.com\/wp-content\/uploads\/2024\/05\/IMG_20240501_134035-1392x1006.jpg?v=1715379790 1392w, https:\/\/periodicolarepublica.com\/wp-content\/uploads\/2024\/05\/IMG_20240501_134035-1068x772.jpg?v=1715379790 1068w, https:\/\/periodicolarepublica.com\/wp-content\/uploads\/2024\/05\/IMG_20240501_134035-1920x1388.jpg?v=1715379790 1920w, https:\/\/periodicolarepublica.com\/wp-content\/uploads\/2024\/05\/IMG_20240501_134035-324x235.jpg?v=1715379790 324w, https:\/\/periodicolarepublica.com\/wp-content\/uploads\/2024\/05\/IMG_20240501_134035-648x470.jpg?v=1715379790 648w, https:\/\/periodicolarepublica.com\/wp-content\/uploads\/2024\/05\/IMG_20240501_134035.jpg?v=1715379790 1946w\" sizes=\"auto, (max-width: 300px) 100vw, 300px\" \/><figcaption id=\"caption-attachment-681\" class=\"wp-caption-text\">M\u00e1ximo Mi\u00f1oso entrevistando a Raquel Pe\u00f1a, vicepresidenta. Editado con foto de archivo<\/figcaption><\/figure>\n<p>.<\/p>\n<p>La vicepresidenta de la Rep\u00fablica, Raquel Pe\u00f1a, resalt\u00f3, este mi\u00e9rcoles, que caracter\u00edsticas como la modernizaci\u00f3n de leyes que facilitan el comercio, acuerdos que ofrecen acceso a un mercado global, la paz social y ubicaci\u00f3n privilegiada hacen de la inversi\u00f3n en Rep\u00fablica Dominicana \u201cuna decisi\u00f3n inteligente\u201d.<\/p>\n<p>Pe\u00f1a se\u00f1al\u00f3 que el pa\u00eds ha redoblado sus esfuerzos para generar un clima favorable a la inversi\u00f3n y que para lograrlo se han fortalecido pol\u00edticas pro-mercado y pro-inversi\u00f3n, manteniendo un compromiso firme con el gasto social de calidad, y asegurando as\u00ed un crecimiento inclusivo y sostenible, pensando siempre en aquellos que menos tienen.<\/p>\n<p>En el marco de su participaci\u00f3n, como oradora central, en el desayuno conferencia de la C\u00e1mara de Comercio Dominico Mexicana (Cadommex), la vicemandataria destac\u00f3 que cuando existe confianza entre las partes, el intercambio comercial es exitoso. \u201cEsta confianza se construye a trav\u00e9s del tiempo, con respeto mutuo y mucha colaboraci\u00f3n, como ha ocurrido entre M\u00e9xico y la Rep\u00fablica Dominicana\u201d, agreg\u00f3.<\/p>\n<p>La vicepresidenta dijo, adem\u00e1s, que este tipo de espacios como el organizado por la Cadommex es una oportunidad que permite estrechar los v\u00ednculos con M\u00e9xico, una naci\u00f3n con la que la Rep\u00fablica Dominicana ha cultivado un v\u00ednculo cordial y fruct\u00edfero, marcado por un din\u00e1mico intercambio cultural y comercial.<\/p>\n<p>Raquel Pe\u00f1a indic\u00f3 que, en cuanto a la inversi\u00f3n mexicana en el pa\u00eds, de acuerdo con los datos publicados por el Banco Central, M\u00e9xico se ha consolidado entre los tres principales acumulando la suma de 2,464.9 millones de d\u00f3lares hasta septiembre de 2023.<\/p>\n<p>Los principales sectores a los que M\u00e9xico ha dirigido esta inversi\u00f3n incluyen el inmobiliario, el comercio, la industria, el turismo, los servicios, los productos m\u00e9dicos, los metales y sus manufacturas.<\/p>\n<p>Por otro lado, Pe\u00f1a, quien tambi\u00e9n coordina el Gabinete de promoci\u00f3n de inversiones, asegur\u00f3 que el futuro se ve con optimismo por m\u00faltiples factores como el dinamismo de la econom\u00eda dominicana, las previsiones de crecimiento para el pr\u00f3ximo a\u00f1o en 5.4% y 5.1% para 2024 respetivamente, as\u00ed como otros indicadores.<\/p>\n<p>De su lado, Jes\u00fas Cornejo, presidente de la C\u00e1mara, dio las palabras de bienvenida y resalt\u00f3 el buen clima pol\u00edtico-econ\u00f3mico, que representa la mejor oportunidad para el buen desempe\u00f1o de la inversi\u00f3n extranjera, se\u00f1alando la importancia de la inversi\u00f3n mexicana en el Pa\u00eds.<\/p>\n<p>En el encuentro estuvieron presentes el embajador de M\u00e9xico en Rep\u00fablica Dominicana, Carlos Aysa, empresarios de los distintos sectores, funcionarios del Gobierno dominicano, entre otras personalidades.<\/p>\n","protected":false},"excerpt":{"rendered":"<p>&nbsp; . La vicepresidenta de la Rep\u00fablica, Raquel Pe\u00f1a, resalt\u00f3, este mi\u00e9rcoles, que caracter\u00edsticas como la modernizaci\u00f3n de leyes que facilitan el comercio, acuerdos que ofrecen acceso a un mercado global, la paz social y ubicaci\u00f3n privilegiada hacen de la inversi\u00f3n en Rep\u00fablica Dominicana \u201cuna decisi\u00f3n inteligente\u201d. Pe\u00f1a se\u00f1al\u00f3 que el pa\u00eds ha redoblado sus [&hellip;]<\/p>\n","protected":false},"author":1,"featured_media":681,"comment_status":"open","ping_status":"open","sticky":false,"template":"","format":"standard","meta":{"om_disable_all_campaigns":false,"_monsterinsights_skip_tracking":false,"_monsterinsights_sitenote_active":false,"_monsterinsights_sitenote_note":"","_monsterinsights_sitenote_category":0,"footnotes":""},"categories":[1],"tags":[],"class_list":{"0":"post-680","1":"post","2":"type-post","3":"status-publish","4":"format-standard","5":"has-post-thumbnail","7":"category-nacionales"},"aioseo_notices":[],"_links":{"self":[{"href":"https:\/\/periodicolarepublica.com\/index.php\/wp-json\/wp\/v2\/posts\/680","targetHints":{"allow":["GET"]}}],"collection":[{"href":"https:\/\/periodicolarepublica.com\/index.php\/wp-json\/wp\/v2\/posts"}],"about":[{"href":"https:\/\/periodicolarepublica.com\/index.php\/wp-json\/wp\/v2\/types\/post"}],"author":[{"embeddable":true,"href":"https:\/\/periodicolarepublica.com\/index.php\/wp-json\/wp\/v2\/users\/1"}],"replies":[{"embeddable":true,"href":"https:\/\/periodicolarepublica.com\/index.php\/wp-json\/wp\/v2\/comments?post=680"}],"version-history":[{"count":1,"href":"https:\/\/periodicolarepublica.com\/index.php\/wp-json\/wp\/v2\/posts\/680\/revisions"}],"predecessor-version":[{"id":682,"href":"https:\/\/periodicolarepublica.com\/index.php\/wp-json\/wp\/v2\/posts\/680\/revisions\/682"}],"wp:featuredmedia":[{"embeddable":true,"href":"https:\/\/periodicolarepublica.com\/index.php\/wp-json\/wp\/v2\/media\/681"}],"wp:attachment":[{"href":"https:\/\/periodicolarepublica.com\/index.php\/wp-json\/wp\/v2\/media?parent=680"}],"wp:term":[{"taxonomy":"category","embeddable":true,"href":"https:\/\/periodicolarepublica.com\/index.php\/wp-json\/wp\/v2\/categories?post=680"},{"taxonomy":"post_tag","embeddable":true,"href":"https:\/\/periodicolarepublica.com\/index.php\/wp-json\/wp\/v2\/tags?post=680"}],"curies":[{"name":"wp","href":"https:\/\/api.w.org\/{rel}","templated":true}]}}