{"id":683,"date":"2024-05-02T17:07:49","date_gmt":"2024-05-02T15:07:49","guid":{"rendered":"https:\/\/periodicolarepublica.com\/?p=683"},"modified":"2024-05-02T17:07:49","modified_gmt":"2024-05-02T15:07:49","slug":"jean-luis-rodriguez-realiza-multitudinario-acto-en-apoyo-a-guillermo-moreno","status":"publish","type":"post","link":"https:\/\/periodicolarepublica.com\/index.php\/2024\/05\/02\/jean-luis-rodriguez-realiza-multitudinario-acto-en-apoyo-a-guillermo-moreno\/","title":{"rendered":"Jean Luis Rodr\u00edguez realiza multitudinario acto en apoyo a Guillermo Moreno"},"content":{"rendered":"<p><img loading=\"lazy\" decoding=\"async\" class=\"alignnone size-medium wp-image-684\" src=\"https:\/\/periodicolarepublica.com\/wp-content\/uploads\/2024\/05\/Picsart_24-05-02_09-24-35-889-300x289.jpg\" alt=\"\" width=\"300\" height=\"289\" srcset=\"https:\/\/periodicolarepublica.com\/wp-content\/uploads\/2024\/05\/Picsart_24-05-02_09-24-35-889-300x289.jpg?v=1715379790 300w, https:\/\/periodicolarepublica.com\/wp-content\/uploads\/2024\/05\/Picsart_24-05-02_09-24-35-889-1024x987.jpg?v=1715379790 1024w, https:\/\/periodicolarepublica.com\/wp-content\/uploads\/2024\/05\/Picsart_24-05-02_09-24-35-889-768x740.jpg?v=1715379790 768w, https:\/\/periodicolarepublica.com\/wp-content\/uploads\/2024\/05\/Picsart_24-05-02_09-24-35-889-1536x1480.jpg?v=1715379790 1536w, https:\/\/periodicolarepublica.com\/wp-content\/uploads\/2024\/05\/Picsart_24-05-02_09-24-35-889-150x145.jpg?v=1715379790 150w, https:\/\/periodicolarepublica.com\/wp-content\/uploads\/2024\/05\/Picsart_24-05-02_09-24-35-889-600x578.jpg?v=1715379790 600w, https:\/\/periodicolarepublica.com\/wp-content\/uploads\/2024\/05\/Picsart_24-05-02_09-24-35-889-696x671.jpg?v=1715379790 696w, https:\/\/periodicolarepublica.com\/wp-content\/uploads\/2024\/05\/Picsart_24-05-02_09-24-35-889-1392x1341.jpg?v=1715379790 1392w, https:\/\/periodicolarepublica.com\/wp-content\/uploads\/2024\/05\/Picsart_24-05-02_09-24-35-889-1068x1029.jpg?v=1715379790 1068w, https:\/\/periodicolarepublica.com\/wp-content\/uploads\/2024\/05\/Picsart_24-05-02_09-24-35-889.jpg?v=1715379790 1873w\" sizes=\"auto, (max-width: 300px) 100vw, 300px\" \/><\/p>\n<p>Durante el acto, la Secretaria General del Partido Revolucionario Moderno, Carolina Mej\u00eda, tom\u00f3 juramento a militantes y simpatizantes que abandonaron las filas del PLD y PRD, encabezados por Cristian Morel.<\/p>\n<p>El subsecretario de general de Partido Revolucionario Moderno, Jean Luis Rodr\u00edguez, realiz\u00f3 este mi\u00e9rcoles un multitudinario acto en apoyo a la candidatura de Guillermo Moreno al senado por el Distrito Nacional.<\/p>\n<p>El dirigente pol\u00edtico durante las palabras pronunciadas en el acto, resalt\u00f3 las cualidades humanas y pol\u00edticas de Guillermo Moreno, as\u00ed como su trayectoria pol\u00edtica, profesional, y su compromiso con el pa\u00eds.<\/p>\n<p>\u201cA partir de hoy, contamos con m\u00fasculos reforzados por Cristian Morel y todo el equipo que nos acompa\u00f1a, y el compromiso es continuar trabajando sin descanso cada uno de estos d\u00edas para que el 19 de mayo, cuando vayamos a celebrar junto al presidente Luis Abinader, tambi\u00e9n celebremos la victoria de Guillermo Moreno\u201d, enfatizo Jean Luis Rodr\u00edguez.<\/p>\n<p>Rodr\u00edguez hizo un llamado a los capitale\u00f1os a respaldar a Guillermo, resaltando que \u201cel peor error que se puede cometer en pol\u00edtica es creer que uno ya est\u00e1 ganado, aqu\u00ed hay que trabajar siempre como si no faltara un voto y ese es el compromiso que yo quiero que ustedes asuman en esta tarde, de que a partir de hoy, no van a descansar una sola hora hasta la victoria\u201d a\u00f1adi\u00f3.<\/p>\n<p>De su lado, Guillermo Moreno, agradeci\u00f3 el apoyo de Rodr\u00edguez y destac\u00f3 la capacidad de movilizaci\u00f3n de las estructuras perremeistas, comprometi\u00e9ndose a seguir trabajando unidos para llegar al 70 por ciento de los votos el pr\u00f3ximo 19 de mayo.<\/p>\n<p>\u201cNuestra amistad, la de ustedes con Jean Luis y conmigo, tiene una raz\u00f3n de ser que es muy sencilla, es que Luis Abinader contin\u00fae 4 a\u00f1os m\u00e1s en la direcci\u00f3n del estado; Luis Abinader es el cambio y la ciudadan\u00eda ha valorado esta gesti\u00f3n de gobierno por su honestidad, transparencia y su respecto a la institucionalidad democr\u00e1tica y si estos 4 a\u00f1os han sido buenos, los pr\u00f3ximos 4 ser\u00e1n mejores\u201d dijo Guillermo Moreno.<\/p>\n<p>Durante el acto, la Secretaria General del Partido Revolucionario Moderno, Carolino Mej\u00eda, tom\u00f3 juramento a militantes y simpatizantes que abandonan las filas del Partido de la Liberaci\u00f3n Dominicana y del Partido Revolucionario Dominicano, encabezados por Cristian Morel, Nayeli P\u00e9rez, Joana N\u00fa\u00f1ez, Javier Pichardo, Miguel \u00c1ngel S\u00e1nchez, Antonio Sosa, Daniel P\u00e9rez, Jeremy Castillo, Mar\u00eda Cabral, entre otros.<\/p>\n<p>\u201cVengo sin agendas marcadas, vengo a construir y a sumar, por eso lo que hoy Jean Luis est\u00e1 sumando aqu\u00ed es un manantial de agua limpia\u201d, afirmo Cristian Morel.<\/p>\n<p>Tambi\u00e9n fueron juramentados dirigentes por el \u201cMovimiento Pol\u00edtico Creciendo con Luis y Raquel 4+1\u201d, que proven\u00edan del PRD, Fuerza del Pueblo, PQDC y miembros de la Sociedad Civil.<\/p>\n<p>Acompa\u00f1aron a Jean Luis, adem\u00e1s de Carolina Mej\u00eda, el Secretario de Organizaci\u00f3n del PRM, Deligne Ascenci\u00f3n Burgos, el presidente y el Secretario General de la JRM, Carlos Valdez y Joaqu\u00edn Fern\u00e1ndez, adem\u00e1s, el coordinar de campa\u00f1a del Distrito Nacional, Alberto Atallah, Ney Rafael Garc\u00eda, y los aspirantes a diputados Liz Mieses, Vicente S\u00e1nchez, Eliana S\u00e1nchez, entre otros.<\/p>\n","protected":false},"excerpt":{"rendered":"<p>Durante el acto, la Secretaria General del Partido Revolucionario Moderno, Carolina Mej\u00eda, tom\u00f3 juramento a militantes y simpatizantes que abandonaron las filas del PLD y PRD, encabezados por Cristian Morel. El subsecretario de general de Partido Revolucionario Moderno, Jean Luis Rodr\u00edguez, realiz\u00f3 este mi\u00e9rcoles un multitudinario acto en apoyo a la candidatura de Guillermo Moreno [&hellip;]<\/p>\n","protected":false},"author":1,"featured_media":684,"comment_status":"open","ping_status":"open","sticky":false,"template":"","format":"standard","meta":{"om_disable_all_campaigns":false,"_monsterinsights_skip_tracking":false,"_monsterinsights_sitenote_active":false,"_monsterinsights_sitenote_note":"","_monsterinsights_sitenote_category":0,"footnotes":""},"categories":[127],"tags":[],"class_list":{"0":"post-683","1":"post","2":"type-post","3":"status-publish","4":"format-standard","5":"has-post-thumbnail","7":"category-politica"},"aioseo_notices":[],"_links":{"self":[{"href":"https:\/\/periodicolarepublica.com\/index.php\/wp-json\/wp\/v2\/posts\/683","targetHints":{"allow":["GET"]}}],"collection":[{"href":"https:\/\/periodicolarepublica.com\/index.php\/wp-json\/wp\/v2\/posts"}],"about":[{"href":"https:\/\/periodicolarepublica.com\/index.php\/wp-json\/wp\/v2\/types\/post"}],"author":[{"embeddable":true,"href":"https:\/\/periodicolarepublica.com\/index.php\/wp-json\/wp\/v2\/users\/1"}],"replies":[{"embeddable":true,"href":"https:\/\/periodicolarepublica.com\/index.php\/wp-json\/wp\/v2\/comments?post=683"}],"version-history":[{"count":1,"href":"https:\/\/periodicolarepublica.com\/index.php\/wp-json\/wp\/v2\/posts\/683\/revisions"}],"predecessor-version":[{"id":685,"href":"https:\/\/periodicolarepublica.com\/index.php\/wp-json\/wp\/v2\/posts\/683\/revisions\/685"}],"wp:featuredmedia":[{"embeddable":true,"href":"https:\/\/periodicolarepublica.com\/index.php\/wp-json\/wp\/v2\/media\/684"}],"wp:attachment":[{"href":"https:\/\/periodicolarepublica.com\/index.php\/wp-json\/wp\/v2\/media?parent=683"}],"wp:term":[{"taxonomy":"category","embeddable":true,"href":"https:\/\/periodicolarepublica.com\/index.php\/wp-json\/wp\/v2\/categories?post=683"},{"taxonomy":"post_tag","embeddable":true,"href":"https:\/\/periodicolarepublica.com\/index.php\/wp-json\/wp\/v2\/tags?post=683"}],"curies":[{"name":"wp","href":"https:\/\/api.w.org\/{rel}","templated":true}]}}