{"id":686,"date":"2024-05-03T23:27:44","date_gmt":"2024-05-03T21:27:44","guid":{"rendered":"https:\/\/periodicolarepublica.com\/?p=686"},"modified":"2024-05-03T23:27:44","modified_gmt":"2024-05-03T21:27:44","slug":"iad-supervisa-trabajos-de-factorias-arroceras-de-la-gina-de-miches","status":"publish","type":"post","link":"https:\/\/periodicolarepublica.com\/index.php\/2024\/05\/03\/iad-supervisa-trabajos-de-factorias-arroceras-de-la-gina-de-miches\/","title":{"rendered":"IAD supervisa trabajos de factor\u00edas arroceras de La Gina de Miches"},"content":{"rendered":"<p><img loading=\"lazy\" decoding=\"async\" class=\"alignnone size-medium wp-image-687\" src=\"https:\/\/periodicolarepublica.com\/wp-content\/uploads\/2024\/05\/IMG-20240503-WA0071-300x200.jpg\" alt=\"\" width=\"300\" height=\"200\" srcset=\"https:\/\/periodicolarepublica.com\/wp-content\/uploads\/2024\/05\/IMG-20240503-WA0071-300x200.jpg?v=1715379789 300w, https:\/\/periodicolarepublica.com\/wp-content\/uploads\/2024\/05\/IMG-20240503-WA0071-1024x682.jpg?v=1715379789 1024w, https:\/\/periodicolarepublica.com\/wp-content\/uploads\/2024\/05\/IMG-20240503-WA0071-768x512.jpg?v=1715379789 768w, https:\/\/periodicolarepublica.com\/wp-content\/uploads\/2024\/05\/IMG-20240503-WA0071-1536x1023.jpg?v=1715379789 1536w, https:\/\/periodicolarepublica.com\/wp-content\/uploads\/2024\/05\/IMG-20240503-WA0071-150x100.jpg?v=1715379789 150w, https:\/\/periodicolarepublica.com\/wp-content\/uploads\/2024\/05\/IMG-20240503-WA0071-600x400.jpg?v=1715379789 600w, https:\/\/periodicolarepublica.com\/wp-content\/uploads\/2024\/05\/IMG-20240503-WA0071-696x464.jpg?v=1715379789 696w, https:\/\/periodicolarepublica.com\/wp-content\/uploads\/2024\/05\/IMG-20240503-WA0071-1392x927.jpg?v=1715379789 1392w, https:\/\/periodicolarepublica.com\/wp-content\/uploads\/2024\/05\/IMG-20240503-WA0071-1068x712.jpg?v=1715379789 1068w, https:\/\/periodicolarepublica.com\/wp-content\/uploads\/2024\/05\/IMG-20240503-WA0071.jpg?v=1715379789 1600w\" sizes=\"auto, (max-width: 300px) 100vw, 300px\" \/><\/p>\n<p>MICHES, El Seibo: Autoridades del Instituto Agrario Dominicano (IAD) recorrieron las \u00e1reas de las dos factor\u00edas establecidas en esta zona de la regi\u00f3n oriental, constatando y evaluando las labores de reconstrucci\u00f3n, as\u00ed como el procesamiento y la comercializaci\u00f3n del cereal, a trav\u00e9s de las instalaciones de La Gina de Miches, pertenecientes a la Federaci\u00f3n de Arroceros del Este.<\/p>\n<p>En la visita a la Factor\u00eda Arrocera de la Cooperativa de Servicios M\u00faltiples y Sectores Unidos Incorporados, en reconstrucci\u00f3n, tras una donaci\u00f3n del presidente Luis Abinader, se pudo constatar que los trabajos est\u00e1n muy avanzados y que un plazo de 90 d\u00edas se har\u00e1 una evaluaci\u00f3n de los trabajos para determinar un segundo desembolso para continuar con las labores.<\/p>\n<p>El gerente provincial, perteneciente a la oficina regional 8, Yuma, La Altagracia, ingeniero Pl\u00e1cido Torres, junto al administrador del asentamiento AC-104, La Gina de Miches, Victor Manuel Arias, indicaron que los trabajos de apoyo a la producci\u00f3n agr\u00edcola y la reconstrucci\u00f3n de la factor\u00eda de la Cooperativa se llevan a cabo por instrucciones del director general del IAD, Francisco Guillermo Garc\u00eda.<\/p>\n<p>Seg\u00fan explic\u00f3 el se\u00f1or Arias, la factor\u00eda de La Gina, recibe alrededor de 700 sacos diarios de arroz en c\u00e1scara desde asentamientos ubicados desde Sabana de la Mar hasta la Sabana de Nisib\u00f3n, con una producci\u00f3n de 4 a 4.5 sacos de arroz por tarea, y un libraje de 145 a 165 libras del cereal por molienda.<\/p>\n<p>Se\u00f1alaron que toda esta producci\u00f3n es gracias al apoyo del Gobierno a los productores arroceros del El Seibo trav\u00e9s de un financiamiento facilitado por el Banco Agr\u00edcola para la compra de arroz en c\u00e1scara y del Fondo Especial para el Desarrollo Agropecuario (FEDA) para La construcci\u00f3n de un almac\u00e9n y la pigmentaci\u00f3n del arroz.<\/p>\n<p>Por su lado, Domingo Mej\u00eda, presidente de la Federaci\u00f3n de Arroceros del Este agradeci\u00f3 en nombre de decenas de productores al Gobierno por el apoyo \u201cpara el procesado y el comercio; el mercado est\u00e1 muy eficiente, esta Federaci\u00f3n est\u00e1 en sus mejores momentos gracias a ese apoyo\u201d.<\/p>\n","protected":false},"excerpt":{"rendered":"<p>MICHES, El Seibo: Autoridades del Instituto Agrario Dominicano (IAD) recorrieron las \u00e1reas de las dos factor\u00edas establecidas en esta zona de la regi\u00f3n oriental, constatando y evaluando las labores de reconstrucci\u00f3n, as\u00ed como el procesamiento y la comercializaci\u00f3n del cereal, a trav\u00e9s de las instalaciones de La Gina de Miches, pertenecientes a la Federaci\u00f3n de [&hellip;]<\/p>\n","protected":false},"author":1,"featured_media":687,"comment_status":"open","ping_status":"open","sticky":false,"template":"","format":"standard","meta":{"om_disable_all_campaigns":false,"_monsterinsights_skip_tracking":false,"_monsterinsights_sitenote_active":false,"_monsterinsights_sitenote_note":"","_monsterinsights_sitenote_category":0,"footnotes":""},"categories":[1],"tags":[],"class_list":{"0":"post-686","1":"post","2":"type-post","3":"status-publish","4":"format-standard","5":"has-post-thumbnail","7":"category-nacionales"},"aioseo_notices":[],"_links":{"self":[{"href":"https:\/\/periodicolarepublica.com\/index.php\/wp-json\/wp\/v2\/posts\/686","targetHints":{"allow":["GET"]}}],"collection":[{"href":"https:\/\/periodicolarepublica.com\/index.php\/wp-json\/wp\/v2\/posts"}],"about":[{"href":"https:\/\/periodicolarepublica.com\/index.php\/wp-json\/wp\/v2\/types\/post"}],"author":[{"embeddable":true,"href":"https:\/\/periodicolarepublica.com\/index.php\/wp-json\/wp\/v2\/users\/1"}],"replies":[{"embeddable":true,"href":"https:\/\/periodicolarepublica.com\/index.php\/wp-json\/wp\/v2\/comments?post=686"}],"version-history":[{"count":1,"href":"https:\/\/periodicolarepublica.com\/index.php\/wp-json\/wp\/v2\/posts\/686\/revisions"}],"predecessor-version":[{"id":688,"href":"https:\/\/periodicolarepublica.com\/index.php\/wp-json\/wp\/v2\/posts\/686\/revisions\/688"}],"wp:featuredmedia":[{"embeddable":true,"href":"https:\/\/periodicolarepublica.com\/index.php\/wp-json\/wp\/v2\/media\/687"}],"wp:attachment":[{"href":"https:\/\/periodicolarepublica.com\/index.php\/wp-json\/wp\/v2\/media?parent=686"}],"wp:term":[{"taxonomy":"category","embeddable":true,"href":"https:\/\/periodicolarepublica.com\/index.php\/wp-json\/wp\/v2\/categories?post=686"},{"taxonomy":"post_tag","embeddable":true,"href":"https:\/\/periodicolarepublica.com\/index.php\/wp-json\/wp\/v2\/tags?post=686"}],"curies":[{"name":"wp","href":"https:\/\/api.w.org\/{rel}","templated":true}]}}