{"id":689,"date":"2024-05-03T23:36:14","date_gmt":"2024-05-03T21:36:14","guid":{"rendered":"https:\/\/periodicolarepublica.com\/?p=689"},"modified":"2024-05-03T23:36:14","modified_gmt":"2024-05-03T21:36:14","slug":"benny-metz-dice-dominicanos-en-madrid-apoyaran-a-luis-abinader","status":"publish","type":"post","link":"https:\/\/periodicolarepublica.com\/index.php\/2024\/05\/03\/benny-metz-dice-dominicanos-en-madrid-apoyaran-a-luis-abinader\/","title":{"rendered":"Benny Metz dice dominicanos en Madrid apoyar\u00e1n a Luis Abinader"},"content":{"rendered":"<p><img loading=\"lazy\" decoding=\"async\" class=\"alignnone size-medium wp-image-690\" src=\"https:\/\/periodicolarepublica.com\/wp-content\/uploads\/2024\/05\/IMG_20240503_173432-300x207.jpg\" alt=\"\" width=\"300\" height=\"207\" srcset=\"https:\/\/periodicolarepublica.com\/wp-content\/uploads\/2024\/05\/IMG_20240503_173432-300x207.jpg?v=1715379789 300w, https:\/\/periodicolarepublica.com\/wp-content\/uploads\/2024\/05\/IMG_20240503_173432-150x103.jpg?v=1715379789 150w, https:\/\/periodicolarepublica.com\/wp-content\/uploads\/2024\/05\/IMG_20240503_173432-218x150.jpg?v=1715379789 218w, https:\/\/periodicolarepublica.com\/wp-content\/uploads\/2024\/05\/IMG_20240503_173432-436x300.jpg?v=1715379789 436w, https:\/\/periodicolarepublica.com\/wp-content\/uploads\/2024\/05\/IMG_20240503_173432-100x70.jpg?v=1715379789 100w, https:\/\/periodicolarepublica.com\/wp-content\/uploads\/2024\/05\/IMG_20240503_173432.jpg?v=1715379789 593w\" sizes=\"auto, (max-width: 300px) 100vw, 300px\" \/><\/p>\n<p>&nbsp;<\/p>\n<p>El dirigente del Partido Revolucionario Moderno (PRM) y coordinador del movimiento \u00abConecta Con Luis\u00bb, Benny Metz, dijo este viernes que el triunfo del presidente Luis Abinader ser\u00e1 con un amplio margen en la capital madrile\u00f1a.<\/p>\n<p>Metz, quien desde hace mucho tiempo trabaja el voto en esta regi\u00f3n, resalt\u00f3 que desde esa \u00e9poca interactuaba con los dominicanos residentes en Espa\u00f1a, y se daba cuenta el inter\u00e9s que mostraban por la situaci\u00f3n pol\u00edtica de la Rep\u00fablica Dominicana.<\/p>\n<p>Est\u00e1s declaraciones fueron emitidas mientras se impart\u00eda el taller electoral organizado por este \u00abPlanificar Para Ganar\u00bb a cargo del doctor Marino Beriguete.<\/p>\n<p>&nbsp;<\/p>\n<p>&nbsp;<\/p>\n<p>&nbsp;<\/p>\n","protected":false},"excerpt":{"rendered":"<p>&nbsp; El dirigente del Partido Revolucionario Moderno (PRM) y coordinador del movimiento \u00abConecta Con Luis\u00bb, Benny Metz, dijo este viernes que el triunfo del presidente Luis Abinader ser\u00e1 con un amplio margen en la capital madrile\u00f1a. Metz, quien desde hace mucho tiempo trabaja el voto en esta regi\u00f3n, resalt\u00f3 que desde esa \u00e9poca interactuaba con [&hellip;]<\/p>\n","protected":false},"author":1,"featured_media":690,"comment_status":"open","ping_status":"open","sticky":false,"template":"","format":"standard","meta":{"om_disable_all_campaigns":false,"_monsterinsights_skip_tracking":false,"_monsterinsights_sitenote_active":false,"_monsterinsights_sitenote_note":"","_monsterinsights_sitenote_category":0,"footnotes":""},"categories":[127],"tags":[],"class_list":{"0":"post-689","1":"post","2":"type-post","3":"status-publish","4":"format-standard","5":"has-post-thumbnail","7":"category-politica"},"aioseo_notices":[],"_links":{"self":[{"href":"https:\/\/periodicolarepublica.com\/index.php\/wp-json\/wp\/v2\/posts\/689","targetHints":{"allow":["GET"]}}],"collection":[{"href":"https:\/\/periodicolarepublica.com\/index.php\/wp-json\/wp\/v2\/posts"}],"about":[{"href":"https:\/\/periodicolarepublica.com\/index.php\/wp-json\/wp\/v2\/types\/post"}],"author":[{"embeddable":true,"href":"https:\/\/periodicolarepublica.com\/index.php\/wp-json\/wp\/v2\/users\/1"}],"replies":[{"embeddable":true,"href":"https:\/\/periodicolarepublica.com\/index.php\/wp-json\/wp\/v2\/comments?post=689"}],"version-history":[{"count":2,"href":"https:\/\/periodicolarepublica.com\/index.php\/wp-json\/wp\/v2\/posts\/689\/revisions"}],"predecessor-version":[{"id":693,"href":"https:\/\/periodicolarepublica.com\/index.php\/wp-json\/wp\/v2\/posts\/689\/revisions\/693"}],"wp:featuredmedia":[{"embeddable":true,"href":"https:\/\/periodicolarepublica.com\/index.php\/wp-json\/wp\/v2\/media\/690"}],"wp:attachment":[{"href":"https:\/\/periodicolarepublica.com\/index.php\/wp-json\/wp\/v2\/media?parent=689"}],"wp:term":[{"taxonomy":"category","embeddable":true,"href":"https:\/\/periodicolarepublica.com\/index.php\/wp-json\/wp\/v2\/categories?post=689"},{"taxonomy":"post_tag","embeddable":true,"href":"https:\/\/periodicolarepublica.com\/index.php\/wp-json\/wp\/v2\/tags?post=689"}],"curies":[{"name":"wp","href":"https:\/\/api.w.org\/{rel}","templated":true}]}}