{"id":704,"date":"2024-05-06T13:30:20","date_gmt":"2024-05-06T11:30:20","guid":{"rendered":"https:\/\/periodicolarepublica.com\/?p=704"},"modified":"2024-05-06T13:30:20","modified_gmt":"2024-05-06T11:30:20","slug":"movimiento-poder-pal-pueblo-suma-al-movimiento-magisterial-y-afines-a-sus-filas","status":"publish","type":"post","link":"https:\/\/periodicolarepublica.com\/index.php\/2024\/05\/06\/movimiento-poder-pal-pueblo-suma-al-movimiento-magisterial-y-afines-a-sus-filas\/","title":{"rendered":"Movimiento Poder Pa&#8217;l Pueblo suma al Movimiento Magisterial y Afines a sus filas"},"content":{"rendered":"\r\n<p><img loading=\"lazy\" decoding=\"async\" class=\"size-medium wp-image-721 alignright\" src=\"https:\/\/periodicolarepublica.com\/wp-content\/uploads\/2024\/05\/IMG-20240505-WA1139-225x300.jpg\" alt=\"\" width=\"225\" height=\"300\" srcset=\"https:\/\/periodicolarepublica.com\/wp-content\/uploads\/2024\/05\/IMG-20240505-WA1139-225x300.jpg?v=1715379787 225w, https:\/\/periodicolarepublica.com\/wp-content\/uploads\/2024\/05\/IMG-20240505-WA1139-768x1024.jpg?v=1715379787 768w, https:\/\/periodicolarepublica.com\/wp-content\/uploads\/2024\/05\/IMG-20240505-WA1139-1152x1536.jpg?v=1715379787 1152w, https:\/\/periodicolarepublica.com\/wp-content\/uploads\/2024\/05\/IMG-20240505-WA1139-150x200.jpg?v=1715379787 150w, https:\/\/periodicolarepublica.com\/wp-content\/uploads\/2024\/05\/IMG-20240505-WA1139-300x400.jpg?v=1715379787 300w, https:\/\/periodicolarepublica.com\/wp-content\/uploads\/2024\/05\/IMG-20240505-WA1139-600x800.jpg?v=1715379787 600w, https:\/\/periodicolarepublica.com\/wp-content\/uploads\/2024\/05\/IMG-20240505-WA1139-696x928.jpg?v=1715379787 696w, https:\/\/periodicolarepublica.com\/wp-content\/uploads\/2024\/05\/IMG-20240505-WA1139-1068x1424.jpg?v=1715379787 1068w, https:\/\/periodicolarepublica.com\/wp-content\/uploads\/2024\/05\/IMG-20240505-WA1139.jpg?v=1715379787 1200w\" sizes=\"auto, (max-width: 225px) 100vw, 225px\" \/><br \/><br \/>Santo Domingo &#8211; El Ingeniero Tom\u00e1s Hern\u00e1ndez Alberto, presidente del Movimiento Poder Pa&#8217;l Pueblo, anunci\u00f3 hoy la incorporaci\u00f3n del movimiento magisterial y afines (MOVIMAF) a las filas de Poder Pa&#8217;l Pueblo. La ceremonia de juramentaci\u00f3n tuvo lugar en Santo Domingo Norte, donde se reunieron destacados l\u00edderes y miembros de ambas organizaciones. <br \/><br \/>El evento cont\u00f3 con la presencia del Ing. Persio Marzan, representante del Movimiento Magisterial y a fines, quien comparti\u00f3 su visi\u00f3n y objetivos en un discurso inspirador. Asimismo, la Dra. Sencundina Amparo, destacada figura del \u00e1mbito educativo, se uni\u00f3 a esta importante alianza, respaldando el compromiso por la transformaci\u00f3n y el fortalecimiento del sector educativo. <br \/><br \/>El Ing. Tom\u00e1s Hern\u00e1ndez Alberto, l\u00edder de Poder Pa&#8217;l Pueblo, expres\u00f3 su satisfacci\u00f3n por la uni\u00f3n de MOVIMAF a su movimiento pol\u00edtico. Destac\u00f3 la importancia de esta alianza para consolidar un frente com\u00fan en defensa de los derechos de los maestros y la mejora de la calidad educativa en el pa\u00eds. El presidente Tom\u00e1s Hern\u00e1ndez Alberto tambi\u00e9n present\u00f3 al Dr. Adolfo Portes Alc\u00e1ntara como vicepresidente, Jhonatan Brea como Director Nacional de Redes Sociales y Comunicaciones, y a Rafelito de los Santos como miembro de la Direcci\u00f3n Ejecutiva, quienes son parte del\u00a0 equipo de\u00a0 Poder Pa&#8217;l Pueblo. <br \/><br \/>Con esta uni\u00f3n, Movimiento Poder Pa&#8217;l Pueblo fortalece su posici\u00f3n como una fuerza pol\u00edtica comprometida con las demandas y necesidades del magisterio y del sector educativo en general. Se espera que esta alianza contribuya a generar propuestas concretas y soluciones efectivas que impulsen el desarrollo y la equidad en la educaci\u00f3n dominicana. <br \/><br \/>Poder Pa&#8217;l Pueblo invita a la ciudadan\u00eda y a todos los actores involucrados en la educaci\u00f3n a sumarse a este movimiento de cambio, con el objetivo de construir un sistema educativo inclusivo, de calidad y en constante evoluci\u00f3n.<\/p>\r\n","protected":false},"excerpt":{"rendered":"<p>Santo Domingo &#8211; El Ingeniero Tom\u00e1s Hern\u00e1ndez Alberto, presidente del Movimiento Poder Pa&#8217;l Pueblo, anunci\u00f3 hoy la incorporaci\u00f3n del movimiento magisterial y afines (MOVIMAF) a las filas de Poder Pa&#8217;l Pueblo. La ceremonia de juramentaci\u00f3n tuvo lugar en Santo Domingo Norte, donde se reunieron destacados l\u00edderes y miembros de ambas organizaciones. El evento cont\u00f3 con [&hellip;]<\/p>\n","protected":false},"author":6,"featured_media":721,"comment_status":"open","ping_status":"open","sticky":false,"template":"","format":"standard","meta":{"om_disable_all_campaigns":false,"_monsterinsights_skip_tracking":false,"_monsterinsights_sitenote_active":false,"_monsterinsights_sitenote_note":"","_monsterinsights_sitenote_category":0,"footnotes":""},"categories":[127],"tags":[164,163],"class_list":{"0":"post-704","1":"post","2":"type-post","3":"status-publish","4":"format-standard","5":"has-post-thumbnail","7":"category-politica","8":"tag-movimiento-poder-pal-pueblo","9":"tag-tomas-hernandez-alberto"},"aioseo_notices":[],"_links":{"self":[{"href":"https:\/\/periodicolarepublica.com\/index.php\/wp-json\/wp\/v2\/posts\/704","targetHints":{"allow":["GET"]}}],"collection":[{"href":"https:\/\/periodicolarepublica.com\/index.php\/wp-json\/wp\/v2\/posts"}],"about":[{"href":"https:\/\/periodicolarepublica.com\/index.php\/wp-json\/wp\/v2\/types\/post"}],"author":[{"embeddable":true,"href":"https:\/\/periodicolarepublica.com\/index.php\/wp-json\/wp\/v2\/users\/6"}],"replies":[{"embeddable":true,"href":"https:\/\/periodicolarepublica.com\/index.php\/wp-json\/wp\/v2\/comments?post=704"}],"version-history":[{"count":2,"href":"https:\/\/periodicolarepublica.com\/index.php\/wp-json\/wp\/v2\/posts\/704\/revisions"}],"predecessor-version":[{"id":722,"href":"https:\/\/periodicolarepublica.com\/index.php\/wp-json\/wp\/v2\/posts\/704\/revisions\/722"}],"wp:featuredmedia":[{"embeddable":true,"href":"https:\/\/periodicolarepublica.com\/index.php\/wp-json\/wp\/v2\/media\/721"}],"wp:attachment":[{"href":"https:\/\/periodicolarepublica.com\/index.php\/wp-json\/wp\/v2\/media?parent=704"}],"wp:term":[{"taxonomy":"category","embeddable":true,"href":"https:\/\/periodicolarepublica.com\/index.php\/wp-json\/wp\/v2\/categories?post=704"},{"taxonomy":"post_tag","embeddable":true,"href":"https:\/\/periodicolarepublica.com\/index.php\/wp-json\/wp\/v2\/tags?post=704"}],"curies":[{"name":"wp","href":"https:\/\/api.w.org\/{rel}","templated":true}]}}