{"id":716,"date":"2024-05-06T02:21:35","date_gmt":"2024-05-06T00:21:35","guid":{"rendered":"https:\/\/periodicolarepublica.com\/?p=716"},"modified":"2024-05-06T02:21:35","modified_gmt":"2024-05-06T00:21:35","slug":"carolina-mejia-apoya-a-guillermo-moreno-con-caravana-en-la-circunscripcion-3","status":"publish","type":"post","link":"https:\/\/periodicolarepublica.com\/index.php\/2024\/05\/06\/carolina-mejia-apoya-a-guillermo-moreno-con-caravana-en-la-circunscripcion-3\/","title":{"rendered":"Carolina Mej\u00eda apoya a Guillermo Moreno con caravana en la circunscripci\u00f3n 3"},"content":{"rendered":"<p><img loading=\"lazy\" decoding=\"async\" class=\"alignnone size-medium wp-image-717\" src=\"https:\/\/periodicolarepublica.com\/wp-content\/uploads\/2024\/05\/IMG-20240505-WA0037-300x200.jpg\" alt=\"\" width=\"300\" height=\"200\" srcset=\"https:\/\/periodicolarepublica.com\/wp-content\/uploads\/2024\/05\/IMG-20240505-WA0037-300x200.jpg?v=1715379787 300w, https:\/\/periodicolarepublica.com\/wp-content\/uploads\/2024\/05\/IMG-20240505-WA0037-768x512.jpg?v=1715379787 768w, https:\/\/periodicolarepublica.com\/wp-content\/uploads\/2024\/05\/IMG-20240505-WA0037-150x100.jpg?v=1715379787 150w, https:\/\/periodicolarepublica.com\/wp-content\/uploads\/2024\/05\/IMG-20240505-WA0037-600x400.jpg?v=1715379787 600w, https:\/\/periodicolarepublica.com\/wp-content\/uploads\/2024\/05\/IMG-20240505-WA0037-696x464.jpg?v=1715379787 696w, https:\/\/periodicolarepublica.com\/wp-content\/uploads\/2024\/05\/IMG-20240505-WA0037.jpg?v=1715379787 1000w\" sizes=\"auto, (max-width: 300px) 100vw, 300px\" \/><\/p>\n<p>El candidato de Alianza Pa\u00eds y el PRM a senador del Distrito Nacional recibi\u00f3 el respaldo de los capitale\u00f1os que llenaron la marcha de entusiasmo e ilusi\u00f3n<\/p>\n<p>Santo Domingo, 5 de mayo. Guillermo Moreno recibi\u00f3 el masivo apoyo de los capitale\u00f1os en una caravana que recorri\u00f3 la circunscripci\u00f3n 3 del Distrito Nacional. El candidato de Alianza Pa\u00eds y el PRM a senador del DN lider\u00f3 la marcha junto a personalidades como la alcaldesa, Carolina Mej\u00eda, el presidente de la C\u00e1mara de Diputados, Alfredo Pacheco, y el director general de Aduanas, Eduardo (Yayo) Sanz Lovat\u00f3n.<\/p>\n<p>Durante la jornada, Carolina Mej\u00eda mostr\u00f3 su inequ\u00edvoco apoyo a la candidatura de Guillermo Moreno. \u201cHoy, la circunscripci\u00f3n 3 ha demostrado que Guillermo es el senador que los capitale\u00f1os queremos; es mi senador\u201d, enfatiz\u00f3 la alcaldesa del Distrito Nacional.<\/p>\n<p>Las calles de la circunscripci\u00f3n 3 fueron la mejor prueba del entusiasmo y la ilusi\u00f3n que levanta la propuesta de Guillermo Moreno y su proyecto conjunto con el PRM y partidos aliados.<\/p>\n<p>La caravana se inici\u00f3 en la intersecci\u00f3n de la calle 14 Norte y la calle Barney Morgan, y concluy\u00f3 tras m\u00e1s de cuatro horas de recorrido en la esquina de la calle Domingo Savio con Calle Manuela Diez.<\/p>\n<p>A s\u00f3lo dos semanas de las elecciones del 19 de mayo, la actividad es un impulso de energ\u00eda para Guillermo Moreno. Adem\u00e1s supuso una nueva confirmaci\u00f3n del apoyo del PRM y sus dirigentes a su candidatura.<\/p>\n<p>&nbsp;<\/p>\n<p>&nbsp;<\/p>\n<p>&nbsp;<\/p>\n<p>&nbsp;<\/p>\n<p>&nbsp;<\/p>\n<p>&nbsp;<\/p>\n<p>&nbsp;<\/p>\n","protected":false},"excerpt":{"rendered":"<p>El candidato de Alianza Pa\u00eds y el PRM a senador del Distrito Nacional recibi\u00f3 el respaldo de los capitale\u00f1os que llenaron la marcha de entusiasmo e ilusi\u00f3n Santo Domingo, 5 de mayo. Guillermo Moreno recibi\u00f3 el masivo apoyo de los capitale\u00f1os en una caravana que recorri\u00f3 la circunscripci\u00f3n 3 del Distrito Nacional. El candidato de [&hellip;]<\/p>\n","protected":false},"author":6,"featured_media":717,"comment_status":"open","ping_status":"open","sticky":false,"template":"","format":"standard","meta":{"om_disable_all_campaigns":false,"_monsterinsights_skip_tracking":false,"_monsterinsights_sitenote_active":false,"_monsterinsights_sitenote_note":"","_monsterinsights_sitenote_category":0,"footnotes":""},"categories":[127],"tags":[37,181,180],"class_list":{"0":"post-716","1":"post","2":"type-post","3":"status-publish","4":"format-standard","5":"has-post-thumbnail","7":"category-politica","8":"tag-carolina-mejia","9":"tag-es-mi-senador","10":"tag-guillermo-moreno"},"aioseo_notices":[],"_links":{"self":[{"href":"https:\/\/periodicolarepublica.com\/index.php\/wp-json\/wp\/v2\/posts\/716","targetHints":{"allow":["GET"]}}],"collection":[{"href":"https:\/\/periodicolarepublica.com\/index.php\/wp-json\/wp\/v2\/posts"}],"about":[{"href":"https:\/\/periodicolarepublica.com\/index.php\/wp-json\/wp\/v2\/types\/post"}],"author":[{"embeddable":true,"href":"https:\/\/periodicolarepublica.com\/index.php\/wp-json\/wp\/v2\/users\/6"}],"replies":[{"embeddable":true,"href":"https:\/\/periodicolarepublica.com\/index.php\/wp-json\/wp\/v2\/comments?post=716"}],"version-history":[{"count":1,"href":"https:\/\/periodicolarepublica.com\/index.php\/wp-json\/wp\/v2\/posts\/716\/revisions"}],"predecessor-version":[{"id":718,"href":"https:\/\/periodicolarepublica.com\/index.php\/wp-json\/wp\/v2\/posts\/716\/revisions\/718"}],"wp:featuredmedia":[{"embeddable":true,"href":"https:\/\/periodicolarepublica.com\/index.php\/wp-json\/wp\/v2\/media\/717"}],"wp:attachment":[{"href":"https:\/\/periodicolarepublica.com\/index.php\/wp-json\/wp\/v2\/media?parent=716"}],"wp:term":[{"taxonomy":"category","embeddable":true,"href":"https:\/\/periodicolarepublica.com\/index.php\/wp-json\/wp\/v2\/categories?post=716"},{"taxonomy":"post_tag","embeddable":true,"href":"https:\/\/periodicolarepublica.com\/index.php\/wp-json\/wp\/v2\/tags?post=716"}],"curies":[{"name":"wp","href":"https:\/\/api.w.org\/{rel}","templated":true}]}}