{"id":720,"date":"2024-05-06T14:09:23","date_gmt":"2024-05-06T12:09:23","guid":{"rendered":"https:\/\/periodicolarepublica.com\/?p=720"},"modified":"2024-05-06T14:09:23","modified_gmt":"2024-05-06T12:09:23","slug":"candidato-a-diputado-por-la-circunscripcion-2-de-santiago-realiza-recorrido-por-localidades-de-calaverna-y-juncalito","status":"publish","type":"post","link":"https:\/\/periodicolarepublica.com\/index.php\/2024\/05\/06\/candidato-a-diputado-por-la-circunscripcion-2-de-santiago-realiza-recorrido-por-localidades-de-calaverna-y-juncalito\/","title":{"rendered":"Candidato a Diputado por la Circunscripci\u00f3n 2 de Santiago realiza recorrido por localidades de Calaverna y Juncalito"},"content":{"rendered":"\r\n<p><img loading=\"lazy\" decoding=\"async\" class=\"size-medium wp-image-725 alignright\" src=\"https:\/\/periodicolarepublica.com\/wp-content\/uploads\/2024\/05\/IMG-20240505-WA1463-300x225.jpg\" alt=\"\" width=\"300\" height=\"225\" srcset=\"https:\/\/periodicolarepublica.com\/wp-content\/uploads\/2024\/05\/IMG-20240505-WA1463-300x225.jpg?v=1715379786 300w, https:\/\/periodicolarepublica.com\/wp-content\/uploads\/2024\/05\/IMG-20240505-WA1463-1024x768.jpg?v=1715379786 1024w, https:\/\/periodicolarepublica.com\/wp-content\/uploads\/2024\/05\/IMG-20240505-WA1463-768x576.jpg?v=1715379786 768w, https:\/\/periodicolarepublica.com\/wp-content\/uploads\/2024\/05\/IMG-20240505-WA1463-1536x1152.jpg?v=1715379786 1536w, https:\/\/periodicolarepublica.com\/wp-content\/uploads\/2024\/05\/IMG-20240505-WA1463-150x113.jpg?v=1715379786 150w, https:\/\/periodicolarepublica.com\/wp-content\/uploads\/2024\/05\/IMG-20240505-WA1463-600x450.jpg?v=1715379786 600w, https:\/\/periodicolarepublica.com\/wp-content\/uploads\/2024\/05\/IMG-20240505-WA1463-696x522.jpg?v=1715379786 696w, https:\/\/periodicolarepublica.com\/wp-content\/uploads\/2024\/05\/IMG-20240505-WA1463-1392x1044.jpg?v=1715379786 1392w, https:\/\/periodicolarepublica.com\/wp-content\/uploads\/2024\/05\/IMG-20240505-WA1463-1068x801.jpg?v=1715379786 1068w, https:\/\/periodicolarepublica.com\/wp-content\/uploads\/2024\/05\/IMG-20240505-WA1463-265x198.jpg?v=1715379786 265w, https:\/\/periodicolarepublica.com\/wp-content\/uploads\/2024\/05\/IMG-20240505-WA1463-530x396.jpg?v=1715379786 530w, https:\/\/periodicolarepublica.com\/wp-content\/uploads\/2024\/05\/IMG-20240505-WA1463.jpg?v=1715379786 1600w\" sizes=\"auto, (max-width: 300px) 100vw, 300px\" \/>Santiago,RD &#8211; El d\u00eda de ayer, el candidato a diputado por la Circunscripci\u00f3n 2 de Santiago, Dr. Francisco Diaz, llev\u00f3 a cabo un recorrido por diversas localidades, destacando su presencia en Calaverna y Juncalito. Durante esta visita, el candidato particip\u00f3 en una serie de actividades significativas para la comunidad. <br \/><br \/>En el distrito de Calaverna, Dr. Francisco\u00a0 Diaz,\u00a0 se reuni\u00f3 con la Coordinadora del movimiento \u00abPoder pa&#8217;l Pueblo\u00bb, la se\u00f1ora Miledy Mari\u00f1ez. Durante este encuentro, ambos l\u00edderes discutieron temas de inter\u00e9s com\u00fan y compartieron ideas sobre el desarrollo y el progreso de la regi\u00f3n. La reuni\u00f3n fue un espacio propicio para el intercambio de propuestas y la b\u00fasqueda de soluciones conjuntas a problem\u00e1ticas locales. <br \/><br \/>Asimismo, se cont\u00f3 con la destacada presencia de la presidenta provincial de las mujeres del Movimiento, Ydalia Almonte, quien manifest\u00f3 su apoyo al candidato y resalt\u00f3 la importancia de su plataforma pol\u00edtica en la promoci\u00f3n de la igualdad de g\u00e9nero y el empoderamiento de las mujeres en la sociedad. <br \/><br \/>Durante el recorrido, Dr. Francisco Diaz estuvo acompa\u00f1ado por Magnolia Nova, miembro destacada del Movimiento, quien expres\u00f3 su respaldo al candidato y comparti\u00f3 su visi\u00f3n sobre los desaf\u00edos y oportunidades que enfrenta la circunscripci\u00f3n. Su participaci\u00f3n en esta actividad demuestra el respaldo y la unidad dentro de las filas del Movimiento en torno a la candidatura de [Nombre del candidato]. <br \/><br \/>Al finalizar la jornada, Dr. Francisco Diaz enfatiz\u00f3 la importancia de escuchar las necesidades de la comunidad y trabajar de la mano con los diferentes sectores para lograr un cambio positivo. Adem\u00e1s, reafirm\u00f3 su compromiso de representar los intereses de los ciudadanos de la Circunscripci\u00f3n 2 de Santiago y trabajar incansablemente por su bienestar. <br \/><br \/>El recorrido realizado por el candidato a diputado por la Circunscripci\u00f3n 2 de Santiago constituye un paso importante en su campa\u00f1a electoral, fortaleciendo los lazos con la comunidad y brindando un espacio para el di\u00e1logo constructivo. [Nombre del candidato] contin\u00faa su camino hacia las elecciones con entusiasmo y determinaci\u00f3n, convencido de que juntos es posible construir un futuro pr\u00f3spero para todos.<\/p>\r\n","protected":false},"excerpt":{"rendered":"<p>Santiago,RD &#8211; El d\u00eda de ayer, el candidato a diputado por la Circunscripci\u00f3n 2 de Santiago, Dr. Francisco Diaz, llev\u00f3 a cabo un recorrido por diversas localidades, destacando su presencia en Calaverna y Juncalito. Durante esta visita, el candidato particip\u00f3 en una serie de actividades significativas para la comunidad. En el distrito de Calaverna, Dr. [&hellip;]<\/p>\n","protected":false},"author":6,"featured_media":725,"comment_status":"open","ping_status":"open","sticky":false,"template":"","format":"standard","meta":{"om_disable_all_campaigns":false,"_monsterinsights_skip_tracking":false,"_monsterinsights_sitenote_active":false,"_monsterinsights_sitenote_note":"","_monsterinsights_sitenote_category":0,"footnotes":""},"categories":[127],"tags":[167,92],"class_list":{"0":"post-720","1":"post","2":"type-post","3":"status-publish","4":"format-standard","5":"has-post-thumbnail","7":"category-politica","8":"tag-dr-francisco-diaz","9":"tag-prm"},"aioseo_notices":[],"_links":{"self":[{"href":"https:\/\/periodicolarepublica.com\/index.php\/wp-json\/wp\/v2\/posts\/720","targetHints":{"allow":["GET"]}}],"collection":[{"href":"https:\/\/periodicolarepublica.com\/index.php\/wp-json\/wp\/v2\/posts"}],"about":[{"href":"https:\/\/periodicolarepublica.com\/index.php\/wp-json\/wp\/v2\/types\/post"}],"author":[{"embeddable":true,"href":"https:\/\/periodicolarepublica.com\/index.php\/wp-json\/wp\/v2\/users\/6"}],"replies":[{"embeddable":true,"href":"https:\/\/periodicolarepublica.com\/index.php\/wp-json\/wp\/v2\/comments?post=720"}],"version-history":[{"count":3,"href":"https:\/\/periodicolarepublica.com\/index.php\/wp-json\/wp\/v2\/posts\/720\/revisions"}],"predecessor-version":[{"id":949,"href":"https:\/\/periodicolarepublica.com\/index.php\/wp-json\/wp\/v2\/posts\/720\/revisions\/949"}],"wp:featuredmedia":[{"embeddable":true,"href":"https:\/\/periodicolarepublica.com\/index.php\/wp-json\/wp\/v2\/media\/725"}],"wp:attachment":[{"href":"https:\/\/periodicolarepublica.com\/index.php\/wp-json\/wp\/v2\/media?parent=720"}],"wp:term":[{"taxonomy":"category","embeddable":true,"href":"https:\/\/periodicolarepublica.com\/index.php\/wp-json\/wp\/v2\/categories?post=720"},{"taxonomy":"post_tag","embeddable":true,"href":"https:\/\/periodicolarepublica.com\/index.php\/wp-json\/wp\/v2\/tags?post=720"}],"curies":[{"name":"wp","href":"https:\/\/api.w.org\/{rel}","templated":true}]}}