{"id":724,"date":"2024-05-07T04:05:34","date_gmt":"2024-05-07T02:05:34","guid":{"rendered":"https:\/\/periodicolarepublica.com\/?p=724"},"modified":"2024-05-07T04:05:34","modified_gmt":"2024-05-07T02:05:34","slug":"el-ministerio-de-salud-publica-y-el-colegio-de-veterinarios-se-reunen-para-fortalecer-la-proteccion-de-los-animales-y-la-infraestructura-del-centro-antirrabico","status":"publish","type":"post","link":"https:\/\/periodicolarepublica.com\/index.php\/2024\/05\/07\/el-ministerio-de-salud-publica-y-el-colegio-de-veterinarios-se-reunen-para-fortalecer-la-proteccion-de-los-animales-y-la-infraestructura-del-centro-antirrabico\/","title":{"rendered":"El Ministerio de Salud P\u00fablica y el Colegio de Veterinarios se re\u00fanen para fortalecer la protecci\u00f3n de los animales y la infraestructura del Centro Antirr\u00e1bico"},"content":{"rendered":"\r\n<p><img loading=\"lazy\" decoding=\"async\" class=\"size-medium wp-image-735 alignright\" src=\"https:\/\/periodicolarepublica.com\/wp-content\/uploads\/2024\/05\/IMG-20240506-WA1521-300x203.jpg\" alt=\"\" width=\"300\" height=\"203\" srcset=\"https:\/\/periodicolarepublica.com\/wp-content\/uploads\/2024\/05\/IMG-20240506-WA1521-300x203.jpg?v=1715379786 300w, https:\/\/periodicolarepublica.com\/wp-content\/uploads\/2024\/05\/IMG-20240506-WA1521-1024x694.jpg?v=1715379786 1024w, https:\/\/periodicolarepublica.com\/wp-content\/uploads\/2024\/05\/IMG-20240506-WA1521-768x521.jpg?v=1715379786 768w, https:\/\/periodicolarepublica.com\/wp-content\/uploads\/2024\/05\/IMG-20240506-WA1521-150x102.jpg?v=1715379786 150w, https:\/\/periodicolarepublica.com\/wp-content\/uploads\/2024\/05\/IMG-20240506-WA1521-600x407.jpg?v=1715379786 600w, https:\/\/periodicolarepublica.com\/wp-content\/uploads\/2024\/05\/IMG-20240506-WA1521-696x472.jpg?v=1715379786 696w, https:\/\/periodicolarepublica.com\/wp-content\/uploads\/2024\/05\/IMG-20240506-WA1521-1068x724.jpg?v=1715379786 1068w, https:\/\/periodicolarepublica.com\/wp-content\/uploads\/2024\/05\/IMG-20240506-WA1521.jpg?v=1715379786 1077w\" sizes=\"auto, (max-width: 300px) 100vw, 300px\" \/>Hoy, en una reuni\u00f3n trascendental, el Ministro de Salud P\u00fablica, Dr. V\u00edctor Atallah, se reuni\u00f3 con la directiva del Colegio de Veterinarios con el objetivo de establecer un acercamiento estrecho y discutir diversos puntos y temas en relaci\u00f3n con la protecci\u00f3n de los animales y la apertura y remodelaci\u00f3n del Centro Antirr\u00e1bico.<br \/><br \/>La reuni\u00f3n, que tuvo lugar en las instalaciones del Ministerio de Salud P\u00fablica, fue un espacio propicio para el di\u00e1logo constructivo entre ambas partes. Durante el encuentro, el Dr. V\u00edctor Atallah expres\u00f3 su compromiso inquebrantable con la causa de la protecci\u00f3n animal y resalt\u00f3 la importancia de promover la salud y el bienestar de los animales en la sociedad.<br \/><br \/>Entre los temas abordados se destac\u00f3 la necesidad de fortalecer las pol\u00edticas p\u00fablicas en materia de bienestar animal, as\u00ed como mejorar la infraestructura y los recursos del Centro Antirr\u00e1bico. El Ministro manifest\u00f3 su inter\u00e9s en trabajar en conjunto con el Colegio de Veterinarios para impulsar iniciativas que fomenten la tenencia responsable de mascotas, la esterilizaci\u00f3n y el control de enfermedades zoon\u00f3ticas.<br \/><br \/>Por su parte, la directiva del Colegio de Veterinarios expres\u00f3 su agradecimiento por la apertura y disposici\u00f3n del Ministerio de Salud P\u00fablica para abordar estos temas de relevancia. Adem\u00e1s, resaltaron la importancia de la educaci\u00f3n y la concientizaci\u00f3n sobre los derechos de los animales, as\u00ed como la necesidad de contar con instalaciones adecuadas y personal capacitado en el Centro Antirr\u00e1bico.<br \/><br \/>Ambas partes acordaron establecer un plan de trabajo conjunto para abordar estas problem\u00e1ticas de manera integral. Se realizar\u00e1n mesas de trabajo peri\u00f3dicas, donde se analizar\u00e1n en profundidad los aspectos t\u00e9cnicos y legales necesarios para llevar a cabo las mejoras propuestas.<br \/><br \/>El Ministerio de Salud P\u00fablica y el Colegio de Veterinarios reafirman su compromiso de trabajar juntos en pro de la protecci\u00f3n de los animales y el fortalecimiento del Centro Antirr\u00e1bico. Ambas instituciones se comprometen a seguir avanzando en la implementaci\u00f3n de pol\u00edticas y acciones que promuevan el bienestar animal y contribuyan a una sociedad m\u00e1s consciente y responsable.<\/p>\r\n","protected":false},"excerpt":{"rendered":"<p>Hoy, en una reuni\u00f3n trascendental, el Ministro de Salud P\u00fablica, Dr. V\u00edctor Atallah, se reuni\u00f3 con la directiva del Colegio de Veterinarios con el objetivo de establecer un acercamiento estrecho y discutir diversos puntos y temas en relaci\u00f3n con la protecci\u00f3n de los animales y la apertura y remodelaci\u00f3n del Centro Antirr\u00e1bico. La reuni\u00f3n, que [&hellip;]<\/p>\n","protected":false},"author":6,"featured_media":735,"comment_status":"open","ping_status":"open","sticky":false,"template":"","format":"standard","meta":{"om_disable_all_campaigns":false,"_monsterinsights_skip_tracking":false,"_monsterinsights_sitenote_active":false,"_monsterinsights_sitenote_note":"","_monsterinsights_sitenote_category":0,"footnotes":""},"categories":[1],"tags":[],"class_list":{"0":"post-724","1":"post","2":"type-post","3":"status-publish","4":"format-standard","5":"has-post-thumbnail","7":"category-nacionales"},"aioseo_notices":[],"_links":{"self":[{"href":"https:\/\/periodicolarepublica.com\/index.php\/wp-json\/wp\/v2\/posts\/724","targetHints":{"allow":["GET"]}}],"collection":[{"href":"https:\/\/periodicolarepublica.com\/index.php\/wp-json\/wp\/v2\/posts"}],"about":[{"href":"https:\/\/periodicolarepublica.com\/index.php\/wp-json\/wp\/v2\/types\/post"}],"author":[{"embeddable":true,"href":"https:\/\/periodicolarepublica.com\/index.php\/wp-json\/wp\/v2\/users\/6"}],"replies":[{"embeddable":true,"href":"https:\/\/periodicolarepublica.com\/index.php\/wp-json\/wp\/v2\/comments?post=724"}],"version-history":[{"count":2,"href":"https:\/\/periodicolarepublica.com\/index.php\/wp-json\/wp\/v2\/posts\/724\/revisions"}],"predecessor-version":[{"id":736,"href":"https:\/\/periodicolarepublica.com\/index.php\/wp-json\/wp\/v2\/posts\/724\/revisions\/736"}],"wp:featuredmedia":[{"embeddable":true,"href":"https:\/\/periodicolarepublica.com\/index.php\/wp-json\/wp\/v2\/media\/735"}],"wp:attachment":[{"href":"https:\/\/periodicolarepublica.com\/index.php\/wp-json\/wp\/v2\/media?parent=724"}],"wp:term":[{"taxonomy":"category","embeddable":true,"href":"https:\/\/periodicolarepublica.com\/index.php\/wp-json\/wp\/v2\/categories?post=724"},{"taxonomy":"post_tag","embeddable":true,"href":"https:\/\/periodicolarepublica.com\/index.php\/wp-json\/wp\/v2\/tags?post=724"}],"curies":[{"name":"wp","href":"https:\/\/api.w.org\/{rel}","templated":true}]}}