{"id":728,"date":"2024-05-06T21:06:16","date_gmt":"2024-05-06T19:06:16","guid":{"rendered":"https:\/\/periodicolarepublica.com\/?p=728"},"modified":"2024-05-06T21:16:51","modified_gmt":"2024-05-06T19:16:51","slug":"la-importancia-de-las-madres-en-los-politicos-omar-y-rocio","status":"publish","type":"post","link":"https:\/\/periodicolarepublica.com\/index.php\/2024\/05\/06\/la-importancia-de-las-madres-en-los-politicos-omar-y-rocio\/","title":{"rendered":"La importancia de las madres en los pol\u00edticos; Omar y Roc\u00edo"},"content":{"rendered":"<p><img loading=\"lazy\" decoding=\"async\" class=\"alignnone size-medium wp-image-729\" src=\"https:\/\/periodicolarepublica.com\/wp-content\/uploads\/2024\/05\/Picsart_24-05-06_14-59-57-909-300x217.jpg\" alt=\"\" width=\"300\" height=\"217\" srcset=\"https:\/\/periodicolarepublica.com\/wp-content\/uploads\/2024\/05\/Picsart_24-05-06_14-59-57-909-300x217.jpg?v=1715379786 300w, https:\/\/periodicolarepublica.com\/wp-content\/uploads\/2024\/05\/Picsart_24-05-06_14-59-57-909-1024x741.jpg?v=1715379786 1024w, https:\/\/periodicolarepublica.com\/wp-content\/uploads\/2024\/05\/Picsart_24-05-06_14-59-57-909-768x556.jpg?v=1715379786 768w, https:\/\/periodicolarepublica.com\/wp-content\/uploads\/2024\/05\/Picsart_24-05-06_14-59-57-909-150x109.jpg?v=1715379786 150w, https:\/\/periodicolarepublica.com\/wp-content\/uploads\/2024\/05\/Picsart_24-05-06_14-59-57-909-600x434.jpg?v=1715379786 600w, https:\/\/periodicolarepublica.com\/wp-content\/uploads\/2024\/05\/Picsart_24-05-06_14-59-57-909-696x504.jpg?v=1715379786 696w, https:\/\/periodicolarepublica.com\/wp-content\/uploads\/2024\/05\/Picsart_24-05-06_14-59-57-909-1392x1008.jpg?v=1715379786 1392w, https:\/\/periodicolarepublica.com\/wp-content\/uploads\/2024\/05\/Picsart_24-05-06_14-59-57-909-1068x773.jpg?v=1715379786 1068w, https:\/\/periodicolarepublica.com\/wp-content\/uploads\/2024\/05\/Picsart_24-05-06_14-59-57-909-324x235.jpg?v=1715379786 324w, https:\/\/periodicolarepublica.com\/wp-content\/uploads\/2024\/05\/Picsart_24-05-06_14-59-57-909-648x470.jpg?v=1715379786 648w, https:\/\/periodicolarepublica.com\/wp-content\/uploads\/2024\/05\/Picsart_24-05-06_14-59-57-909.jpg?v=1715379786 1492w\" sizes=\"auto, (max-width: 300px) 100vw, 300px\" \/><\/p>\n<p>A prop\u00f3sito de estar en el mes de mayo denominado electoral y a la vez el mes donde se celebra el d\u00eda de las madres, siendo este el \u00faltimo domingo del mismo.<\/p>\n<p>Hay que destacar la importancia de las madres en la vida de los pol\u00edticos del presente y de la historia, las cuales muchas de estas han desempe\u00f1ado un papel fundamental en el desarrollo personal y profesional de estos, inculcando principios y valores.<\/p>\n<p>Y asi el candidato a Senador Omar Fern\u00e1ndez a destacado la importancia de su madre, do\u00f1a Rocio tanto en su crianza y en sus dia a dia en la pol\u00edtica, hasta nombrarla Jefa de campa\u00f1a.<\/p>\n<p>Tambien en la vida pol\u00edtica nacional tenemos el caso de el Dr Joaqu\u00edn Balaguer, expresidente de la Rep\u00fablica, quien a pesar de tener ambos padres, pero su padre comerciante dia y noche, donde se presume su gran influencia de su madre.<\/p>\n<p>El expresidente Leonel Fern\u00e1ndez, padre de Omar, criado por qui\u00e9n Yolanda Reyna, una madre soltera, en tiempos dif\u00edciles de democracia.<\/p>\n<p>Pero tambi\u00e9n lo podemos ver a nivel internacional con otros grandes pol\u00edticos, como el caso de un Abraham Lincoln expresidente de los Estados Unidos, que perdio su padre a temprana edad y su madre quedando a cargo.<\/p>\n<p>Barack Obama, quien despu\u00e9s del divorcio de sus padres termin\u00f3 viviendo con su madre, y fue de gran influencia para este, y de buena formacion hasta llegar ser presidente de Estados Unidos.<\/p>\n<p>A la m\u00eda, que su amor dado en mi crianza ha sido parte fundamental de lo que soy al dia de hoy.<\/p>\n<p>Con los debates electorales, quedo claro el pensar de los pol\u00edticos dominicanos, del respeto a sus buenos valores inculcados, expresados en sus discursos y as\u00ed mismo recibir\u00e1n votos, por respeto a la sociedad.<\/p>\n<p>Queda claro la importancia de la familia, tanto un padre y una madre, para quien ha tenido la dicha de tener ambos o al menos uno presente en su crianza, que la formaci\u00f3n en valores de los pol\u00edticos y otros profesionales del pasado, del presente y del futuro, pero el de las madres es muy especial.<\/p>\n<p>Y es que madre solo hay una.<\/p>\n<p>Oye, hijo m\u00edo, la instrucci\u00f3n de tu padre, y no desprecies la direcci\u00f3n de tu madre;<\/p>\n<p>Proverbios 1:8 (RVR 1960)<\/p>\n<p>&nbsp;<\/p>\n<p>M\u00e1ximo Mi\u00f1oso,<\/p>\n<p>Abogado, Comunicador, Director del Medio La Rep\u00fablica<\/p>\n<p>&nbsp;<\/p>\n<p>&nbsp;<\/p>\n","protected":false},"excerpt":{"rendered":"<p>A prop\u00f3sito de estar en el mes de mayo denominado electoral y a la vez el mes donde se celebra el d\u00eda de las madres, siendo este el \u00faltimo domingo del mismo. Hay que destacar la importancia de las madres en la vida de los pol\u00edticos del presente y de la historia, las cuales muchas [&hellip;]<\/p>\n","protected":false},"author":1,"featured_media":729,"comment_status":"open","ping_status":"open","sticky":false,"template":"","format":"standard","meta":{"om_disable_all_campaigns":false,"_monsterinsights_skip_tracking":false,"_monsterinsights_sitenote_active":false,"_monsterinsights_sitenote_note":"","_monsterinsights_sitenote_category":0,"footnotes":""},"categories":[127],"tags":[183,182,179],"class_list":{"0":"post-728","1":"post","2":"type-post","3":"status-publish","4":"format-standard","5":"has-post-thumbnail","7":"category-politica","8":"tag-dia-de-las-madres","9":"tag-las-madres","10":"tag-omar-fernandez"},"aioseo_notices":[],"_links":{"self":[{"href":"https:\/\/periodicolarepublica.com\/index.php\/wp-json\/wp\/v2\/posts\/728","targetHints":{"allow":["GET"]}}],"collection":[{"href":"https:\/\/periodicolarepublica.com\/index.php\/wp-json\/wp\/v2\/posts"}],"about":[{"href":"https:\/\/periodicolarepublica.com\/index.php\/wp-json\/wp\/v2\/types\/post"}],"author":[{"embeddable":true,"href":"https:\/\/periodicolarepublica.com\/index.php\/wp-json\/wp\/v2\/users\/1"}],"replies":[{"embeddable":true,"href":"https:\/\/periodicolarepublica.com\/index.php\/wp-json\/wp\/v2\/comments?post=728"}],"version-history":[{"count":3,"href":"https:\/\/periodicolarepublica.com\/index.php\/wp-json\/wp\/v2\/posts\/728\/revisions"}],"predecessor-version":[{"id":732,"href":"https:\/\/periodicolarepublica.com\/index.php\/wp-json\/wp\/v2\/posts\/728\/revisions\/732"}],"wp:featuredmedia":[{"embeddable":true,"href":"https:\/\/periodicolarepublica.com\/index.php\/wp-json\/wp\/v2\/media\/729"}],"wp:attachment":[{"href":"https:\/\/periodicolarepublica.com\/index.php\/wp-json\/wp\/v2\/media?parent=728"}],"wp:term":[{"taxonomy":"category","embeddable":true,"href":"https:\/\/periodicolarepublica.com\/index.php\/wp-json\/wp\/v2\/categories?post=728"},{"taxonomy":"post_tag","embeddable":true,"href":"https:\/\/periodicolarepublica.com\/index.php\/wp-json\/wp\/v2\/tags?post=728"}],"curies":[{"name":"wp","href":"https:\/\/api.w.org\/{rel}","templated":true}]}}