{"id":734,"date":"2024-05-07T14:15:38","date_gmt":"2024-05-07T12:15:38","guid":{"rendered":"https:\/\/periodicolarepublica.com\/?p=734"},"modified":"2024-05-07T14:15:38","modified_gmt":"2024-05-07T12:15:38","slug":"ministro-de-salud-publica-insta-a-la-poblacion-dominicana-a-mantenerse-alerta-durante-la-temporada-de-lluvias-para-prevenir-el-dengue","status":"publish","type":"post","link":"https:\/\/periodicolarepublica.com\/index.php\/2024\/05\/07\/ministro-de-salud-publica-insta-a-la-poblacion-dominicana-a-mantenerse-alerta-durante-la-temporada-de-lluvias-para-prevenir-el-dengue\/","title":{"rendered":"Ministro de Salud P\u00fablica insta a la poblaci\u00f3n dominicana a mantenerse alerta durante la temporada de lluvias para prevenir el Dengue"},"content":{"rendered":"\r\n<p><img loading=\"lazy\" decoding=\"async\" class=\"size-medium wp-image-612 alignright\" src=\"https:\/\/periodicolarepublica.com\/wp-content\/uploads\/2024\/04\/20240416_122716-300x211.jpg\" alt=\"\" width=\"300\" height=\"211\" srcset=\"https:\/\/periodicolarepublica.com\/wp-content\/uploads\/2024\/04\/20240416_122716-300x211.jpg?v=1715379797 300w, https:\/\/periodicolarepublica.com\/wp-content\/uploads\/2024\/04\/20240416_122716-768x540.jpg?v=1715379797 768w, https:\/\/periodicolarepublica.com\/wp-content\/uploads\/2024\/04\/20240416_122716-150x106.jpg?v=1715379797 150w, https:\/\/periodicolarepublica.com\/wp-content\/uploads\/2024\/04\/20240416_122716-600x422.jpg?v=1715379797 600w, https:\/\/periodicolarepublica.com\/wp-content\/uploads\/2024\/04\/20240416_122716-696x490.jpg?v=1715379797 696w, https:\/\/periodicolarepublica.com\/wp-content\/uploads\/2024\/04\/20240416_122716-100x70.jpg?v=1715379797 100w, https:\/\/periodicolarepublica.com\/wp-content\/uploads\/2024\/04\/20240416_122716-200x140.jpg?v=1715379797 200w, https:\/\/periodicolarepublica.com\/wp-content\/uploads\/2024\/04\/20240416_122716.jpg?v=1715379797 783w\" sizes=\"auto, (max-width: 300px) 100vw, 300px\" \/><br \/><br \/><br \/>Santo Domingo-El Ministro de Salud P\u00fablica, el Dr. V\u00edctor Atallah, ha emitido un llamado a la poblaci\u00f3n dominicana para que no baje la guardia durante la temporada de lluvias, ya que este periodo representa un riesgo importante para la propagaci\u00f3n del Dengue. El mosquito Aedes aegypti, transmisor de esta enfermedad, tiende a proliferar en estas condiciones, por lo que es crucial mantenerse alerta y seguir las instrucciones de prevenci\u00f3n.<br \/><br \/>El Dr. Atallah ha destacado la importancia de tomar medidas preventivas en los hogares y comunidades para eliminar los criaderos de mosquitos. Se recomienda a la poblaci\u00f3n dominicana seguir las siguientes acciones:<br \/><br \/>1. Eliminar cualquier objeto que pueda acumular agua estancada, como neum\u00e1ticos viejos, recipientes vac\u00edos, latas o botellas.<br \/>2. Limpiar y desinfectar frecuentemente los recipientes de almacenamiento de agua, asegurando que est\u00e9n bien tapados.<br \/>3. Tapar adecuadamente los tanques de agua, pozos y otros sistemas de almacenamiento para evitar la entrada de mosquitos.<br \/>4. Mantener los patios y jardines libres de maleza y basura, ya que pueden convertirse en lugares propicios para la reproducci\u00f3n del mosquito.<br \/>5. Utilizar repelente de insectos que contenga DEET al estar al aire libre, especialmente durante las horas del amanecer y el atardecer.<br \/>6. Usar ropa de manga larga y pantalones largos para reducir la exposici\u00f3n de la piel a las picaduras de mosquitos.<br \/><br \/>El Ministro de Salud P\u00fablica tambi\u00e9n ha hecho hincapi\u00e9 en la importancia de buscar atenci\u00f3n m\u00e9dica de inmediato si se presentan s\u00edntomas como fiebre alta, dolor de cabeza intenso, dolor detr\u00e1s de los ojos, dolores musculares y articulares, y erupciones cut\u00e1neas. Estos podr\u00edan ser se\u00f1ales de infecci\u00f3n por Dengue, y un diagn\u00f3stico temprano es fundamental para un tratamiento adecuado.<br \/><br \/>El Dr. Atallah ha reiterado el compromiso del Ministerio de Salud P\u00fablica en la lucha contra el Dengue y ha instado a la poblaci\u00f3n dominicana a unirse a este esfuerzo colectivo. La prevenci\u00f3n y la responsabilidad individual son clave para evitar la propagaci\u00f3n de la enfermedad y proteger la salud de todos.<br \/><br \/><\/p>\r\n","protected":false},"excerpt":{"rendered":"<p>Santo Domingo-El Ministro de Salud P\u00fablica, el Dr. V\u00edctor Atallah, ha emitido un llamado a la poblaci\u00f3n dominicana para que no baje la guardia durante la temporada de lluvias, ya que este periodo representa un riesgo importante para la propagaci\u00f3n del Dengue. El mosquito Aedes aegypti, transmisor de esta enfermedad, tiende a proliferar en estas [&hellip;]<\/p>\n","protected":false},"author":6,"featured_media":612,"comment_status":"open","ping_status":"open","sticky":false,"template":"","format":"standard","meta":{"om_disable_all_campaigns":false,"_monsterinsights_skip_tracking":false,"_monsterinsights_sitenote_active":false,"_monsterinsights_sitenote_note":"","_monsterinsights_sitenote_category":0,"footnotes":""},"categories":[1],"tags":[159],"class_list":{"0":"post-734","1":"post","2":"type-post","3":"status-publish","4":"format-standard","5":"has-post-thumbnail","7":"category-nacionales","8":"tag-ministro-de-salud-publica-victor-atallah"},"aioseo_notices":[],"_links":{"self":[{"href":"https:\/\/periodicolarepublica.com\/index.php\/wp-json\/wp\/v2\/posts\/734","targetHints":{"allow":["GET"]}}],"collection":[{"href":"https:\/\/periodicolarepublica.com\/index.php\/wp-json\/wp\/v2\/posts"}],"about":[{"href":"https:\/\/periodicolarepublica.com\/index.php\/wp-json\/wp\/v2\/types\/post"}],"author":[{"embeddable":true,"href":"https:\/\/periodicolarepublica.com\/index.php\/wp-json\/wp\/v2\/users\/6"}],"replies":[{"embeddable":true,"href":"https:\/\/periodicolarepublica.com\/index.php\/wp-json\/wp\/v2\/comments?post=734"}],"version-history":[{"count":2,"href":"https:\/\/periodicolarepublica.com\/index.php\/wp-json\/wp\/v2\/posts\/734\/revisions"}],"predecessor-version":[{"id":739,"href":"https:\/\/periodicolarepublica.com\/index.php\/wp-json\/wp\/v2\/posts\/734\/revisions\/739"}],"wp:featuredmedia":[{"embeddable":true,"href":"https:\/\/periodicolarepublica.com\/index.php\/wp-json\/wp\/v2\/media\/612"}],"wp:attachment":[{"href":"https:\/\/periodicolarepublica.com\/index.php\/wp-json\/wp\/v2\/media?parent=734"}],"wp:term":[{"taxonomy":"category","embeddable":true,"href":"https:\/\/periodicolarepublica.com\/index.php\/wp-json\/wp\/v2\/categories?post=734"},{"taxonomy":"post_tag","embeddable":true,"href":"https:\/\/periodicolarepublica.com\/index.php\/wp-json\/wp\/v2\/tags?post=734"}],"curies":[{"name":"wp","href":"https:\/\/api.w.org\/{rel}","templated":true}]}}