{"id":738,"date":"2024-05-09T01:26:19","date_gmt":"2024-05-08T23:26:19","guid":{"rendered":"https:\/\/periodicolarepublica.com\/?p=738"},"modified":"2024-05-09T01:29:56","modified_gmt":"2024-05-08T23:29:56","slug":"el-ministro-de-salud-publica-dr-victor-atallahdr-victor-atallah-ha-lanzado-hoy-la-campana-familiar-anti-dengue","status":"publish","type":"post","link":"https:\/\/periodicolarepublica.com\/index.php\/2024\/05\/09\/el-ministro-de-salud-publica-dr-victor-atallahdr-victor-atallah-ha-lanzado-hoy-la-campana-familiar-anti-dengue\/","title":{"rendered":"El Ministro de salud p\u00fablica Dr. V\u00edctor Atallah, ha lanzado hoy la Campa\u00f1a Familiar Anti-Dengue"},"content":{"rendered":"\r\n<p><img loading=\"lazy\" decoding=\"async\" class=\"size-medium wp-image-745 alignright\" src=\"https:\/\/periodicolarepublica.com\/wp-content\/uploads\/2024\/05\/IMG-20240508-WA1163-300x168.jpg\" alt=\"\" width=\"300\" height=\"168\" srcset=\"https:\/\/periodicolarepublica.com\/wp-content\/uploads\/2024\/05\/IMG-20240508-WA1163-300x168.jpg?v=1715379785 300w, https:\/\/periodicolarepublica.com\/wp-content\/uploads\/2024\/05\/IMG-20240508-WA1163-1024x573.jpg?v=1715379785 1024w, https:\/\/periodicolarepublica.com\/wp-content\/uploads\/2024\/05\/IMG-20240508-WA1163-768x430.jpg?v=1715379785 768w, https:\/\/periodicolarepublica.com\/wp-content\/uploads\/2024\/05\/IMG-20240508-WA1163-150x84.jpg?v=1715379785 150w, https:\/\/periodicolarepublica.com\/wp-content\/uploads\/2024\/05\/IMG-20240508-WA1163-600x336.jpg?v=1715379785 600w, https:\/\/periodicolarepublica.com\/wp-content\/uploads\/2024\/05\/IMG-20240508-WA1163-696x389.jpg?v=1715379785 696w, https:\/\/periodicolarepublica.com\/wp-content\/uploads\/2024\/05\/IMG-20240508-WA1163-1068x597.jpg?v=1715379785 1068w, https:\/\/periodicolarepublica.com\/wp-content\/uploads\/2024\/05\/IMG-20240508-WA1163.jpg?v=1715379785 1080w\" sizes=\"auto, (max-width: 300px) 100vw, 300px\" \/><br \/>Santo Domingo- En un esfuerzo por abordar la creciente preocupaci\u00f3n en torno al dengue en nuestra comunidad, el Ministerio de Salud P\u00fablica, bajo la direcci\u00f3n del Dr. V\u00edctor Atallah, ha lanzado hoy la Campa\u00f1a Familiar Anti-Dengue en el Instituto Polit\u00e9cnico Padre Bartolom\u00e9 Verg. Esta iniciativa tiene como objetivo educar y orientar a los ni\u00f1os sobre las acciones de prevenci\u00f3n necesarias para combatir esta enfermedad. <br \/><br \/>El dengue es una enfermedad transmitida por mosquitos que representa un desaf\u00edo significativo para la salud p\u00fablica en nuestra regi\u00f3n. Con el aumento de los casos reportados, es fundamental tomar medidas preventivas para proteger a nuestra comunidad, especialmente a los m\u00e1s j\u00f3venes. <br \/><br \/>El Ministerio de Salud P\u00fablica reconoce la importancia de la educaci\u00f3n temprana en la prevenci\u00f3n del dengue. Por lo tanto, ha dise\u00f1ado la Campa\u00f1a Familiar Anti-Dengue con un enfoque especial en los ni\u00f1os. Al involucrar a los m\u00e1s peque\u00f1os en la lucha contra esta enfermedad, buscamos fomentar una cultura de prevenci\u00f3n desde una edad temprana, empoder\u00e1ndolos para que se conviertan en agentes de cambio en sus hogares y comunidades. <br \/><br \/>El lanzamiento de la Campa\u00f1a Familiar Anti-Dengue tuvo lugar hoy en el Instituto Polit\u00e9cnico Padre Bartolom\u00e9 Verg, donde el Dr. V\u00edctor Atallah, Ministro de Salud P\u00fablica, estuvo presente para dar inicio a esta importante iniciativa. Durante el evento, se llevaron a cabo diversas actividades educativas y l\u00fadicas dise\u00f1adas para ense\u00f1ar a los ni\u00f1os sobre los riesgos del dengue y las medidas de prevenci\u00f3n. <br \/><br \/>El Dr. V\u00edctor Atallah expres\u00f3 su entusiasmo por el lanzamiento de la Campa\u00f1a Familiar Anti-Dengue y destac\u00f3 la importancia de la participaci\u00f3n de los ni\u00f1os en la prevenci\u00f3n de enfermedades. \u00abAl educar a nuestros ni\u00f1os sobre el dengue y las pr\u00e1cticas preventivas, estamos construyendo una base s\u00f3lida para un futuro saludable\u00bb, afirm\u00f3 el Dr. Atallah. \u00abEs fundamental que todos trabajemos juntos para combatir el dengue y proteger a nuestras comunidades. Esta campa\u00f1a es un paso importante en esa direcci\u00f3n\u00bb. <br \/><br \/>La Campa\u00f1a Familiar Anti-Dengue continuar\u00e1 durante los pr\u00f3ximos meses, con actividades educativas planificadas en escuelas y centros comunitarios en toda la regi\u00f3n. El Ministerio de Salud P\u00fablica invita a todas las familias a participar activamente en esta iniciativa y a implementar las medidas de prevenci\u00f3n recomendadas para reducir la propagaci\u00f3n del dengue<\/p>\r\n","protected":false},"excerpt":{"rendered":"<p>Santo Domingo- En un esfuerzo por abordar la creciente preocupaci\u00f3n en torno al dengue en nuestra comunidad, el Ministerio de Salud P\u00fablica, bajo la direcci\u00f3n del Dr. V\u00edctor Atallah, ha lanzado hoy la Campa\u00f1a Familiar Anti-Dengue en el Instituto Polit\u00e9cnico Padre Bartolom\u00e9 Verg. Esta iniciativa tiene como objetivo educar y orientar a los ni\u00f1os sobre [&hellip;]<\/p>\n","protected":false},"author":6,"featured_media":745,"comment_status":"open","ping_status":"open","sticky":false,"template":"","format":"standard","meta":{"om_disable_all_campaigns":false,"_monsterinsights_skip_tracking":false,"_monsterinsights_sitenote_active":false,"_monsterinsights_sitenote_note":"","_monsterinsights_sitenote_category":0,"footnotes":""},"categories":[1],"tags":[159],"class_list":{"0":"post-738","1":"post","2":"type-post","3":"status-publish","4":"format-standard","5":"has-post-thumbnail","7":"category-nacionales","8":"tag-ministro-de-salud-publica-victor-atallah"},"aioseo_notices":[],"_links":{"self":[{"href":"https:\/\/periodicolarepublica.com\/index.php\/wp-json\/wp\/v2\/posts\/738","targetHints":{"allow":["GET"]}}],"collection":[{"href":"https:\/\/periodicolarepublica.com\/index.php\/wp-json\/wp\/v2\/posts"}],"about":[{"href":"https:\/\/periodicolarepublica.com\/index.php\/wp-json\/wp\/v2\/types\/post"}],"author":[{"embeddable":true,"href":"https:\/\/periodicolarepublica.com\/index.php\/wp-json\/wp\/v2\/users\/6"}],"replies":[{"embeddable":true,"href":"https:\/\/periodicolarepublica.com\/index.php\/wp-json\/wp\/v2\/comments?post=738"}],"version-history":[{"count":4,"href":"https:\/\/periodicolarepublica.com\/index.php\/wp-json\/wp\/v2\/posts\/738\/revisions"}],"predecessor-version":[{"id":748,"href":"https:\/\/periodicolarepublica.com\/index.php\/wp-json\/wp\/v2\/posts\/738\/revisions\/748"}],"wp:featuredmedia":[{"embeddable":true,"href":"https:\/\/periodicolarepublica.com\/index.php\/wp-json\/wp\/v2\/media\/745"}],"wp:attachment":[{"href":"https:\/\/periodicolarepublica.com\/index.php\/wp-json\/wp\/v2\/media?parent=738"}],"wp:term":[{"taxonomy":"category","embeddable":true,"href":"https:\/\/periodicolarepublica.com\/index.php\/wp-json\/wp\/v2\/categories?post=738"},{"taxonomy":"post_tag","embeddable":true,"href":"https:\/\/periodicolarepublica.com\/index.php\/wp-json\/wp\/v2\/tags?post=738"}],"curies":[{"name":"wp","href":"https:\/\/api.w.org\/{rel}","templated":true}]}}