{"id":740,"date":"2024-05-08T19:33:16","date_gmt":"2024-05-08T17:33:16","guid":{"rendered":"https:\/\/periodicolarepublica.com\/?p=740"},"modified":"2024-05-08T19:33:16","modified_gmt":"2024-05-08T17:33:16","slug":"arajet-designa-jose-abel-marte-como-nuevo-jefe-de-piloto","status":"publish","type":"post","link":"https:\/\/periodicolarepublica.com\/index.php\/2024\/05\/08\/arajet-designa-jose-abel-marte-como-nuevo-jefe-de-piloto\/","title":{"rendered":"Arajet designa Jos\u00e9 Abel Marte como nuevo jefe de piloto"},"content":{"rendered":"<p><img loading=\"lazy\" decoding=\"async\" class=\"alignnone size-medium wp-image-741\" src=\"https:\/\/periodicolarepublica.com\/wp-content\/uploads\/2024\/05\/Jose-Abel-Martes-nuevo-jefe-de-Pilotos-de-Arajet-284x300.jpeg\" alt=\"\" width=\"284\" height=\"300\" srcset=\"https:\/\/periodicolarepublica.com\/wp-content\/uploads\/2024\/05\/Jose-Abel-Martes-nuevo-jefe-de-Pilotos-de-Arajet-284x300.jpeg?v=1715379785 284w, https:\/\/periodicolarepublica.com\/wp-content\/uploads\/2024\/05\/Jose-Abel-Martes-nuevo-jefe-de-Pilotos-de-Arajet-969x1024.jpeg?v=1715379785 969w, https:\/\/periodicolarepublica.com\/wp-content\/uploads\/2024\/05\/Jose-Abel-Martes-nuevo-jefe-de-Pilotos-de-Arajet-768x811.jpeg?v=1715379785 768w, https:\/\/periodicolarepublica.com\/wp-content\/uploads\/2024\/05\/Jose-Abel-Martes-nuevo-jefe-de-Pilotos-de-Arajet-1454x1536.jpeg?v=1715379785 1454w, https:\/\/periodicolarepublica.com\/wp-content\/uploads\/2024\/05\/Jose-Abel-Martes-nuevo-jefe-de-Pilotos-de-Arajet-1938x2048.jpeg?v=1715379785 1938w, https:\/\/periodicolarepublica.com\/wp-content\/uploads\/2024\/05\/Jose-Abel-Martes-nuevo-jefe-de-Pilotos-de-Arajet-150x158.jpeg?v=1715379785 150w, https:\/\/periodicolarepublica.com\/wp-content\/uploads\/2024\/05\/Jose-Abel-Martes-nuevo-jefe-de-Pilotos-de-Arajet-300x317.jpeg?v=1715379785 300w, https:\/\/periodicolarepublica.com\/wp-content\/uploads\/2024\/05\/Jose-Abel-Martes-nuevo-jefe-de-Pilotos-de-Arajet-600x634.jpeg?v=1715379785 600w, https:\/\/periodicolarepublica.com\/wp-content\/uploads\/2024\/05\/Jose-Abel-Martes-nuevo-jefe-de-Pilotos-de-Arajet-696x735.jpeg?v=1715379785 696w, https:\/\/periodicolarepublica.com\/wp-content\/uploads\/2024\/05\/Jose-Abel-Martes-nuevo-jefe-de-Pilotos-de-Arajet-1392x1471.jpeg?v=1715379785 1392w, https:\/\/periodicolarepublica.com\/wp-content\/uploads\/2024\/05\/Jose-Abel-Martes-nuevo-jefe-de-Pilotos-de-Arajet-1068x1128.jpeg?v=1715379785 1068w, https:\/\/periodicolarepublica.com\/wp-content\/uploads\/2024\/05\/Jose-Abel-Martes-nuevo-jefe-de-Pilotos-de-Arajet-1920x2028.jpeg?v=1715379785 1920w\" sizes=\"auto, (max-width: 284px) 100vw, 284px\" \/><\/p>\n<p>Santo Domingo. &#8211; Arajet, la aerol\u00ednea de bajos precios del caribe, anunci\u00f3 la integraci\u00f3n del dominicano Jos\u00e9 Abel Marte como su nuevo Jefe de Pilotos para continuar fortaleciendo su equipo de operaciones y lograr un mayor impacto en la industria de la aviaci\u00f3n.<\/p>\n<p>Marte llega a Arajet luego de tener 25 a\u00f1os de experiencia en la industria de la aviaci\u00f3n de los cuales en los \u00faltimos 10 ha sido capit\u00e1n de la Turkish Airlines, una de las aerol\u00edneas m\u00e1s grandes del mundo.<\/p>\n<p>V\u00edctor Pacheco M\u00e9ndez, CEO &amp; Fundador de Arajet, expres\u00f3 que esta incorporaci\u00f3n en la compa\u00f1\u00eda del capit\u00e1n Marte refuerza la estrategia de integrar los mejores profesionales del mercado, para as\u00ed seguir creciendo la industria nacional y a la vez propiciar la transferencia de conocimiento entre talentos.<\/p>\n<p>\u201cEn Arajet nos hemos consolidados como la aerol\u00ednea bandera de los dominicanos y creemos firmemente que nuestro equipo humano calificado es la clave para ofrecer un servicio de calidad y de clase mundial a todos los pasajeros que d\u00eda tras d\u00edas nos eligen para conocer otros pa\u00edses\u201d, indic\u00f3 Pacheco M\u00e9ndez, quien agreg\u00f3 que \u201cEstamos muy contentos de que un piloto dominicano de la experiencia de Jos\u00e9 Abel Marte pueda desempe\u00f1ar esta importante tarea\u201d.<\/p>\n<p>Marte adem\u00e1s de haber pilotado durante unos 10 a\u00f1os en Turkish Airlines, tambi\u00e9n asesor\u00f3 a Arajet en la formaci\u00f3n de pilotos en el comienzo de la aerol\u00ednea, y fungi\u00f3 como piloto en otras l\u00edneas internacionales de Europa, \u00c1frica y Asia.<\/p>\n<blockquote><p>Arajet puntualiz\u00f3 que parte importante del reconocimiento logrado local e internacionalmente es producto del seguimiento de su plan estrat\u00e9gico con colaboradores altamente capacitados para ofrecer a los pasajeros una experiencia de vuelo memorable.<\/p><\/blockquote>\n<p>&nbsp;<\/p>\n","protected":false},"excerpt":{"rendered":"<p>Santo Domingo. &#8211; Arajet, la aerol\u00ednea de bajos precios del caribe, anunci\u00f3 la integraci\u00f3n del dominicano Jos\u00e9 Abel Marte como su nuevo Jefe de Pilotos para continuar fortaleciendo su equipo de operaciones y lograr un mayor impacto en la industria de la aviaci\u00f3n. Marte llega a Arajet luego de tener 25 a\u00f1os de experiencia en [&hellip;]<\/p>\n","protected":false},"author":6,"featured_media":741,"comment_status":"open","ping_status":"open","sticky":false,"template":"","format":"standard","meta":{"om_disable_all_campaigns":false,"_monsterinsights_skip_tracking":false,"_monsterinsights_sitenote_active":false,"_monsterinsights_sitenote_note":"","_monsterinsights_sitenote_category":0,"footnotes":""},"categories":[165],"tags":[104,184],"class_list":{"0":"post-740","1":"post","2":"type-post","3":"status-publish","4":"format-standard","5":"has-post-thumbnail","7":"category-sociales","8":"tag-arajet","9":"tag-precios-bajos"},"aioseo_notices":[],"_links":{"self":[{"href":"https:\/\/periodicolarepublica.com\/index.php\/wp-json\/wp\/v2\/posts\/740","targetHints":{"allow":["GET"]}}],"collection":[{"href":"https:\/\/periodicolarepublica.com\/index.php\/wp-json\/wp\/v2\/posts"}],"about":[{"href":"https:\/\/periodicolarepublica.com\/index.php\/wp-json\/wp\/v2\/types\/post"}],"author":[{"embeddable":true,"href":"https:\/\/periodicolarepublica.com\/index.php\/wp-json\/wp\/v2\/users\/6"}],"replies":[{"embeddable":true,"href":"https:\/\/periodicolarepublica.com\/index.php\/wp-json\/wp\/v2\/comments?post=740"}],"version-history":[{"count":1,"href":"https:\/\/periodicolarepublica.com\/index.php\/wp-json\/wp\/v2\/posts\/740\/revisions"}],"predecessor-version":[{"id":742,"href":"https:\/\/periodicolarepublica.com\/index.php\/wp-json\/wp\/v2\/posts\/740\/revisions\/742"}],"wp:featuredmedia":[{"embeddable":true,"href":"https:\/\/periodicolarepublica.com\/index.php\/wp-json\/wp\/v2\/media\/741"}],"wp:attachment":[{"href":"https:\/\/periodicolarepublica.com\/index.php\/wp-json\/wp\/v2\/media?parent=740"}],"wp:term":[{"taxonomy":"category","embeddable":true,"href":"https:\/\/periodicolarepublica.com\/index.php\/wp-json\/wp\/v2\/categories?post=740"},{"taxonomy":"post_tag","embeddable":true,"href":"https:\/\/periodicolarepublica.com\/index.php\/wp-json\/wp\/v2\/tags?post=740"}],"curies":[{"name":"wp","href":"https:\/\/api.w.org\/{rel}","templated":true}]}}