{"id":744,"date":"2024-05-12T16:23:50","date_gmt":"2024-05-12T14:23:50","guid":{"rendered":"https:\/\/periodicolarepublica.com\/?p=744"},"modified":"2024-05-12T16:23:50","modified_gmt":"2024-05-12T14:23:50","slug":"el-ministro-de-salud-publica-dr-victor-atallah-celebra-el-dia-internacional-de-la-enfermeria","status":"publish","type":"post","link":"https:\/\/periodicolarepublica.com\/index.php\/2024\/05\/12\/el-ministro-de-salud-publica-dr-victor-atallah-celebra-el-dia-internacional-de-la-enfermeria\/","title":{"rendered":"El Ministro de Salud P\u00fablica, Dr. V\u00edctor Atallah, celebra el D\u00eda Internacional de la Enfermer\u00eda"},"content":{"rendered":"\r\n<p><img loading=\"lazy\" decoding=\"async\" class=\"size-medium wp-image-809 alignright\" src=\"https:\/\/periodicolarepublica.com\/wp-content\/uploads\/2024\/05\/IMG-20240512-WA0399-300x202.jpg\" alt=\"\" width=\"300\" height=\"202\" srcset=\"https:\/\/periodicolarepublica.com\/wp-content\/uploads\/2024\/05\/IMG-20240512-WA0399-300x202.jpg?v=1715523809 300w, https:\/\/periodicolarepublica.com\/wp-content\/uploads\/2024\/05\/IMG-20240512-WA0399-1024x689.jpg?v=1715523809 1024w, https:\/\/periodicolarepublica.com\/wp-content\/uploads\/2024\/05\/IMG-20240512-WA0399-768x517.jpg?v=1715523809 768w, https:\/\/periodicolarepublica.com\/wp-content\/uploads\/2024\/05\/IMG-20240512-WA0399-150x101.jpg?v=1715523809 150w, https:\/\/periodicolarepublica.com\/wp-content\/uploads\/2024\/05\/IMG-20240512-WA0399-600x404.jpg?v=1715523809 600w, https:\/\/periodicolarepublica.com\/wp-content\/uploads\/2024\/05\/IMG-20240512-WA0399-696x468.jpg?v=1715523809 696w, https:\/\/periodicolarepublica.com\/wp-content\/uploads\/2024\/05\/IMG-20240512-WA0399-1068x719.jpg?v=1715523809 1068w, https:\/\/periodicolarepublica.com\/wp-content\/uploads\/2024\/05\/IMG-20240512-WA0399.jpg?v=1715523809 1079w\" sizes=\"auto, (max-width: 300px) 100vw, 300px\" \/>Santo Domingo- En el marco del D\u00eda Internacional de la Enfermer\u00eda, que se celebra cada a\u00f1o el 12 de mayo, el Ministro de Salud P\u00fablica, Dr. V\u00edctor Atallah, desea expresar su m\u00e1s sincero reconocimiento y gratitud a todos los enfermeros y enfermeras de nuestro pa\u00eds. El Dr. Atallah destaca la valiosa labor que desempe\u00f1an estos profesionales de la salud, que son fundamentales en la prestaci\u00f3n de cuidados y en la promoci\u00f3n de la salud de la poblaci\u00f3n. <br \/><br \/>El D\u00eda Internacional de la Enfermer\u00eda es una fecha especial en la que se rinde homenaje a la labor de los enfermeros y enfermeras de todo el mundo. <br \/><br \/>El Ministro Atallah destaca el compromiso y la dedicaci\u00f3n de los enfermeros y enfermeras de nuestro pa\u00eds, su capacidad para adaptarse a situaciones cambiantes y su entrega incondicional en la atenci\u00f3n a los pacientes. Reconoce su papel esencial en la promoci\u00f3n de la salud, la prevenci\u00f3n de enfermedades y la educaci\u00f3n de la comunidad. <br \/><br \/>\u00abEn este D\u00eda Internacional de la Enfermer\u00eda, quiero rendir un homenaje especial a todos los enfermeros y enfermeras de nuestro pa\u00eds. Su trabajo incansable, su compromiso y su profesionalismo son fundamentales para el bienestar de nuestra sociedad. Son verdaderos h\u00e9roes y hero\u00ednas de la salud, y les agradezco sinceramente por su dedicaci\u00f3n y sacrificio\u00bb, declar\u00f3 el Ministro Atallah. <br \/><br \/>El Ministerio de Salud P\u00fablica reafirma su compromiso de fortalecer la formaci\u00f3n, capacitaci\u00f3n y condiciones laborales de los enfermeros y enfermeras. Reconoce la necesidad de seguir invirtiendo en el sector de la salud y promover pol\u00edticas que valoren y reconozcan adecuadamente el trabajo de estos profesionales.<\/p>\r\n","protected":false},"excerpt":{"rendered":"<p>Santo Domingo- En el marco del D\u00eda Internacional de la Enfermer\u00eda, que se celebra cada a\u00f1o el 12 de mayo, el Ministro de Salud P\u00fablica, Dr. V\u00edctor Atallah, desea expresar su m\u00e1s sincero reconocimiento y gratitud a todos los enfermeros y enfermeras de nuestro pa\u00eds. El Dr. Atallah destaca la valiosa labor que desempe\u00f1an estos [&hellip;]<\/p>\n","protected":false},"author":6,"featured_media":809,"comment_status":"open","ping_status":"open","sticky":false,"template":"","format":"standard","meta":{"om_disable_all_campaigns":false,"_monsterinsights_skip_tracking":false,"_monsterinsights_sitenote_active":false,"_monsterinsights_sitenote_note":"","_monsterinsights_sitenote_category":0,"footnotes":""},"categories":[1],"tags":[159],"class_list":{"0":"post-744","1":"post","2":"type-post","3":"status-publish","4":"format-standard","5":"has-post-thumbnail","7":"category-nacionales","8":"tag-ministro-de-salud-publica-victor-atallah"},"aioseo_notices":[],"_links":{"self":[{"href":"https:\/\/periodicolarepublica.com\/index.php\/wp-json\/wp\/v2\/posts\/744","targetHints":{"allow":["GET"]}}],"collection":[{"href":"https:\/\/periodicolarepublica.com\/index.php\/wp-json\/wp\/v2\/posts"}],"about":[{"href":"https:\/\/periodicolarepublica.com\/index.php\/wp-json\/wp\/v2\/types\/post"}],"author":[{"embeddable":true,"href":"https:\/\/periodicolarepublica.com\/index.php\/wp-json\/wp\/v2\/users\/6"}],"replies":[{"embeddable":true,"href":"https:\/\/periodicolarepublica.com\/index.php\/wp-json\/wp\/v2\/comments?post=744"}],"version-history":[{"count":2,"href":"https:\/\/periodicolarepublica.com\/index.php\/wp-json\/wp\/v2\/posts\/744\/revisions"}],"predecessor-version":[{"id":810,"href":"https:\/\/periodicolarepublica.com\/index.php\/wp-json\/wp\/v2\/posts\/744\/revisions\/810"}],"wp:featuredmedia":[{"embeddable":true,"href":"https:\/\/periodicolarepublica.com\/index.php\/wp-json\/wp\/v2\/media\/809"}],"wp:attachment":[{"href":"https:\/\/periodicolarepublica.com\/index.php\/wp-json\/wp\/v2\/media?parent=744"}],"wp:term":[{"taxonomy":"category","embeddable":true,"href":"https:\/\/periodicolarepublica.com\/index.php\/wp-json\/wp\/v2\/categories?post=744"},{"taxonomy":"post_tag","embeddable":true,"href":"https:\/\/periodicolarepublica.com\/index.php\/wp-json\/wp\/v2\/tags?post=744"}],"curies":[{"name":"wp","href":"https:\/\/api.w.org\/{rel}","templated":true}]}}