{"id":75,"date":"2023-11-26T22:01:19","date_gmt":"2023-11-26T21:01:19","guid":{"rendered":"https:\/\/periodicolarepublica.com\/?p=75"},"modified":"2023-11-27T17:19:26","modified_gmt":"2023-11-27T16:19:26","slug":"banreservas-y-mived-entregan-viviendas-junto-al-presidente-luis-abinader","status":"publish","type":"post","link":"https:\/\/periodicolarepublica.com\/index.php\/2023\/11\/26\/banreservas-y-mived-entregan-viviendas-junto-al-presidente-luis-abinader\/","title":{"rendered":"Banreservas y MIVED entregan viviendas junto al Presidente Luis Abinader"},"content":{"rendered":"\n<p>El Banco de Reservas (BANRESERVAS) presente con el Ministerio de Vivienda y Edificaciones MIVED, acompa\u00f1aron al presidente Luis Abinader a la entrega de mas viviendas del programa actual.<\/p>\n\n\n\n<p>Ysidro Garc\u00eda, subadministrador de negocios de la instituci\u00f3n financiera, tambi\u00e9n hizo de representaci\u00f3n de Samuel Pereyra, Administrador General de la entidad.<\/p>\n\n\n\n<figure class=\"wp-block-image size-large\"><img loading=\"lazy\" decoding=\"async\" width=\"1024\" height=\"1024\" src=\"https:\/\/periodicolarepublica.com\/wp-content\/uploads\/2023\/11\/Picsart_23-11-26_16-49-15-561-1024x1024.jpg\" alt=\"\" class=\"wp-image-76\" srcset=\"https:\/\/periodicolarepublica.com\/wp-content\/uploads\/2023\/11\/Picsart_23-11-26_16-49-15-561-1024x1024.jpg?v=1715379862 1024w, https:\/\/periodicolarepublica.com\/wp-content\/uploads\/2023\/11\/Picsart_23-11-26_16-49-15-561-300x300.jpg?v=1715379862 300w, https:\/\/periodicolarepublica.com\/wp-content\/uploads\/2023\/11\/Picsart_23-11-26_16-49-15-561-150x150.jpg?v=1715379862 150w, https:\/\/periodicolarepublica.com\/wp-content\/uploads\/2023\/11\/Picsart_23-11-26_16-49-15-561-768x768.jpg?v=1715379862 768w, https:\/\/periodicolarepublica.com\/wp-content\/uploads\/2023\/11\/Picsart_23-11-26_16-49-15-561-1536x1536.jpg?v=1715379862 1536w, https:\/\/periodicolarepublica.com\/wp-content\/uploads\/2023\/11\/Picsart_23-11-26_16-49-15-561-2048x2048.jpg?v=1715379862 2048w\" sizes=\"auto, (max-width: 1024px) 100vw, 1024px\" \/><\/figure>\n\n\n<div class=\"wp-block-post-author\"><div class=\"wp-block-post-author__avatar\"><img loading=\"lazy\" decoding=\"async\" src=\"https:\/\/periodicolarepublica.com\/wp-content\/uploads\/2023\/12\/maximo-perfil-photo-150x150.jpeg?v=1715379847\" width=\"48\" height=\"48\" srcset=\"https:\/\/periodicolarepublica.com\/wp-content\/uploads\/2023\/12\/maximo-perfil-photo-150x150.jpeg?v=1715379847 2x\" alt=\"Maximo Mi\u00f1oso\" class=\"avatar avatar-48 wp-user-avatar wp-user-avatar-48 alignnone photo\" \/><\/div><div class=\"wp-block-post-author__content\"><p class=\"wp-block-post-author__byline\">M\u00e1ximo Mi\u00f1oso<\/p><p class=\"wp-block-post-author__name\">Maximo Mi\u00f1oso<\/p><\/div><\/div>","protected":false},"excerpt":{"rendered":"<p>El Banco de Reservas (BANRESERVAS) presente con el Ministerio de Vivienda y Edificaciones MIVED, acompa\u00f1aron al presidente Luis Abinader a la entrega de mas viviendas del programa actual. Ysidro Garc\u00eda, subadministrador de negocios de la instituci\u00f3n financiera, tambi\u00e9n hizo de representaci\u00f3n de Samuel Pereyra, Administrador General de la entidad.<\/p>\n","protected":false},"author":1,"featured_media":76,"comment_status":"open","ping_status":"open","sticky":false,"template":"","format":"standard","meta":{"om_disable_all_campaigns":false,"_monsterinsights_skip_tracking":false,"_monsterinsights_sitenote_active":false,"_monsterinsights_sitenote_note":"","_monsterinsights_sitenote_category":0,"footnotes":""},"categories":[1],"tags":[9,8,6],"class_list":{"0":"post-75","1":"post","2":"type-post","3":"status-publish","4":"format-standard","5":"has-post-thumbnail","7":"category-nacionales","8":"tag-banreservas","9":"tag-vivienda","10":"tag-viviendas"},"aioseo_notices":[],"_links":{"self":[{"href":"https:\/\/periodicolarepublica.com\/index.php\/wp-json\/wp\/v2\/posts\/75","targetHints":{"allow":["GET"]}}],"collection":[{"href":"https:\/\/periodicolarepublica.com\/index.php\/wp-json\/wp\/v2\/posts"}],"about":[{"href":"https:\/\/periodicolarepublica.com\/index.php\/wp-json\/wp\/v2\/types\/post"}],"author":[{"embeddable":true,"href":"https:\/\/periodicolarepublica.com\/index.php\/wp-json\/wp\/v2\/users\/1"}],"replies":[{"embeddable":true,"href":"https:\/\/periodicolarepublica.com\/index.php\/wp-json\/wp\/v2\/comments?post=75"}],"version-history":[{"count":2,"href":"https:\/\/periodicolarepublica.com\/index.php\/wp-json\/wp\/v2\/posts\/75\/revisions"}],"predecessor-version":[{"id":122,"href":"https:\/\/periodicolarepublica.com\/index.php\/wp-json\/wp\/v2\/posts\/75\/revisions\/122"}],"wp:featuredmedia":[{"embeddable":true,"href":"https:\/\/periodicolarepublica.com\/index.php\/wp-json\/wp\/v2\/media\/76"}],"wp:attachment":[{"href":"https:\/\/periodicolarepublica.com\/index.php\/wp-json\/wp\/v2\/media?parent=75"}],"wp:term":[{"taxonomy":"category","embeddable":true,"href":"https:\/\/periodicolarepublica.com\/index.php\/wp-json\/wp\/v2\/categories?post=75"},{"taxonomy":"post_tag","embeddable":true,"href":"https:\/\/periodicolarepublica.com\/index.php\/wp-json\/wp\/v2\/tags?post=75"}],"curies":[{"name":"wp","href":"https:\/\/api.w.org\/{rel}","templated":true}]}}