{"id":784,"date":"2024-05-10T22:39:15","date_gmt":"2024-05-10T20:39:15","guid":{"rendered":"https:\/\/periodicolarepublica.com\/?p=784"},"modified":"2024-05-10T22:39:15","modified_gmt":"2024-05-10T20:39:15","slug":"raquel-pena-encabeza-acto-de-trabajadores-zona-franca-cibao-apoyando-a-luis-abinader","status":"publish","type":"post","link":"https:\/\/periodicolarepublica.com\/index.php\/2024\/05\/10\/raquel-pena-encabeza-acto-de-trabajadores-zona-franca-cibao-apoyando-a-luis-abinader\/","title":{"rendered":"Raquel Pe\u00f1a encabeza acto de trabajadores zona franca cibao apoyando a Luis Abinader"},"content":{"rendered":"<p>En un acto, que se llev\u00f3 a cabo en la regi\u00f3n del Cibao, donde trabajadores de zonas francas decidieron mostrar su apoyo al actual presidente de la Rep\u00fablica, Luis Abinader.<\/p>\n<p><img loading=\"lazy\" decoding=\"async\" class=\"alignnone size-medium wp-image-785\" src=\"https:\/\/periodicolarepublica.com\/wp-content\/uploads\/2024\/05\/IMG_20240510_160627-300x149.jpg\" alt=\"\" width=\"300\" height=\"149\" srcset=\"https:\/\/periodicolarepublica.com\/wp-content\/uploads\/2024\/05\/IMG_20240510_160627-300x149.jpg?v=1715379783 300w, https:\/\/periodicolarepublica.com\/wp-content\/uploads\/2024\/05\/IMG_20240510_160627-1024x510.jpg?v=1715379783 1024w, https:\/\/periodicolarepublica.com\/wp-content\/uploads\/2024\/05\/IMG_20240510_160627-768x383.jpg?v=1715379783 768w, https:\/\/periodicolarepublica.com\/wp-content\/uploads\/2024\/05\/IMG_20240510_160627-1536x765.jpg?v=1715379783 1536w, https:\/\/periodicolarepublica.com\/wp-content\/uploads\/2024\/05\/IMG_20240510_160627-2048x1020.jpg?v=1715379783 2048w, https:\/\/periodicolarepublica.com\/wp-content\/uploads\/2024\/05\/IMG_20240510_160627-150x75.jpg?v=1715379783 150w, https:\/\/periodicolarepublica.com\/wp-content\/uploads\/2024\/05\/IMG_20240510_160627-600x299.jpg?v=1715379783 600w, https:\/\/periodicolarepublica.com\/wp-content\/uploads\/2024\/05\/IMG_20240510_160627-696x347.jpg?v=1715379783 696w, https:\/\/periodicolarepublica.com\/wp-content\/uploads\/2024\/05\/IMG_20240510_160627-1392x694.jpg?v=1715379783 1392w, https:\/\/periodicolarepublica.com\/wp-content\/uploads\/2024\/05\/IMG_20240510_160627-1068x532.jpg?v=1715379783 1068w, https:\/\/periodicolarepublica.com\/wp-content\/uploads\/2024\/05\/IMG_20240510_160627-1920x957.jpg?v=1715379783 1920w, https:\/\/periodicolarepublica.com\/wp-content\/uploads\/2024\/05\/IMG_20240510_160627-324x160.jpg?v=1715379783 324w, https:\/\/periodicolarepublica.com\/wp-content\/uploads\/2024\/05\/IMG_20240510_160627-648x320.jpg?v=1715379783 648w\" sizes=\"auto, (max-width: 300px) 100vw, 300px\" \/><\/p>\n<p>La actividad estuvo encabezada por la candidata vicepresidencial del Partido Revolucionario Moderno, Raquel Pe\u00f1a, quien estuvo acompa\u00f1ada por V\u00edctor \u00abito\u00bb Bison\u00f3, miembro de la Comisi\u00f3n Ejecutiva, y Rafael Santos Bad\u00eda, secretario de educaci\u00f3n.<\/p>\n<p>Los trabajadores de zonas francas, que representan una parte fundamental de la econom\u00eda dominicana, expresaron su respaldo a la gesti\u00f3n del presidente Abinader y destacaron los avances y logros que han sido alcanzados durante su mandato. Reconocieron el compromiso del mandatario con el desarrollo econ\u00f3mico del pa\u00eds y su enfoque en la generaci\u00f3n de empleo y bienestar para todos los dominicanos.<\/p>\n<p>Raquel Pe\u00f1a, en su discurso, agradeci\u00f3 el apoyo de los trabajadores y resalt\u00f3 la importancia de mantener el rumbo de las pol\u00edticas implementadas por el gobierno actual. Destac\u00f3 la transparencia, la eficiencia y la honestidad que han caracterizado la gesti\u00f3n de Luis Abinader, y reafirm\u00f3 el compromiso de seguir trabajando por un pa\u00eds pr\u00f3spero y en crecimiento.<\/p>\n<p>Por su parte, V\u00edctor \u00abito\u00bb Bison\u00f3 y Rafael Santos Bad\u00eda tambi\u00e9n hicieron hincapi\u00e9 en la importancia de continuar con las pol\u00edticas que han demostrado ser efectivas para el desarrollo del pa\u00eds. Destacaron la visi\u00f3n de futuro del presidente Abinader y su compromiso con la calidad de vida de todos los dominicanos.<\/p>\n<p>El acto culmin\u00f3 con muestras de apoyo y entusiasmo por parte de los trabajadores de zonas francas, quienes demostraron su compromiso con el proyecto de pa\u00eds que lidera el presidente Abinader. Sin duda, este evento ha sido un claro ejemplo de la unidad y la solidaridad que caracteriza al pueblo dominicano en busca de un mejor futuro para todos.<\/p>\n","protected":false},"excerpt":{"rendered":"<p>En un acto, que se llev\u00f3 a cabo en la regi\u00f3n del Cibao, donde trabajadores de zonas francas decidieron mostrar su apoyo al actual presidente de la Rep\u00fablica, Luis Abinader. La actividad estuvo encabezada por la candidata vicepresidencial del Partido Revolucionario Moderno, Raquel Pe\u00f1a, quien estuvo acompa\u00f1ada por V\u00edctor \u00abito\u00bb Bison\u00f3, miembro de la Comisi\u00f3n [&hellip;]<\/p>\n","protected":false},"author":1,"featured_media":785,"comment_status":"open","ping_status":"open","sticky":false,"template":"","format":"standard","meta":{"om_disable_all_campaigns":false,"_monsterinsights_skip_tracking":false,"_monsterinsights_sitenote_active":false,"_monsterinsights_sitenote_note":"","_monsterinsights_sitenote_category":0,"footnotes":""},"categories":[127],"tags":[186,85,92,144],"class_list":{"0":"post-784","1":"post","2":"type-post","3":"status-publish","4":"format-standard","5":"has-post-thumbnail","7":"category-politica","8":"tag-cibao","9":"tag-luis-abinader","10":"tag-prm","11":"tag-raquel-pena"},"aioseo_notices":[],"_links":{"self":[{"href":"https:\/\/periodicolarepublica.com\/index.php\/wp-json\/wp\/v2\/posts\/784","targetHints":{"allow":["GET"]}}],"collection":[{"href":"https:\/\/periodicolarepublica.com\/index.php\/wp-json\/wp\/v2\/posts"}],"about":[{"href":"https:\/\/periodicolarepublica.com\/index.php\/wp-json\/wp\/v2\/types\/post"}],"author":[{"embeddable":true,"href":"https:\/\/periodicolarepublica.com\/index.php\/wp-json\/wp\/v2\/users\/1"}],"replies":[{"embeddable":true,"href":"https:\/\/periodicolarepublica.com\/index.php\/wp-json\/wp\/v2\/comments?post=784"}],"version-history":[{"count":1,"href":"https:\/\/periodicolarepublica.com\/index.php\/wp-json\/wp\/v2\/posts\/784\/revisions"}],"predecessor-version":[{"id":786,"href":"https:\/\/periodicolarepublica.com\/index.php\/wp-json\/wp\/v2\/posts\/784\/revisions\/786"}],"wp:featuredmedia":[{"embeddable":true,"href":"https:\/\/periodicolarepublica.com\/index.php\/wp-json\/wp\/v2\/media\/785"}],"wp:attachment":[{"href":"https:\/\/periodicolarepublica.com\/index.php\/wp-json\/wp\/v2\/media?parent=784"}],"wp:term":[{"taxonomy":"category","embeddable":true,"href":"https:\/\/periodicolarepublica.com\/index.php\/wp-json\/wp\/v2\/categories?post=784"},{"taxonomy":"post_tag","embeddable":true,"href":"https:\/\/periodicolarepublica.com\/index.php\/wp-json\/wp\/v2\/tags?post=784"}],"curies":[{"name":"wp","href":"https:\/\/api.w.org\/{rel}","templated":true}]}}