{"id":788,"date":"2024-05-10T22:42:22","date_gmt":"2024-05-10T20:42:22","guid":{"rendered":"https:\/\/periodicolarepublica.com\/?p=788"},"modified":"2024-05-10T22:44:22","modified_gmt":"2024-05-10T20:44:22","slug":"asociacion-de-detallistas-del-dn-valora-propuestas-de-omar-fernandez","status":"publish","type":"post","link":"https:\/\/periodicolarepublica.com\/index.php\/2024\/05\/10\/asociacion-de-detallistas-del-dn-valora-propuestas-de-omar-fernandez\/","title":{"rendered":"Asociaci\u00f3n de Detallistas del DN valora propuestas de Omar Fern\u00e1ndez"},"content":{"rendered":"<p style=\"text-align: left;\">\n<p>La Asociaci\u00f3n de Detallistas del Provisiones del Distrito Nacional valor\u00f3 las propuestas del candidato a senador de Fuerza del Pueblo y aliados, Omar Fern\u00e1ndez, durante una reuni\u00f3n donde intercambiaron impresiones sobre las problem\u00e1ticas que afectan al sector comercial.<\/p>\n<figure id=\"attachment_789\" aria-describedby=\"caption-attachment-789\" style=\"width: 300px\" class=\"wp-caption alignnone\"><img loading=\"lazy\" decoding=\"async\" class=\"size-medium wp-image-789\" src=\"https:\/\/periodicolarepublica.com\/wp-content\/uploads\/2024\/05\/IMG-20240510-WA0057-300x200.jpg\" alt=\"\" width=\"300\" height=\"200\" srcset=\"https:\/\/periodicolarepublica.com\/wp-content\/uploads\/2024\/05\/IMG-20240510-WA0057-300x200.jpg?v=1715379783 300w, https:\/\/periodicolarepublica.com\/wp-content\/uploads\/2024\/05\/IMG-20240510-WA0057-1024x682.jpg?v=1715379783 1024w, https:\/\/periodicolarepublica.com\/wp-content\/uploads\/2024\/05\/IMG-20240510-WA0057-768x512.jpg?v=1715379783 768w, https:\/\/periodicolarepublica.com\/wp-content\/uploads\/2024\/05\/IMG-20240510-WA0057-1536x1023.jpg?v=1715379783 1536w, https:\/\/periodicolarepublica.com\/wp-content\/uploads\/2024\/05\/IMG-20240510-WA0057-150x100.jpg?v=1715379783 150w, https:\/\/periodicolarepublica.com\/wp-content\/uploads\/2024\/05\/IMG-20240510-WA0057-600x400.jpg?v=1715379783 600w, https:\/\/periodicolarepublica.com\/wp-content\/uploads\/2024\/05\/IMG-20240510-WA0057-696x464.jpg?v=1715379783 696w, https:\/\/periodicolarepublica.com\/wp-content\/uploads\/2024\/05\/IMG-20240510-WA0057-1392x927.jpg?v=1715379783 1392w, https:\/\/periodicolarepublica.com\/wp-content\/uploads\/2024\/05\/IMG-20240510-WA0057-1068x712.jpg?v=1715379783 1068w, https:\/\/periodicolarepublica.com\/wp-content\/uploads\/2024\/05\/IMG-20240510-WA0057.jpg?v=1715379783 1600w\" sizes=\"auto, (max-width: 300px) 100vw, 300px\" \/><figcaption id=\"caption-attachment-789\" class=\"wp-caption-text\">Omar Fern\u00e1ndez<\/figcaption><\/figure>\n<p>El evento organizado por l\u00edderes destacados del sector detallista expresaron su confianza en las capacidades de Omar Fern\u00e1ndez para impulsar pol\u00edticas que fortalezcan el comercio local, fomenten la creaci\u00f3n de empleo y promuevan un ambiente favorable para el crecimiento empresarial en el Distrito Nacional.<\/p>\n<p>La asociaci\u00f3n enfatiz\u00f3 la importancia de respaldar a candidatos comprometidos con la construcci\u00f3n de un futuro pr\u00f3spero para todos los habitantes del Distrito Nacional.<\/p>\n<p>En medio de un contexto pol\u00edtico din\u00e1mico, la Asociaci\u00f3n de Detallistas del Distrito Nacional reafirma su compromiso con el fortalecimiento de la democracia y el apoyo a aquellos l\u00edderes que trabajan incansablemente por el bienestar de la comunidad, expresando su apertura a escuchar las iniciativas de los candidatos a distintas plazas.<\/p>\n<p>**Enviado a esta redacci\u00f3n de fuente externa.<\/p>\n","protected":false},"excerpt":{"rendered":"<p>La Asociaci\u00f3n de Detallistas del Provisiones del Distrito Nacional valor\u00f3 las propuestas del candidato a senador de Fuerza del Pueblo y aliados, Omar Fern\u00e1ndez, durante una reuni\u00f3n donde intercambiaron impresiones sobre las problem\u00e1ticas que afectan al sector comercial. El evento organizado por l\u00edderes destacados del sector detallista expresaron su confianza en las capacidades de Omar [&hellip;]<\/p>\n","protected":false},"author":6,"featured_media":789,"comment_status":"open","ping_status":"open","sticky":false,"template":"","format":"standard","meta":{"om_disable_all_campaigns":false,"_monsterinsights_skip_tracking":false,"_monsterinsights_sitenote_active":false,"_monsterinsights_sitenote_note":"","_monsterinsights_sitenote_category":0,"footnotes":""},"categories":[127],"tags":[179],"class_list":{"0":"post-788","1":"post","2":"type-post","3":"status-publish","4":"format-standard","5":"has-post-thumbnail","7":"category-politica","8":"tag-omar-fernandez"},"aioseo_notices":[],"_links":{"self":[{"href":"https:\/\/periodicolarepublica.com\/index.php\/wp-json\/wp\/v2\/posts\/788","targetHints":{"allow":["GET"]}}],"collection":[{"href":"https:\/\/periodicolarepublica.com\/index.php\/wp-json\/wp\/v2\/posts"}],"about":[{"href":"https:\/\/periodicolarepublica.com\/index.php\/wp-json\/wp\/v2\/types\/post"}],"author":[{"embeddable":true,"href":"https:\/\/periodicolarepublica.com\/index.php\/wp-json\/wp\/v2\/users\/6"}],"replies":[{"embeddable":true,"href":"https:\/\/periodicolarepublica.com\/index.php\/wp-json\/wp\/v2\/comments?post=788"}],"version-history":[{"count":3,"href":"https:\/\/periodicolarepublica.com\/index.php\/wp-json\/wp\/v2\/posts\/788\/revisions"}],"predecessor-version":[{"id":792,"href":"https:\/\/periodicolarepublica.com\/index.php\/wp-json\/wp\/v2\/posts\/788\/revisions\/792"}],"wp:featuredmedia":[{"embeddable":true,"href":"https:\/\/periodicolarepublica.com\/index.php\/wp-json\/wp\/v2\/media\/789"}],"wp:attachment":[{"href":"https:\/\/periodicolarepublica.com\/index.php\/wp-json\/wp\/v2\/media?parent=788"}],"wp:term":[{"taxonomy":"category","embeddable":true,"href":"https:\/\/periodicolarepublica.com\/index.php\/wp-json\/wp\/v2\/categories?post=788"},{"taxonomy":"post_tag","embeddable":true,"href":"https:\/\/periodicolarepublica.com\/index.php\/wp-json\/wp\/v2\/tags?post=788"}],"curies":[{"name":"wp","href":"https:\/\/api.w.org\/{rel}","templated":true}]}}