{"id":8,"date":"2023-11-13T15:48:34","date_gmt":"2023-11-13T14:48:34","guid":{"rendered":"http:\/\/periodicolarepublica.com\/index.php\/2023\/11\/13\/medio-de-comunicacion-agil-eficaz-y-veraz-todas-las-noticias-sobre-republica-dominicana-y-el-mundo-2\/"},"modified":"2023-11-27T17:11:21","modified_gmt":"2023-11-27T16:11:21","slug":"medio-de-comunicacion-agil-eficaz-y-veraz-todas-las-noticias-sobre-republica-dominicana-y-el-mundo-2","status":"publish","type":"post","link":"https:\/\/periodicolarepublica.com\/index.php\/2023\/11\/13\/medio-de-comunicacion-agil-eficaz-y-veraz-todas-las-noticias-sobre-republica-dominicana-y-el-mundo-2\/","title":{"rendered":"Presentan Guia Ecotur\u00edstica de Pedernales"},"content":{"rendered":"\n<p>Se realizo lanzamiento  de una guia ecotur\u00edstica completa donde abarca los balnearios, lugares de inter\u00e9s, gastronom\u00eda, mapas de la zona con sus rutas, la misma fue presentada por el Grupo Sarma con un grupo de periodistas que visitaron la zona y llegando a Bahia de las Aguilas. M\u00e1ximo Mi\u00f1oso entrevisto a Milka Hern\u00e1ndez para los detalles.<a href=\"https:\/\/www.instagram.com\/reel\/Cze7v5KrL2j\/?igshid=NzBmMjdhZWRiYQ==\" title=\"\">https:\/\/www.instagram.com\/reel\/Cze7v5KrL2j\/?igshid=NzBmMjdhZWRiYQ==<\/a><\/p>\n\n\n\n<figure class=\"wp-block-image size-large is-resized\"><img loading=\"lazy\" decoding=\"async\" width=\"1024\" height=\"1024\" src=\"https:\/\/periodicolarepublica.com\/wp-content\/uploads\/2023\/11\/Picsart_23-11-27_12-08-13-352-1024x1024.jpg\" alt=\"\" class=\"wp-image-115\" style=\"width:468px;height:auto\" srcset=\"https:\/\/periodicolarepublica.com\/wp-content\/uploads\/2023\/11\/Picsart_23-11-27_12-08-13-352-1024x1024.jpg?v=1715379856 1024w, https:\/\/periodicolarepublica.com\/wp-content\/uploads\/2023\/11\/Picsart_23-11-27_12-08-13-352-300x300.jpg?v=1715379856 300w, https:\/\/periodicolarepublica.com\/wp-content\/uploads\/2023\/11\/Picsart_23-11-27_12-08-13-352-150x150.jpg?v=1715379856 150w, https:\/\/periodicolarepublica.com\/wp-content\/uploads\/2023\/11\/Picsart_23-11-27_12-08-13-352-768x768.jpg?v=1715379856 768w, https:\/\/periodicolarepublica.com\/wp-content\/uploads\/2023\/11\/Picsart_23-11-27_12-08-13-352-1536x1536.jpg?v=1715379856 1536w, https:\/\/periodicolarepublica.com\/wp-content\/uploads\/2023\/11\/Picsart_23-11-27_12-08-13-352-2048x2048.jpg?v=1715379856 2048w\" sizes=\"auto, (max-width: 1024px) 100vw, 1024px\" \/><\/figure>\n","protected":false},"excerpt":{"rendered":"<p>Se realizo lanzamiento de una guia ecotur\u00edstica completa donde abarca los balnearios, lugares de inter\u00e9s, gastronom\u00eda, mapas de la zona con sus rutas, la misma fue presentada por el Grupo Sarma con un grupo de periodistas que visitaron la zona y llegando a Bahia de las Aguilas. M\u00e1ximo Mi\u00f1oso entrevisto a Milka Hern\u00e1ndez para los [&hellip;]<\/p>\n","protected":false},"author":1,"featured_media":115,"comment_status":"open","ping_status":"open","sticky":false,"template":"","format":"standard","meta":{"om_disable_all_campaigns":false,"_monsterinsights_skip_tracking":false,"_monsterinsights_sitenote_active":false,"_monsterinsights_sitenote_note":"","_monsterinsights_sitenote_category":0,"footnotes":""},"categories":[1],"tags":[],"class_list":{"0":"post-8","1":"post","2":"type-post","3":"status-publish","4":"format-standard","5":"has-post-thumbnail","7":"category-nacionales"},"aioseo_notices":[],"_links":{"self":[{"href":"https:\/\/periodicolarepublica.com\/index.php\/wp-json\/wp\/v2\/posts\/8","targetHints":{"allow":["GET"]}}],"collection":[{"href":"https:\/\/periodicolarepublica.com\/index.php\/wp-json\/wp\/v2\/posts"}],"about":[{"href":"https:\/\/periodicolarepublica.com\/index.php\/wp-json\/wp\/v2\/types\/post"}],"author":[{"embeddable":true,"href":"https:\/\/periodicolarepublica.com\/index.php\/wp-json\/wp\/v2\/users\/1"}],"replies":[{"embeddable":true,"href":"https:\/\/periodicolarepublica.com\/index.php\/wp-json\/wp\/v2\/comments?post=8"}],"version-history":[{"count":1,"href":"https:\/\/periodicolarepublica.com\/index.php\/wp-json\/wp\/v2\/posts\/8\/revisions"}],"predecessor-version":[{"id":116,"href":"https:\/\/periodicolarepublica.com\/index.php\/wp-json\/wp\/v2\/posts\/8\/revisions\/116"}],"wp:featuredmedia":[{"embeddable":true,"href":"https:\/\/periodicolarepublica.com\/index.php\/wp-json\/wp\/v2\/media\/115"}],"wp:attachment":[{"href":"https:\/\/periodicolarepublica.com\/index.php\/wp-json\/wp\/v2\/media?parent=8"}],"wp:term":[{"taxonomy":"category","embeddable":true,"href":"https:\/\/periodicolarepublica.com\/index.php\/wp-json\/wp\/v2\/categories?post=8"},{"taxonomy":"post_tag","embeddable":true,"href":"https:\/\/periodicolarepublica.com\/index.php\/wp-json\/wp\/v2\/tags?post=8"}],"curies":[{"name":"wp","href":"https:\/\/api.w.org\/{rel}","templated":true}]}}