{"id":803,"date":"2024-05-11T03:00:15","date_gmt":"2024-05-11T01:00:15","guid":{"rendered":"https:\/\/periodicolarepublica.com\/?p=803"},"modified":"2024-05-11T03:19:30","modified_gmt":"2024-05-11T01:19:30","slug":"ana-garcia-de-nueva-generacion-fp-participan-en-recorrido-junto-a-leonel-fernandez-en-neyba","status":"publish","type":"post","link":"https:\/\/periodicolarepublica.com\/index.php\/2024\/05\/11\/ana-garcia-de-nueva-generacion-fp-participan-en-recorrido-junto-a-leonel-fernandez-en-neyba\/","title":{"rendered":"Ana Garc\u00eda de Nueva Generaci\u00f3n FP participan en recorrido junto a Leonel Fern\u00e1ndez en Neyba"},"content":{"rendered":"<p>La dirigente Ana Garc\u00eda del movimiento Nuevo Generaci\u00f3n FP, particip\u00f3 en un recorrido por Neyba, en apoyo a la candidatura presidencial de Leonel Fern\u00e1ndez de la Fuerza del Pueblo.<\/p>\n<p><img loading=\"lazy\" decoding=\"async\" class=\"alignnone size-medium wp-image-804\" src=\"https:\/\/periodicolarepublica.com\/wp-content\/uploads\/2024\/05\/IMG_20240510_202805-300x189.jpg\" alt=\"\" width=\"300\" height=\"189\" srcset=\"https:\/\/periodicolarepublica.com\/wp-content\/uploads\/2024\/05\/IMG_20240510_202805-300x189.jpg?v=1715389093 300w, https:\/\/periodicolarepublica.com\/wp-content\/uploads\/2024\/05\/IMG_20240510_202805-150x95.jpg?v=1715389093 150w, https:\/\/periodicolarepublica.com\/wp-content\/uploads\/2024\/05\/IMG_20240510_202805-600x379.jpg?v=1715389093 600w, https:\/\/periodicolarepublica.com\/wp-content\/uploads\/2024\/05\/IMG_20240510_202805-696x439.jpg?v=1715389093 696w, https:\/\/periodicolarepublica.com\/wp-content\/uploads\/2024\/05\/IMG_20240510_202805.jpg?v=1715389093 716w\" sizes=\"auto, (max-width: 300px) 100vw, 300px\" \/><\/p>\n<p>Garc\u00eda se uni\u00f3 a la comitiva del ex presidente y actual candidato presidencial durante su visita a la provincia de Bahoruco, donde se llevaron a cabo diversas actividades para promover las propuestas y el programa de gobierno de Fern\u00e1ndez.<\/p>\n<p>Durante su participaci\u00f3n, Garc\u00eda destac\u00f3 la importancia de trabajar en unidad y sumar esfuerzos para lograr un cambio positivo en la sociedad, resaltando la importancia de apoyar a candidatos comprometidos con el desarrollo y el bienestar de la poblaci\u00f3n.<\/p>\n<p>Asimismo, e Nuevo Generaci\u00f3n FP expres\u00f3 su confianza en el liderazgo de Leonel Fern\u00e1ndez y en su capacidad para impulsar el pa\u00eds hacia un mejor futuro, basado en el progreso y la equidad para todos los ciudadanos.<\/p>\n<p>El recorrido por Neyba fue una muestra m\u00e1s de la uni\u00f3n y la colaboraci\u00f3n entre diferentes fuerzas pol\u00edticas que buscan trabajar juntas por el bienestar de la sociedad, demostrando que es posible superar las diferencias y alcanzar acuerdos para lograr un pa\u00eds m\u00e1s pr\u00f3spero y justo para todos.<\/p>\n","protected":false},"excerpt":{"rendered":"<p>La dirigente Ana Garc\u00eda del movimiento Nuevo Generaci\u00f3n FP, particip\u00f3 en un recorrido por Neyba, en apoyo a la candidatura presidencial de Leonel Fern\u00e1ndez de la Fuerza del Pueblo. Garc\u00eda se uni\u00f3 a la comitiva del ex presidente y actual candidato presidencial durante su visita a la provincia de Bahoruco, donde se llevaron a cabo [&hellip;]<\/p>\n","protected":false},"author":10,"featured_media":804,"comment_status":"open","ping_status":"open","sticky":false,"template":"","format":"standard","meta":{"om_disable_all_campaigns":false,"_monsterinsights_skip_tracking":false,"_monsterinsights_sitenote_active":false,"_monsterinsights_sitenote_note":"","_monsterinsights_sitenote_category":0,"footnotes":""},"categories":[127],"tags":[],"class_list":{"0":"post-803","1":"post","2":"type-post","3":"status-publish","4":"format-standard","5":"has-post-thumbnail","7":"category-politica"},"aioseo_notices":[],"_links":{"self":[{"href":"https:\/\/periodicolarepublica.com\/index.php\/wp-json\/wp\/v2\/posts\/803","targetHints":{"allow":["GET"]}}],"collection":[{"href":"https:\/\/periodicolarepublica.com\/index.php\/wp-json\/wp\/v2\/posts"}],"about":[{"href":"https:\/\/periodicolarepublica.com\/index.php\/wp-json\/wp\/v2\/types\/post"}],"author":[{"embeddable":true,"href":"https:\/\/periodicolarepublica.com\/index.php\/wp-json\/wp\/v2\/users\/10"}],"replies":[{"embeddable":true,"href":"https:\/\/periodicolarepublica.com\/index.php\/wp-json\/wp\/v2\/comments?post=803"}],"version-history":[{"count":2,"href":"https:\/\/periodicolarepublica.com\/index.php\/wp-json\/wp\/v2\/posts\/803\/revisions"}],"predecessor-version":[{"id":806,"href":"https:\/\/periodicolarepublica.com\/index.php\/wp-json\/wp\/v2\/posts\/803\/revisions\/806"}],"wp:featuredmedia":[{"embeddable":true,"href":"https:\/\/periodicolarepublica.com\/index.php\/wp-json\/wp\/v2\/media\/804"}],"wp:attachment":[{"href":"https:\/\/periodicolarepublica.com\/index.php\/wp-json\/wp\/v2\/media?parent=803"}],"wp:term":[{"taxonomy":"category","embeddable":true,"href":"https:\/\/periodicolarepublica.com\/index.php\/wp-json\/wp\/v2\/categories?post=803"},{"taxonomy":"post_tag","embeddable":true,"href":"https:\/\/periodicolarepublica.com\/index.php\/wp-json\/wp\/v2\/tags?post=803"}],"curies":[{"name":"wp","href":"https:\/\/api.w.org\/{rel}","templated":true}]}}