{"id":808,"date":"2024-05-12T16:47:24","date_gmt":"2024-05-12T14:47:24","guid":{"rendered":"https:\/\/periodicolarepublica.com\/?p=808"},"modified":"2024-05-12T16:47:24","modified_gmt":"2024-05-12T14:47:24","slug":"movimiento-poder-pal-pueblo-suma-decenas-de-nuevos-miembros-en-juramentacion-en-sabana-grande-de-boya","status":"publish","type":"post","link":"https:\/\/periodicolarepublica.com\/index.php\/2024\/05\/12\/movimiento-poder-pal-pueblo-suma-decenas-de-nuevos-miembros-en-juramentacion-en-sabana-grande-de-boya\/","title":{"rendered":"Movimiento Poder Pa&#8217;l Pueblo suma decenas de nuevos miembros en juramentaci\u00f3n en Sabana Grande de Boya"},"content":{"rendered":"\r\n<p><img loading=\"lazy\" decoding=\"async\" class=\"size-medium wp-image-813 alignright\" src=\"https:\/\/periodicolarepublica.com\/wp-content\/uploads\/2024\/05\/IMG-20240511-WA1021-300x225.jpg\" alt=\"\" width=\"300\" height=\"225\" srcset=\"https:\/\/periodicolarepublica.com\/wp-content\/uploads\/2024\/05\/IMG-20240511-WA1021-300x225.jpg?v=1715525218 300w, https:\/\/periodicolarepublica.com\/wp-content\/uploads\/2024\/05\/IMG-20240511-WA1021-1024x768.jpg?v=1715525218 1024w, https:\/\/periodicolarepublica.com\/wp-content\/uploads\/2024\/05\/IMG-20240511-WA1021-768x576.jpg?v=1715525218 768w, https:\/\/periodicolarepublica.com\/wp-content\/uploads\/2024\/05\/IMG-20240511-WA1021-150x113.jpg?v=1715525218 150w, https:\/\/periodicolarepublica.com\/wp-content\/uploads\/2024\/05\/IMG-20240511-WA1021-600x450.jpg?v=1715525218 600w, https:\/\/periodicolarepublica.com\/wp-content\/uploads\/2024\/05\/IMG-20240511-WA1021-696x522.jpg?v=1715525218 696w, https:\/\/periodicolarepublica.com\/wp-content\/uploads\/2024\/05\/IMG-20240511-WA1021-1068x801.jpg?v=1715525218 1068w, https:\/\/periodicolarepublica.com\/wp-content\/uploads\/2024\/05\/IMG-20240511-WA1021-265x198.jpg?v=1715525218 265w, https:\/\/periodicolarepublica.com\/wp-content\/uploads\/2024\/05\/IMG-20240511-WA1021-530x396.jpg?v=1715525218 530w, https:\/\/periodicolarepublica.com\/wp-content\/uploads\/2024\/05\/IMG-20240511-WA1021.jpg?v=1715525218 1280w\" sizes=\"auto, (max-width: 300px) 100vw, 300px\" \/>Sabana Grande de Boya, &#8211; El ingeniero Tom\u00e1s Hern\u00e1ndez Alberto, presidente del Movimiento Poder Pa&#8217;l Pueblo, encabez\u00f3 una emotiva ceremonia de juramentaci\u00f3n en el Municipio de Sabana Grande de Boya, en la cual decenas de personas se unieron a las filas del movimiento. <br \/><br \/>La ceremonia cont\u00f3 con la presencia de una comisi\u00f3n del Movimiento encabezada por el Dr. Elido Alc\u00e1ntara, coordinador nacional, y destacados miembros como Santo Saturria, Adolfo Portes Alc\u00e1ntara, Minario Encarnaci\u00f3n, Rosa Mar\u00eda Henriquez Reyes, Jhonatan Brea, Miguelito, Rafelito de los Santos, Hu\u00e1scar Alburquerque, Ang\u00e9lica Henriquez, y Jennifer Mej\u00eda. Estos miembros, junto con el compa\u00f1ero And\u00fajar, fueron los patrocinadores de esta significativa actividad. <br \/><br \/>El Movimiento Poder Pa&#8217;l Pueblo se enorgullece de recibir a estos nuevos miembros, quienes comparten la visi\u00f3n y los valores de la organizaci\u00f3n en su lucha por un mejor futuro para la comunidad de Sabana Grande de Boya y el pa\u00eds en general. <br \/><br \/>Durante la ceremonia, el ingeniero Tom\u00e1s Hern\u00e1ndez Alberto expres\u00f3 su gratitud y dio la bienvenida a los nuevos miembros, destacando la importancia de su compromiso y participaci\u00f3n activa para lograr un cambio positivo en la sociedad. El Dr. Elido Alc\u00e1ntara tambi\u00e9n dirigi\u00f3 unas palabras, resaltando la importancia de la unidad y la colaboraci\u00f3n en la b\u00fasqueda de soluciones a los desaf\u00edos que enfrenta la comunidad. <br \/><br \/>El Movimiento Poder Pa&#8217;l Pueblo continuar\u00e1 trabajando incansablemente para promover el empoderamiento ciudadano, la participaci\u00f3n pol\u00edtica responsable y la justicia social en Sabana Grande de Boya y en todo el pa\u00eds.<\/p>\r\n","protected":false},"excerpt":{"rendered":"<p>Sabana Grande de Boya, &#8211; El ingeniero Tom\u00e1s Hern\u00e1ndez Alberto, presidente del Movimiento Poder Pa&#8217;l Pueblo, encabez\u00f3 una emotiva ceremonia de juramentaci\u00f3n en el Municipio de Sabana Grande de Boya, en la cual decenas de personas se unieron a las filas del movimiento. La ceremonia cont\u00f3 con la presencia de una comisi\u00f3n del Movimiento encabezada [&hellip;]<\/p>\n","protected":false},"author":6,"featured_media":813,"comment_status":"open","ping_status":"open","sticky":false,"template":"","format":"standard","meta":{"om_disable_all_campaigns":false,"_monsterinsights_skip_tracking":false,"_monsterinsights_sitenote_active":false,"_monsterinsights_sitenote_note":"","_monsterinsights_sitenote_category":0,"footnotes":""},"categories":[1],"tags":[164,163],"class_list":{"0":"post-808","1":"post","2":"type-post","3":"status-publish","4":"format-standard","5":"has-post-thumbnail","7":"category-nacionales","8":"tag-movimiento-poder-pal-pueblo","9":"tag-tomas-hernandez-alberto"},"aioseo_notices":[],"_links":{"self":[{"href":"https:\/\/periodicolarepublica.com\/index.php\/wp-json\/wp\/v2\/posts\/808","targetHints":{"allow":["GET"]}}],"collection":[{"href":"https:\/\/periodicolarepublica.com\/index.php\/wp-json\/wp\/v2\/posts"}],"about":[{"href":"https:\/\/periodicolarepublica.com\/index.php\/wp-json\/wp\/v2\/types\/post"}],"author":[{"embeddable":true,"href":"https:\/\/periodicolarepublica.com\/index.php\/wp-json\/wp\/v2\/users\/6"}],"replies":[{"embeddable":true,"href":"https:\/\/periodicolarepublica.com\/index.php\/wp-json\/wp\/v2\/comments?post=808"}],"version-history":[{"count":2,"href":"https:\/\/periodicolarepublica.com\/index.php\/wp-json\/wp\/v2\/posts\/808\/revisions"}],"predecessor-version":[{"id":814,"href":"https:\/\/periodicolarepublica.com\/index.php\/wp-json\/wp\/v2\/posts\/808\/revisions\/814"}],"wp:featuredmedia":[{"embeddable":true,"href":"https:\/\/periodicolarepublica.com\/index.php\/wp-json\/wp\/v2\/media\/813"}],"wp:attachment":[{"href":"https:\/\/periodicolarepublica.com\/index.php\/wp-json\/wp\/v2\/media?parent=808"}],"wp:term":[{"taxonomy":"category","embeddable":true,"href":"https:\/\/periodicolarepublica.com\/index.php\/wp-json\/wp\/v2\/categories?post=808"},{"taxonomy":"post_tag","embeddable":true,"href":"https:\/\/periodicolarepublica.com\/index.php\/wp-json\/wp\/v2\/tags?post=808"}],"curies":[{"name":"wp","href":"https:\/\/api.w.org\/{rel}","templated":true}]}}