{"id":812,"date":"2024-05-14T18:47:50","date_gmt":"2024-05-14T16:47:50","guid":{"rendered":"https:\/\/periodicolarepublica.com\/?p=812"},"modified":"2024-05-14T18:47:50","modified_gmt":"2024-05-14T16:47:50","slug":"el-ministro-de-salud-publica-dr-victor-atallah-anuncia-acuerdo-interinstitucional-para-mejorar-el-servicio-de-evaluacion-del-grado-de-discapacidad-en-el-sistema-dominicano-de-seguridad-social-sdss","status":"publish","type":"post","link":"https:\/\/periodicolarepublica.com\/index.php\/2024\/05\/14\/el-ministro-de-salud-publica-dr-victor-atallah-anuncia-acuerdo-interinstitucional-para-mejorar-el-servicio-de-evaluacion-del-grado-de-discapacidad-en-el-sistema-dominicano-de-seguridad-social-sdss\/","title":{"rendered":"El Ministro de Salud P\u00fablica, Dr. V\u00edctor Atallah, anuncia acuerdo interinstitucional para mejorar el Servicio de Evaluaci\u00f3n del Grado de Discapacidad en el Sistema Dominicano de Seguridad Social (SDSS)"},"content":{"rendered":"\r\n<p><img loading=\"lazy\" decoding=\"async\" class=\"size-medium wp-image-820 alignright\" src=\"https:\/\/periodicolarepublica.com\/wp-content\/uploads\/2024\/05\/IMG-20240514-WA0864-300x200.jpg\" alt=\"\" width=\"300\" height=\"200\" srcset=\"https:\/\/periodicolarepublica.com\/wp-content\/uploads\/2024\/05\/IMG-20240514-WA0864-300x200.jpg?v=1715705246 300w, https:\/\/periodicolarepublica.com\/wp-content\/uploads\/2024\/05\/IMG-20240514-WA0864-1024x683.jpg?v=1715705246 1024w, https:\/\/periodicolarepublica.com\/wp-content\/uploads\/2024\/05\/IMG-20240514-WA0864-768x512.jpg?v=1715705246 768w, https:\/\/periodicolarepublica.com\/wp-content\/uploads\/2024\/05\/IMG-20240514-WA0864-150x100.jpg?v=1715705246 150w, https:\/\/periodicolarepublica.com\/wp-content\/uploads\/2024\/05\/IMG-20240514-WA0864-600x400.jpg?v=1715705246 600w, https:\/\/periodicolarepublica.com\/wp-content\/uploads\/2024\/05\/IMG-20240514-WA0864-696x464.jpg?v=1715705246 696w, https:\/\/periodicolarepublica.com\/wp-content\/uploads\/2024\/05\/IMG-20240514-WA0864-1068x712.jpg?v=1715705246 1068w, https:\/\/periodicolarepublica.com\/wp-content\/uploads\/2024\/05\/IMG-20240514-WA0864.jpg?v=1715705246 1080w\" sizes=\"auto, (max-width: 300px) 100vw, 300px\" \/>El Ministerio de Salud P\u00fablica, bajo la direcci\u00f3n del Dr. V\u00edctor Atallah, se complace en anunciar un importante acuerdo interinstitucional con el Consejo Nacional de Seguridad Social (CNSS) con el objetivo de mejorar el Servicio de Evaluaci\u00f3n del Grado de Discapacidad de los afiliados del Sistema Dominicano de Seguridad Social (SDSS). <br \/><br \/>Este convenio, ejecutado en el marco de los esfuerzos conjuntos por fortalecer y optimizar el sistema de seguridad social en la Rep\u00fablica Dominicana, busca garantizar una evaluaci\u00f3n m\u00e1s eficiente y precisa del grado de discapacidad de los beneficiarios del SDSS. El proceso de evaluaci\u00f3n del grado de discapacidad es de vital importancia para determinar la elegibilidad y los beneficios que corresponden a cada afiliado, asegurando una atenci\u00f3n adecuada y equitativa. <br \/><br \/>El acuerdo entre el Ministerio de Salud P\u00fablica y el Consejo Nacional de Seguridad Social permitir\u00e1 la implementaci\u00f3n de mejoras significativas en el proceso de evaluaci\u00f3n, incluyendo la estandarizaci\u00f3n de los criterios de evaluaci\u00f3n, la capacitaci\u00f3n del personal encargado y la optimizaci\u00f3n de los recursos disponibles. Estas medidas contribuir\u00e1n a agilizar el proceso de evaluaci\u00f3n, reducir los tiempos de espera y garantizar la transparencia y equidad en la asignaci\u00f3n de beneficios. <br \/><br \/>El Dr. V\u00edctor Atallah, Ministro de Salud P\u00fablica, expres\u00f3 su satisfacci\u00f3n por la firma de este acuerdo y destac\u00f3 su importancia para mejorar la calidad de vida de los afiliados del Sistema Dominicano de Seguridad Social que presentan alg\u00fan grado de discapacidad. El Dr. Atallah afirm\u00f3: \u00abEste convenio representa un paso significativo en nuestro compromiso de brindar atenci\u00f3n integral y de calidad a todas las personas que forman parte del SDSS. Trabajaremos de la mano con el CNSS para garantizar que la evaluaci\u00f3n del grado de discapacidad sea justa, precisa y oportuna, y que los beneficios correspondientes sean otorgados de manera adecuada\u00bb. <br \/><br \/>Ambas instituciones se comprometen a colaborar estrechamente durante la implementaci\u00f3n de este acuerdo, con el objetivo de alcanzar los est\u00e1ndares m\u00e1s altos en la evaluaci\u00f3n del grado de discapacidad y mejorar la experiencia de los afiliados del SDSS.<br \/><br \/><\/p>\r\n","protected":false},"excerpt":{"rendered":"<p>El Ministerio de Salud P\u00fablica, bajo la direcci\u00f3n del Dr. V\u00edctor Atallah, se complace en anunciar un importante acuerdo interinstitucional con el Consejo Nacional de Seguridad Social (CNSS) con el objetivo de mejorar el Servicio de Evaluaci\u00f3n del Grado de Discapacidad de los afiliados del Sistema Dominicano de Seguridad Social (SDSS). Este convenio, ejecutado en [&hellip;]<\/p>\n","protected":false},"author":6,"featured_media":820,"comment_status":"open","ping_status":"open","sticky":false,"template":"","format":"standard","meta":{"om_disable_all_campaigns":false,"_monsterinsights_skip_tracking":false,"_monsterinsights_sitenote_active":false,"_monsterinsights_sitenote_note":"","_monsterinsights_sitenote_category":0,"footnotes":""},"categories":[1],"tags":[159],"class_list":{"0":"post-812","1":"post","2":"type-post","3":"status-publish","4":"format-standard","5":"has-post-thumbnail","7":"category-nacionales","8":"tag-ministro-de-salud-publica-victor-atallah"},"aioseo_notices":[],"_links":{"self":[{"href":"https:\/\/periodicolarepublica.com\/index.php\/wp-json\/wp\/v2\/posts\/812","targetHints":{"allow":["GET"]}}],"collection":[{"href":"https:\/\/periodicolarepublica.com\/index.php\/wp-json\/wp\/v2\/posts"}],"about":[{"href":"https:\/\/periodicolarepublica.com\/index.php\/wp-json\/wp\/v2\/types\/post"}],"author":[{"embeddable":true,"href":"https:\/\/periodicolarepublica.com\/index.php\/wp-json\/wp\/v2\/users\/6"}],"replies":[{"embeddable":true,"href":"https:\/\/periodicolarepublica.com\/index.php\/wp-json\/wp\/v2\/comments?post=812"}],"version-history":[{"count":2,"href":"https:\/\/periodicolarepublica.com\/index.php\/wp-json\/wp\/v2\/posts\/812\/revisions"}],"predecessor-version":[{"id":821,"href":"https:\/\/periodicolarepublica.com\/index.php\/wp-json\/wp\/v2\/posts\/812\/revisions\/821"}],"wp:featuredmedia":[{"embeddable":true,"href":"https:\/\/periodicolarepublica.com\/index.php\/wp-json\/wp\/v2\/media\/820"}],"wp:attachment":[{"href":"https:\/\/periodicolarepublica.com\/index.php\/wp-json\/wp\/v2\/media?parent=812"}],"wp:term":[{"taxonomy":"category","embeddable":true,"href":"https:\/\/periodicolarepublica.com\/index.php\/wp-json\/wp\/v2\/categories?post=812"},{"taxonomy":"post_tag","embeddable":true,"href":"https:\/\/periodicolarepublica.com\/index.php\/wp-json\/wp\/v2\/tags?post=812"}],"curies":[{"name":"wp","href":"https:\/\/api.w.org\/{rel}","templated":true}]}}