{"id":819,"date":"2024-05-16T23:49:44","date_gmt":"2024-05-16T21:49:44","guid":{"rendered":"https:\/\/periodicolarepublica.com\/?p=819"},"modified":"2024-05-16T23:49:44","modified_gmt":"2024-05-16T21:49:44","slug":"el-dr-victor-atallah-insta-a-la-ciudadania-a-ejercer-su-derecho-al-voto-y-respaldar-al-presidente-luis-abinader","status":"publish","type":"post","link":"https:\/\/periodicolarepublica.com\/index.php\/2024\/05\/16\/el-dr-victor-atallah-insta-a-la-ciudadania-a-ejercer-su-derecho-al-voto-y-respaldar-al-presidente-luis-abinader\/","title":{"rendered":"El Dr. V\u00edctor Atallah insta a la ciudadan\u00eda a ejercer su derecho al voto y respaldar al presidente Luis Abinader"},"content":{"rendered":"\r\n<p><img loading=\"lazy\" decoding=\"async\" class=\"size-medium wp-image-612 alignright\" src=\"https:\/\/periodicolarepublica.com\/wp-content\/uploads\/2024\/04\/20240416_122716-300x211.jpg\" alt=\"\" width=\"300\" height=\"211\" srcset=\"https:\/\/periodicolarepublica.com\/wp-content\/uploads\/2024\/04\/20240416_122716-300x211.jpg?v=1715379797 300w, https:\/\/periodicolarepublica.com\/wp-content\/uploads\/2024\/04\/20240416_122716-768x540.jpg?v=1715379797 768w, https:\/\/periodicolarepublica.com\/wp-content\/uploads\/2024\/04\/20240416_122716-150x106.jpg?v=1715379797 150w, https:\/\/periodicolarepublica.com\/wp-content\/uploads\/2024\/04\/20240416_122716-600x422.jpg?v=1715379797 600w, https:\/\/periodicolarepublica.com\/wp-content\/uploads\/2024\/04\/20240416_122716-696x490.jpg?v=1715379797 696w, https:\/\/periodicolarepublica.com\/wp-content\/uploads\/2024\/04\/20240416_122716-100x70.jpg?v=1715379797 100w, https:\/\/periodicolarepublica.com\/wp-content\/uploads\/2024\/04\/20240416_122716-200x140.jpg?v=1715379797 200w, https:\/\/periodicolarepublica.com\/wp-content\/uploads\/2024\/04\/20240416_122716.jpg?v=1715379797 783w\" sizes=\"auto, (max-width: 300px) 100vw, 300px\" \/>Santo Domingo- El reconocido experto en asuntos p\u00fablicos, el Dr. V\u00edctor Atallah, ha emitido un llamado a todos los dominicanos y dominicanas a participar activamente en las elecciones generales a celebrarse el pr\u00f3ximo domingo 19 de mayo. En su mensaje, el Dr. Atallah destac\u00f3 la importancia de ejercer el voto como un deber c\u00edvico fundamental y expres\u00f3 su apoyo al presidente Luis Abinader para continuar liderando el pa\u00eds. <br \/><br \/>Consciente de la trascendencia que tienen las elecciones para el futuro de la naci\u00f3n, el Dr. Atallah resalt\u00f3 los logros obtenidos durante el mandato del presidente Abinader, en especial en temas clave como la econom\u00eda, la salud p\u00fablica y la seguridad ciudadana. Enfatiz\u00f3 que el presidente ha demostrado un compromiso firme con el progreso y el bienestar de la Rep\u00fablica Dominicana, implementando pol\u00edticas efectivas y promoviendo la transparencia en la gesti\u00f3n p\u00fablica. <br \/><br \/>El Dr. Atallah subray\u00f3 que el liderazgo del presidente Abinader ha sido fundamental para enfrentar los desaf\u00edos y crisis que ha atravesado el pa\u00eds, como la pandemia de COVID-19. Destac\u00f3 la implementaci\u00f3n de medidas sanitarias acertadas, la adquisici\u00f3n de vacunas para proteger a la poblaci\u00f3n y la reactivaci\u00f3n econ\u00f3mica de manera responsable. <br \/><br \/>En este sentido, el Dr. Atallah exhort\u00f3 a todos los votantes a considerar los avances logrados durante el actual gobierno y a evaluar la visi\u00f3n y propuestas del presidente Abinader para el futuro. Hizo \u00e9nfasis en la importancia de elegir a un l\u00edder comprometido con el desarrollo sostenible, la equidad social y la consolidaci\u00f3n de las instituciones democr\u00e1ticas.<br \/><br \/><\/p>\r\n","protected":false},"excerpt":{"rendered":"<p>Santo Domingo- El reconocido experto en asuntos p\u00fablicos, el Dr. V\u00edctor Atallah, ha emitido un llamado a todos los dominicanos y dominicanas a participar activamente en las elecciones generales a celebrarse el pr\u00f3ximo domingo 19 de mayo. En su mensaje, el Dr. Atallah destac\u00f3 la importancia de ejercer el voto como un deber c\u00edvico fundamental [&hellip;]<\/p>\n","protected":false},"author":6,"featured_media":612,"comment_status":"open","ping_status":"open","sticky":false,"template":"","format":"standard","meta":{"om_disable_all_campaigns":false,"_monsterinsights_skip_tracking":false,"_monsterinsights_sitenote_active":false,"_monsterinsights_sitenote_note":"","_monsterinsights_sitenote_category":0,"footnotes":""},"categories":[1],"tags":[161],"class_list":{"0":"post-819","1":"post","2":"type-post","3":"status-publish","4":"format-standard","5":"has-post-thumbnail","7":"category-nacionales","8":"tag-victor-atallah"},"aioseo_notices":[],"_links":{"self":[{"href":"https:\/\/periodicolarepublica.com\/index.php\/wp-json\/wp\/v2\/posts\/819","targetHints":{"allow":["GET"]}}],"collection":[{"href":"https:\/\/periodicolarepublica.com\/index.php\/wp-json\/wp\/v2\/posts"}],"about":[{"href":"https:\/\/periodicolarepublica.com\/index.php\/wp-json\/wp\/v2\/types\/post"}],"author":[{"embeddable":true,"href":"https:\/\/periodicolarepublica.com\/index.php\/wp-json\/wp\/v2\/users\/6"}],"replies":[{"embeddable":true,"href":"https:\/\/periodicolarepublica.com\/index.php\/wp-json\/wp\/v2\/comments?post=819"}],"version-history":[{"count":2,"href":"https:\/\/periodicolarepublica.com\/index.php\/wp-json\/wp\/v2\/posts\/819\/revisions"}],"predecessor-version":[{"id":840,"href":"https:\/\/periodicolarepublica.com\/index.php\/wp-json\/wp\/v2\/posts\/819\/revisions\/840"}],"wp:featuredmedia":[{"embeddable":true,"href":"https:\/\/periodicolarepublica.com\/index.php\/wp-json\/wp\/v2\/media\/612"}],"wp:attachment":[{"href":"https:\/\/periodicolarepublica.com\/index.php\/wp-json\/wp\/v2\/media?parent=819"}],"wp:term":[{"taxonomy":"category","embeddable":true,"href":"https:\/\/periodicolarepublica.com\/index.php\/wp-json\/wp\/v2\/categories?post=819"},{"taxonomy":"post_tag","embeddable":true,"href":"https:\/\/periodicolarepublica.com\/index.php\/wp-json\/wp\/v2\/tags?post=819"}],"curies":[{"name":"wp","href":"https:\/\/api.w.org\/{rel}","templated":true}]}}