{"id":823,"date":"2024-05-15T15:47:48","date_gmt":"2024-05-15T13:47:48","guid":{"rendered":"https:\/\/periodicolarepublica.com\/?p=823"},"modified":"2024-05-15T15:47:48","modified_gmt":"2024-05-15T13:47:48","slug":"festival-de-cine-hecho-rd-presenta-el-documental-aqui-estamos","status":"publish","type":"post","link":"https:\/\/periodicolarepublica.com\/index.php\/2024\/05\/15\/festival-de-cine-hecho-rd-presenta-el-documental-aqui-estamos\/","title":{"rendered":"Festival de Cine Hecho RD presenta el documental \u00abAqu\u00ed Estamos\u00bb"},"content":{"rendered":"<p>El Festival de Cine Hecho RD ha marcado un hito con la proyecci\u00f3n de pel\u00edculas por segundo a\u00f1o consecutivo en las salas de cine de Santiago de los Caballeros, y presenta por primera vez el documental \u00abAqu\u00ed Estamos\u00bb, el \u00fanico en su g\u00e9nero seleccionado en el festival. Esta iniciativa, liderada por Caribbean Cinema, ha tra\u00eddo consigo un acontecimiento cultural de relevancia para la provincia y la regi\u00f3n.<\/p>\n<figure id=\"attachment_824\" aria-describedby=\"caption-attachment-824\" style=\"width: 300px\" class=\"wp-caption alignnone\"><img loading=\"lazy\" decoding=\"async\" class=\"size-medium wp-image-824\" src=\"https:\/\/periodicolarepublica.com\/wp-content\/uploads\/2024\/05\/Violeta-Lockhart-directora-del-documental-y-Alexandra-Santana-productora-junto-al-publico-asistente-a-la-charla-300x225.jpeg\" alt=\"\" width=\"300\" height=\"225\" srcset=\"https:\/\/periodicolarepublica.com\/wp-content\/uploads\/2024\/05\/Violeta-Lockhart-directora-del-documental-y-Alexandra-Santana-productora-junto-al-publico-asistente-a-la-charla-300x225.jpeg?v=1715780829 300w, https:\/\/periodicolarepublica.com\/wp-content\/uploads\/2024\/05\/Violeta-Lockhart-directora-del-documental-y-Alexandra-Santana-productora-junto-al-publico-asistente-a-la-charla-1024x768.jpeg?v=1715780829 1024w, https:\/\/periodicolarepublica.com\/wp-content\/uploads\/2024\/05\/Violeta-Lockhart-directora-del-documental-y-Alexandra-Santana-productora-junto-al-publico-asistente-a-la-charla-768x576.jpeg?v=1715780829 768w, https:\/\/periodicolarepublica.com\/wp-content\/uploads\/2024\/05\/Violeta-Lockhart-directora-del-documental-y-Alexandra-Santana-productora-junto-al-publico-asistente-a-la-charla-1536x1152.jpeg?v=1715780829 1536w, https:\/\/periodicolarepublica.com\/wp-content\/uploads\/2024\/05\/Violeta-Lockhart-directora-del-documental-y-Alexandra-Santana-productora-junto-al-publico-asistente-a-la-charla-2048x1536.jpeg?v=1715780829 2048w, https:\/\/periodicolarepublica.com\/wp-content\/uploads\/2024\/05\/Violeta-Lockhart-directora-del-documental-y-Alexandra-Santana-productora-junto-al-publico-asistente-a-la-charla-150x113.jpeg?v=1715780829 150w, https:\/\/periodicolarepublica.com\/wp-content\/uploads\/2024\/05\/Violeta-Lockhart-directora-del-documental-y-Alexandra-Santana-productora-junto-al-publico-asistente-a-la-charla-600x450.jpeg?v=1715780829 600w, https:\/\/periodicolarepublica.com\/wp-content\/uploads\/2024\/05\/Violeta-Lockhart-directora-del-documental-y-Alexandra-Santana-productora-junto-al-publico-asistente-a-la-charla-696x522.jpeg?v=1715780829 696w, https:\/\/periodicolarepublica.com\/wp-content\/uploads\/2024\/05\/Violeta-Lockhart-directora-del-documental-y-Alexandra-Santana-productora-junto-al-publico-asistente-a-la-charla-1392x1044.jpeg?v=1715780829 1392w, https:\/\/periodicolarepublica.com\/wp-content\/uploads\/2024\/05\/Violeta-Lockhart-directora-del-documental-y-Alexandra-Santana-productora-junto-al-publico-asistente-a-la-charla-1068x801.jpeg?v=1715780829 1068w, https:\/\/periodicolarepublica.com\/wp-content\/uploads\/2024\/05\/Violeta-Lockhart-directora-del-documental-y-Alexandra-Santana-productora-junto-al-publico-asistente-a-la-charla-1920x1440.jpeg?v=1715780829 1920w, https:\/\/periodicolarepublica.com\/wp-content\/uploads\/2024\/05\/Violeta-Lockhart-directora-del-documental-y-Alexandra-Santana-productora-junto-al-publico-asistente-a-la-charla-265x198.jpeg?v=1715780829 265w, https:\/\/periodicolarepublica.com\/wp-content\/uploads\/2024\/05\/Violeta-Lockhart-directora-del-documental-y-Alexandra-Santana-productora-junto-al-publico-asistente-a-la-charla-530x396.jpeg?v=1715780829 530w\" sizes=\"auto, (max-width: 300px) 100vw, 300px\" \/><figcaption id=\"caption-attachment-824\" class=\"wp-caption-text\">Violeta Lockhart, directora del documental y Alexandra Santana productora, junto al pu\u0301blico asistente a la charla<\/figcaption><\/figure>\n<p>\u00abAqu\u00ed Estamos\u00bb, una producci\u00f3n realizada por Minervas Producciones bajo la direcci\u00f3n de la talentosa cineasta Violeta Lockhart y la h\u00e1bil producci\u00f3n de Alexandra Santana, se ha convertido en una pieza fundamental del cine dominicano contempor\u00e1neo.<\/p>\n","protected":false},"excerpt":{"rendered":"<p>El Festival de Cine Hecho RD ha marcado un hito con la proyecci\u00f3n de pel\u00edculas por segundo a\u00f1o consecutivo en las salas de cine de Santiago de los Caballeros, y presenta por primera vez el documental \u00abAqu\u00ed Estamos\u00bb, el \u00fanico en su g\u00e9nero seleccionado en el festival. Esta iniciativa, liderada por Caribbean Cinema, ha tra\u00eddo [&hellip;]<\/p>\n","protected":false},"author":6,"featured_media":824,"comment_status":"open","ping_status":"open","sticky":false,"template":"","format":"standard","meta":{"om_disable_all_campaigns":false,"_monsterinsights_skip_tracking":false,"_monsterinsights_sitenote_active":false,"_monsterinsights_sitenote_note":"","_monsterinsights_sitenote_category":0,"footnotes":""},"categories":[165],"tags":[189],"class_list":{"0":"post-823","1":"post","2":"type-post","3":"status-publish","4":"format-standard","5":"has-post-thumbnail","7":"category-sociales","8":"tag-cine-dominicano"},"aioseo_notices":[],"_links":{"self":[{"href":"https:\/\/periodicolarepublica.com\/index.php\/wp-json\/wp\/v2\/posts\/823","targetHints":{"allow":["GET"]}}],"collection":[{"href":"https:\/\/periodicolarepublica.com\/index.php\/wp-json\/wp\/v2\/posts"}],"about":[{"href":"https:\/\/periodicolarepublica.com\/index.php\/wp-json\/wp\/v2\/types\/post"}],"author":[{"embeddable":true,"href":"https:\/\/periodicolarepublica.com\/index.php\/wp-json\/wp\/v2\/users\/6"}],"replies":[{"embeddable":true,"href":"https:\/\/periodicolarepublica.com\/index.php\/wp-json\/wp\/v2\/comments?post=823"}],"version-history":[{"count":1,"href":"https:\/\/periodicolarepublica.com\/index.php\/wp-json\/wp\/v2\/posts\/823\/revisions"}],"predecessor-version":[{"id":825,"href":"https:\/\/periodicolarepublica.com\/index.php\/wp-json\/wp\/v2\/posts\/823\/revisions\/825"}],"wp:featuredmedia":[{"embeddable":true,"href":"https:\/\/periodicolarepublica.com\/index.php\/wp-json\/wp\/v2\/media\/824"}],"wp:attachment":[{"href":"https:\/\/periodicolarepublica.com\/index.php\/wp-json\/wp\/v2\/media?parent=823"}],"wp:term":[{"taxonomy":"category","embeddable":true,"href":"https:\/\/periodicolarepublica.com\/index.php\/wp-json\/wp\/v2\/categories?post=823"},{"taxonomy":"post_tag","embeddable":true,"href":"https:\/\/periodicolarepublica.com\/index.php\/wp-json\/wp\/v2\/tags?post=823"}],"curies":[{"name":"wp","href":"https:\/\/api.w.org\/{rel}","templated":true}]}}