{"id":826,"date":"2024-05-15T15:54:22","date_gmt":"2024-05-15T13:54:22","guid":{"rendered":"https:\/\/periodicolarepublica.com\/?p=826"},"modified":"2024-05-15T15:54:22","modified_gmt":"2024-05-15T13:54:22","slug":"banco-popular-dominicano-extendio-su-acuerdo-con-bnphu","status":"publish","type":"post","link":"https:\/\/periodicolarepublica.com\/index.php\/2024\/05\/15\/banco-popular-dominicano-extendio-su-acuerdo-con-bnphu\/","title":{"rendered":"Banco Popular Dominicano extendi\u00f3 su acuerdo con BNPHU"},"content":{"rendered":"<p>El Banco Popular Dominicano extendi\u00f3 su acuerdo para apoyar la C\u00e1tedra Pedro Henr\u00edquez Ure\u00f1a de la Biblioteca Nacional (BNPHU), que busca la preservaci\u00f3n, reproducci\u00f3n y difusi\u00f3n del legado del gran humanista y pensador dominicano.<\/p>\n<p><img loading=\"lazy\" decoding=\"async\" class=\"alignnone size-medium wp-image-827\" src=\"https:\/\/periodicolarepublica.com\/wp-content\/uploads\/2024\/05\/6JA06562-Jose-Marmol-Rafael-Peralta-Romero-y-Mariel-Bera-300x214.jpg\" alt=\"\" width=\"300\" height=\"214\" srcset=\"https:\/\/periodicolarepublica.com\/wp-content\/uploads\/2024\/05\/6JA06562-Jose-Marmol-Rafael-Peralta-Romero-y-Mariel-Bera-300x214.jpg?v=1715781166 300w, https:\/\/periodicolarepublica.com\/wp-content\/uploads\/2024\/05\/6JA06562-Jose-Marmol-Rafael-Peralta-Romero-y-Mariel-Bera-1024x731.jpg?v=1715781166 1024w, https:\/\/periodicolarepublica.com\/wp-content\/uploads\/2024\/05\/6JA06562-Jose-Marmol-Rafael-Peralta-Romero-y-Mariel-Bera-768x548.jpg?v=1715781166 768w, https:\/\/periodicolarepublica.com\/wp-content\/uploads\/2024\/05\/6JA06562-Jose-Marmol-Rafael-Peralta-Romero-y-Mariel-Bera-1536x1097.jpg?v=1715781166 1536w, https:\/\/periodicolarepublica.com\/wp-content\/uploads\/2024\/05\/6JA06562-Jose-Marmol-Rafael-Peralta-Romero-y-Mariel-Bera-2048x1462.jpg?v=1715781166 2048w, https:\/\/periodicolarepublica.com\/wp-content\/uploads\/2024\/05\/6JA06562-Jose-Marmol-Rafael-Peralta-Romero-y-Mariel-Bera-150x107.jpg?v=1715781166 150w, https:\/\/periodicolarepublica.com\/wp-content\/uploads\/2024\/05\/6JA06562-Jose-Marmol-Rafael-Peralta-Romero-y-Mariel-Bera-600x428.jpg?v=1715781166 600w, https:\/\/periodicolarepublica.com\/wp-content\/uploads\/2024\/05\/6JA06562-Jose-Marmol-Rafael-Peralta-Romero-y-Mariel-Bera-696x497.jpg?v=1715781166 696w, https:\/\/periodicolarepublica.com\/wp-content\/uploads\/2024\/05\/6JA06562-Jose-Marmol-Rafael-Peralta-Romero-y-Mariel-Bera-1392x994.jpg?v=1715781166 1392w, https:\/\/periodicolarepublica.com\/wp-content\/uploads\/2024\/05\/6JA06562-Jose-Marmol-Rafael-Peralta-Romero-y-Mariel-Bera-1068x762.jpg?v=1715781166 1068w, https:\/\/periodicolarepublica.com\/wp-content\/uploads\/2024\/05\/6JA06562-Jose-Marmol-Rafael-Peralta-Romero-y-Mariel-Bera-1920x1371.jpg?v=1715781166 1920w, https:\/\/periodicolarepublica.com\/wp-content\/uploads\/2024\/05\/6JA06562-Jose-Marmol-Rafael-Peralta-Romero-y-Mariel-Bera-100x70.jpg?v=1715781166 100w\" sizes=\"auto, (max-width: 300px) 100vw, 300px\" \/><\/p>\n<p>Por el Banco Popular, el convenio fue firmado por Jos\u00e9 M\u00e1rmol, vicepresidente Ejecutivo de Comunicaciones Corporativas, Reputaci\u00f3n y Banca Responsable, y Mariel Bera, vicepresidenta de Relaciones Corporativas y Banca Responsable.<\/p>\n<p>Por la BNPHU rubric\u00f3 su director general, el escritor y periodista Rafael Peralta Romero, quien agradeci\u00f3 al Banco Popular por el gesto de resplandor para sostener financieramente la iniciativa.<\/p>\n<p>El acuerdo contempla reforzar los v\u00ednculos de colaboraci\u00f3n entre la Biblioteca Nacional y 20 instituciones de Argentina, M\u00e9xico, Espa\u00f1a y los Estados Unidos. Se llev\u00f3 a cabo en la Torre Popular.<\/p>\n","protected":false},"excerpt":{"rendered":"<p>El Banco Popular Dominicano extendi\u00f3 su acuerdo para apoyar la C\u00e1tedra Pedro Henr\u00edquez Ure\u00f1a de la Biblioteca Nacional (BNPHU), que busca la preservaci\u00f3n, reproducci\u00f3n y difusi\u00f3n del legado del gran humanista y pensador dominicano. Por el Banco Popular, el convenio fue firmado por Jos\u00e9 M\u00e1rmol, vicepresidente Ejecutivo de Comunicaciones Corporativas, Reputaci\u00f3n y Banca Responsable, y [&hellip;]<\/p>\n","protected":false},"author":6,"featured_media":827,"comment_status":"open","ping_status":"open","sticky":false,"template":"","format":"standard","meta":{"om_disable_all_campaigns":false,"_monsterinsights_skip_tracking":false,"_monsterinsights_sitenote_active":false,"_monsterinsights_sitenote_note":"","_monsterinsights_sitenote_category":0,"footnotes":""},"categories":[33],"tags":[76,191,190,119],"class_list":{"0":"post-826","1":"post","2":"type-post","3":"status-publish","4":"format-standard","5":"has-post-thumbnail","7":"category-canal-financiero","8":"tag-banco-popular-dominicano","9":"tag-biblioteca-nacional","10":"tag-bnphu","11":"tag-popularenlinea-com"},"aioseo_notices":[],"_links":{"self":[{"href":"https:\/\/periodicolarepublica.com\/index.php\/wp-json\/wp\/v2\/posts\/826","targetHints":{"allow":["GET"]}}],"collection":[{"href":"https:\/\/periodicolarepublica.com\/index.php\/wp-json\/wp\/v2\/posts"}],"about":[{"href":"https:\/\/periodicolarepublica.com\/index.php\/wp-json\/wp\/v2\/types\/post"}],"author":[{"embeddable":true,"href":"https:\/\/periodicolarepublica.com\/index.php\/wp-json\/wp\/v2\/users\/6"}],"replies":[{"embeddable":true,"href":"https:\/\/periodicolarepublica.com\/index.php\/wp-json\/wp\/v2\/comments?post=826"}],"version-history":[{"count":1,"href":"https:\/\/periodicolarepublica.com\/index.php\/wp-json\/wp\/v2\/posts\/826\/revisions"}],"predecessor-version":[{"id":828,"href":"https:\/\/periodicolarepublica.com\/index.php\/wp-json\/wp\/v2\/posts\/826\/revisions\/828"}],"wp:featuredmedia":[{"embeddable":true,"href":"https:\/\/periodicolarepublica.com\/index.php\/wp-json\/wp\/v2\/media\/827"}],"wp:attachment":[{"href":"https:\/\/periodicolarepublica.com\/index.php\/wp-json\/wp\/v2\/media?parent=826"}],"wp:term":[{"taxonomy":"category","embeddable":true,"href":"https:\/\/periodicolarepublica.com\/index.php\/wp-json\/wp\/v2\/categories?post=826"},{"taxonomy":"post_tag","embeddable":true,"href":"https:\/\/periodicolarepublica.com\/index.php\/wp-json\/wp\/v2\/tags?post=826"}],"curies":[{"name":"wp","href":"https:\/\/api.w.org\/{rel}","templated":true}]}}