{"id":829,"date":"2024-05-15T16:07:25","date_gmt":"2024-05-15T14:07:25","guid":{"rendered":"https:\/\/periodicolarepublica.com\/?p=829"},"modified":"2024-05-15T16:07:25","modified_gmt":"2024-05-15T14:07:25","slug":"arajet-y-la-fard-firman-acuerdo-de-colaboracion-para-realizar-programa-de-pasantias","status":"publish","type":"post","link":"https:\/\/periodicolarepublica.com\/index.php\/2024\/05\/15\/arajet-y-la-fard-firman-acuerdo-de-colaboracion-para-realizar-programa-de-pasantias\/","title":{"rendered":"Arajet y la FARD firman acuerdo de colaboraci\u00f3n para realizar programa de pasant\u00edas"},"content":{"rendered":"<p>&nbsp;<\/p>\n<p>Arajet la aerol\u00ednea de precios bajos del Caribe, firm\u00f3 un acuerdo de cooperaci\u00f3n interinstitucional con la Fuerza A\u00e9rea de la Rep\u00fablica Dominicana (FARD), con el objetivo de aunar esfuerzos para coordinar un programa de pasant\u00eda y capacitaci\u00f3n que permita transferir conocimientos en materia de Ingenier\u00eda y Mantenimiento aeron\u00e1utico.<\/p>\n<figure id=\"attachment_830\" aria-describedby=\"caption-attachment-830\" style=\"width: 300px\" class=\"wp-caption alignnone\"><img loading=\"lazy\" decoding=\"async\" class=\"size-medium wp-image-830\" src=\"https:\/\/periodicolarepublica.com\/wp-content\/uploads\/2024\/05\/Picsart_24-05-15_10-03-04-433-300x200.jpg\" alt=\"\" width=\"300\" height=\"200\" srcset=\"https:\/\/periodicolarepublica.com\/wp-content\/uploads\/2024\/05\/Picsart_24-05-15_10-03-04-433-300x200.jpg?v=1715781890 300w, https:\/\/periodicolarepublica.com\/wp-content\/uploads\/2024\/05\/Picsart_24-05-15_10-03-04-433-1024x683.jpg?v=1715781890 1024w, https:\/\/periodicolarepublica.com\/wp-content\/uploads\/2024\/05\/Picsart_24-05-15_10-03-04-433-768x512.jpg?v=1715781890 768w, https:\/\/periodicolarepublica.com\/wp-content\/uploads\/2024\/05\/Picsart_24-05-15_10-03-04-433-1536x1024.jpg?v=1715781890 1536w, https:\/\/periodicolarepublica.com\/wp-content\/uploads\/2024\/05\/Picsart_24-05-15_10-03-04-433-2048x1365.jpg?v=1715781890 2048w, https:\/\/periodicolarepublica.com\/wp-content\/uploads\/2024\/05\/Picsart_24-05-15_10-03-04-433-150x100.jpg?v=1715781890 150w, https:\/\/periodicolarepublica.com\/wp-content\/uploads\/2024\/05\/Picsart_24-05-15_10-03-04-433-600x400.jpg?v=1715781890 600w, https:\/\/periodicolarepublica.com\/wp-content\/uploads\/2024\/05\/Picsart_24-05-15_10-03-04-433-696x464.jpg?v=1715781890 696w, https:\/\/periodicolarepublica.com\/wp-content\/uploads\/2024\/05\/Picsart_24-05-15_10-03-04-433-1392x928.jpg?v=1715781890 1392w, https:\/\/periodicolarepublica.com\/wp-content\/uploads\/2024\/05\/Picsart_24-05-15_10-03-04-433-1068x712.jpg?v=1715781890 1068w, https:\/\/periodicolarepublica.com\/wp-content\/uploads\/2024\/05\/Picsart_24-05-15_10-03-04-433-1920x1280.jpg?v=1715781890 1920w\" sizes=\"auto, (max-width: 300px) 100vw, 300px\" \/><figcaption id=\"caption-attachment-830\" class=\"wp-caption-text\">Acuerdo ARAJET y FARD.<\/figcaption><\/figure>\n<p>El acuerdo fue firmado por Victor Pacheco M\u00e9ndez, CEO y Fundador de Arajet y el Mayor General T\u00e9cnico de Aviaci\u00f3n, Carlos Ram\u00f3n Febrillet Rodr\u00edguez, Comandante General de la FARD durante un acto en el Sal\u00f3n Juan Pablo Duarte de la entidad militar.<\/p>\n<p>En el acto el Comandante General Febrillet Rodr\u00edguez, destac\u00f3 que el acuerdo ser\u00e1 de mucho empuje para la FARD, y consider\u00f3 que la misma es una alianza estrat\u00e9gica que fortalece y robustece la entidad ya que trata de una compa\u00f1\u00eda que es referente en materia aviaci\u00f3n civil para el desarrollo de este sector.<\/p>\n<p>Para pactar este acuerdo que fortalecer\u00e1 la industria a trav\u00e9s del intercambio de conocimiento donde los j\u00f3venes de esa instituci\u00f3n podr\u00e1n estar m\u00e1s preparados para de brindar un mejor servicio a la naci\u00f3n. Adem\u00e1s, agreg\u00f3 \u201ccon esta firma Arajet mantiene su firme compromiso de fomentar el desarrollo de la aviaci\u00f3n dominicana\u201d destac\u00f3 Victor Pacheco.<br \/>\n<!--more--><\/p>\n","protected":false},"excerpt":{"rendered":"<p>&nbsp; Arajet la aerol\u00ednea de precios bajos del Caribe, firm\u00f3 un acuerdo de cooperaci\u00f3n interinstitucional con la Fuerza A\u00e9rea de la Rep\u00fablica Dominicana (FARD), con el objetivo de aunar esfuerzos para coordinar un programa de pasant\u00eda y capacitaci\u00f3n que permita transferir conocimientos en materia de Ingenier\u00eda y Mantenimiento aeron\u00e1utico. El acuerdo fue firmado por Victor [&hellip;]<\/p>\n","protected":false},"author":1,"featured_media":830,"comment_status":"open","ping_status":"open","sticky":false,"template":"","format":"standard","meta":{"om_disable_all_campaigns":false,"_monsterinsights_skip_tracking":false,"_monsterinsights_sitenote_active":false,"_monsterinsights_sitenote_note":"","_monsterinsights_sitenote_category":0,"footnotes":""},"categories":[1],"tags":[104,106,194,193,192],"class_list":{"0":"post-829","1":"post","2":"type-post","3":"status-publish","4":"format-standard","5":"has-post-thumbnail","7":"category-nacionales","8":"tag-arajet","9":"tag-boletos-aereos","10":"tag-fuerza-aerea","11":"tag-low-cost","12":"tag-precios-bajo"},"aioseo_notices":[],"_links":{"self":[{"href":"https:\/\/periodicolarepublica.com\/index.php\/wp-json\/wp\/v2\/posts\/829","targetHints":{"allow":["GET"]}}],"collection":[{"href":"https:\/\/periodicolarepublica.com\/index.php\/wp-json\/wp\/v2\/posts"}],"about":[{"href":"https:\/\/periodicolarepublica.com\/index.php\/wp-json\/wp\/v2\/types\/post"}],"author":[{"embeddable":true,"href":"https:\/\/periodicolarepublica.com\/index.php\/wp-json\/wp\/v2\/users\/1"}],"replies":[{"embeddable":true,"href":"https:\/\/periodicolarepublica.com\/index.php\/wp-json\/wp\/v2\/comments?post=829"}],"version-history":[{"count":1,"href":"https:\/\/periodicolarepublica.com\/index.php\/wp-json\/wp\/v2\/posts\/829\/revisions"}],"predecessor-version":[{"id":831,"href":"https:\/\/periodicolarepublica.com\/index.php\/wp-json\/wp\/v2\/posts\/829\/revisions\/831"}],"wp:featuredmedia":[{"embeddable":true,"href":"https:\/\/periodicolarepublica.com\/index.php\/wp-json\/wp\/v2\/media\/830"}],"wp:attachment":[{"href":"https:\/\/periodicolarepublica.com\/index.php\/wp-json\/wp\/v2\/media?parent=829"}],"wp:term":[{"taxonomy":"category","embeddable":true,"href":"https:\/\/periodicolarepublica.com\/index.php\/wp-json\/wp\/v2\/categories?post=829"},{"taxonomy":"post_tag","embeddable":true,"href":"https:\/\/periodicolarepublica.com\/index.php\/wp-json\/wp\/v2\/tags?post=829"}],"curies":[{"name":"wp","href":"https:\/\/api.w.org\/{rel}","templated":true}]}}