{"id":832,"date":"2024-05-15T18:26:09","date_gmt":"2024-05-15T16:26:09","guid":{"rendered":"https:\/\/periodicolarepublica.com\/?p=832"},"modified":"2024-05-15T18:28:37","modified_gmt":"2024-05-15T16:28:37","slug":"andres-matos-pronostica-triunfo-luis-abinader","status":"publish","type":"post","link":"https:\/\/periodicolarepublica.com\/index.php\/2024\/05\/15\/andres-matos-pronostica-triunfo-luis-abinader\/","title":{"rendered":"Andres Matos pronost\u00edca triunfo Luis Abinader\u00a0"},"content":{"rendered":"<p>&nbsp;<\/p>\n<p>Desde la juventud y la coordinaci\u00f3n nacional del movimiento Contacto 24, Andr\u00e9s Matos afirma que de cara a los comicios del pr\u00f3ximo 19 de mayo, el entusiasmo que se vive en el actual proceso proyecta el triunfo del candidato Luis Abinader, debido al buen manejo, transparencia de gesti\u00f3n y desarrollo de obras de gobierno, solidificandose como l\u00edder absoluto rumbo a conseguir de un 70 a un 72% del electorado; marcando la aceptaci\u00f3n m\u00e1s grande que un pol\u00edtico dominicano haya tenido de cara al pueblo en la historia dominicana contempor\u00e1nea.<\/p>\n<figure id=\"attachment_833\" aria-describedby=\"caption-attachment-833\" style=\"width: 300px\" class=\"wp-caption alignnone\"><img loading=\"lazy\" decoding=\"async\" class=\"size-medium wp-image-833\" src=\"https:\/\/periodicolarepublica.com\/wp-content\/uploads\/2024\/05\/IMG-20240515-WA0009-300x200.jpg\" alt=\"\" width=\"300\" height=\"200\" srcset=\"https:\/\/periodicolarepublica.com\/wp-content\/uploads\/2024\/05\/IMG-20240515-WA0009-300x200.jpg?v=1715790289 300w, https:\/\/periodicolarepublica.com\/wp-content\/uploads\/2024\/05\/IMG-20240515-WA0009-1024x682.jpg?v=1715790289 1024w, https:\/\/periodicolarepublica.com\/wp-content\/uploads\/2024\/05\/IMG-20240515-WA0009-768x512.jpg?v=1715790289 768w, https:\/\/periodicolarepublica.com\/wp-content\/uploads\/2024\/05\/IMG-20240515-WA0009-150x100.jpg?v=1715790289 150w, https:\/\/periodicolarepublica.com\/wp-content\/uploads\/2024\/05\/IMG-20240515-WA0009-600x400.jpg?v=1715790289 600w, https:\/\/periodicolarepublica.com\/wp-content\/uploads\/2024\/05\/IMG-20240515-WA0009-696x464.jpg?v=1715790289 696w, https:\/\/periodicolarepublica.com\/wp-content\/uploads\/2024\/05\/IMG-20240515-WA0009-1068x712.jpg?v=1715790289 1068w, https:\/\/periodicolarepublica.com\/wp-content\/uploads\/2024\/05\/IMG-20240515-WA0009.jpg?v=1715790289 1280w\" sizes=\"auto, (max-width: 300px) 100vw, 300px\" \/><figcaption id=\"caption-attachment-833\" class=\"wp-caption-text\">Andres Matos<\/figcaption><\/figure>\n<p>Matos compar\u00f3 el escenario pol\u00edtico actual a nivel nacional con los n\u00fameros actuales de la provincia de San Pedro de Macor\u00eds, donde el PRM encuesta sobre un 71% a favor de la candidata a senadora Aracelis Villanueva. \u201cLo que se avecina en esta provincia es una muestra de lo que se espera que suceda en todo el pa\u00eds. El PRM y su maquinaria pol\u00edtica quedar\u00e1 no solo como partido mayoritario, sino como \u00fanico partido referente de liderazgo, compromiso, transparencia y de gesti\u00f3n eficiente a favor de todo el pueblo dominicano\u201d.<\/p>\n<p>Desde la juventud y la coordinaci\u00f3n nacional del movimiento contacto 24 con Luis, se proyectado que el rol de la masa joven ser\u00e1 el que marcar\u00e1 la gran diferencia en estas elecciones; j\u00f3venes que se han identificado con la gesti\u00f3n del presidente, quien les brinda esperanza y confirma que cuentan con un gobierno abierto a oportunidades de desarrollo, siguiendo abriendo ventanas para que siga por cuatro a\u00f1os m\u00e1s los ideales del l\u00edder Jose Francisco Pe\u00f1a Gomez.<\/p>\n","protected":false},"excerpt":{"rendered":"<p>&nbsp; Desde la juventud y la coordinaci\u00f3n nacional del movimiento Contacto 24, Andr\u00e9s Matos afirma que de cara a los comicios del pr\u00f3ximo 19 de mayo, el entusiasmo que se vive en el actual proceso proyecta el triunfo del candidato Luis Abinader, debido al buen manejo, transparencia de gesti\u00f3n y desarrollo de obras de gobierno, [&hellip;]<\/p>\n","protected":false},"author":6,"featured_media":833,"comment_status":"open","ping_status":"open","sticky":false,"template":"","format":"standard","meta":{"om_disable_all_campaigns":false,"_monsterinsights_skip_tracking":false,"_monsterinsights_sitenote_active":false,"_monsterinsights_sitenote_note":"","_monsterinsights_sitenote_category":0,"footnotes":""},"categories":[127],"tags":[195,196],"class_list":{"0":"post-832","1":"post","2":"type-post","3":"status-publish","4":"format-standard","5":"has-post-thumbnail","7":"category-politica","8":"tag-andres-matos","9":"tag-contacto-24"},"aioseo_notices":[],"_links":{"self":[{"href":"https:\/\/periodicolarepublica.com\/index.php\/wp-json\/wp\/v2\/posts\/832","targetHints":{"allow":["GET"]}}],"collection":[{"href":"https:\/\/periodicolarepublica.com\/index.php\/wp-json\/wp\/v2\/posts"}],"about":[{"href":"https:\/\/periodicolarepublica.com\/index.php\/wp-json\/wp\/v2\/types\/post"}],"author":[{"embeddable":true,"href":"https:\/\/periodicolarepublica.com\/index.php\/wp-json\/wp\/v2\/users\/6"}],"replies":[{"embeddable":true,"href":"https:\/\/periodicolarepublica.com\/index.php\/wp-json\/wp\/v2\/comments?post=832"}],"version-history":[{"count":1,"href":"https:\/\/periodicolarepublica.com\/index.php\/wp-json\/wp\/v2\/posts\/832\/revisions"}],"predecessor-version":[{"id":834,"href":"https:\/\/periodicolarepublica.com\/index.php\/wp-json\/wp\/v2\/posts\/832\/revisions\/834"}],"wp:featuredmedia":[{"embeddable":true,"href":"https:\/\/periodicolarepublica.com\/index.php\/wp-json\/wp\/v2\/media\/833"}],"wp:attachment":[{"href":"https:\/\/periodicolarepublica.com\/index.php\/wp-json\/wp\/v2\/media?parent=832"}],"wp:term":[{"taxonomy":"category","embeddable":true,"href":"https:\/\/periodicolarepublica.com\/index.php\/wp-json\/wp\/v2\/categories?post=832"},{"taxonomy":"post_tag","embeddable":true,"href":"https:\/\/periodicolarepublica.com\/index.php\/wp-json\/wp\/v2\/tags?post=832"}],"curies":[{"name":"wp","href":"https:\/\/api.w.org\/{rel}","templated":true}]}}