{"id":835,"date":"2024-05-16T17:57:55","date_gmt":"2024-05-16T15:57:55","guid":{"rendered":"https:\/\/periodicolarepublica.com\/?p=835"},"modified":"2024-05-16T17:57:55","modified_gmt":"2024-05-16T15:57:55","slug":"club-de-villa-francisca-entrega-trofeo-de-campeonato-a-carolina-mejia","status":"publish","type":"post","link":"https:\/\/periodicolarepublica.com\/index.php\/2024\/05\/16\/club-de-villa-francisca-entrega-trofeo-de-campeonato-a-carolina-mejia\/","title":{"rendered":"Club de Villa Francisca entrega trofeo de campeonato a Carolina Mej\u00eda"},"content":{"rendered":"<p>El Club Villa Francisca entreg\u00f3 a la alcaldesa Carolina Mej\u00eda, el trofeo de campe\u00f3n del III Torneo de Baloncesto de Segunda divisi\u00f3n Jos\u00e9 Heredia Castillo (Corporancito) U-25 presuperior del DN, como muestra de agradecimiento por el apoyo brindado al equipo.<\/p>\n<p><img loading=\"lazy\" decoding=\"async\" class=\"alignnone size-medium wp-image-836\" src=\"https:\/\/periodicolarepublica.com\/wp-content\/uploads\/2024\/05\/IMG_20240516_115433-300x229.jpg\" alt=\"\" width=\"300\" height=\"229\" srcset=\"https:\/\/periodicolarepublica.com\/wp-content\/uploads\/2024\/05\/IMG_20240516_115433-300x229.jpg?v=1715875029 300w, https:\/\/periodicolarepublica.com\/wp-content\/uploads\/2024\/05\/IMG_20240516_115433-1024x782.jpg?v=1715875029 1024w, https:\/\/periodicolarepublica.com\/wp-content\/uploads\/2024\/05\/IMG_20240516_115433-768x587.jpg?v=1715875029 768w, https:\/\/periodicolarepublica.com\/wp-content\/uploads\/2024\/05\/IMG_20240516_115433-1536x1173.jpg?v=1715875029 1536w, https:\/\/periodicolarepublica.com\/wp-content\/uploads\/2024\/05\/IMG_20240516_115433-2048x1564.jpg?v=1715875029 2048w, https:\/\/periodicolarepublica.com\/wp-content\/uploads\/2024\/05\/IMG_20240516_115433-150x115.jpg?v=1715875029 150w, https:\/\/periodicolarepublica.com\/wp-content\/uploads\/2024\/05\/IMG_20240516_115433-600x458.jpg?v=1715875029 600w, https:\/\/periodicolarepublica.com\/wp-content\/uploads\/2024\/05\/IMG_20240516_115433-696x532.jpg?v=1715875029 696w, https:\/\/periodicolarepublica.com\/wp-content\/uploads\/2024\/05\/IMG_20240516_115433-1392x1063.jpg?v=1715875029 1392w, https:\/\/periodicolarepublica.com\/wp-content\/uploads\/2024\/05\/IMG_20240516_115433-1068x816.jpg?v=1715875029 1068w, https:\/\/periodicolarepublica.com\/wp-content\/uploads\/2024\/05\/IMG_20240516_115433-1920x1467.jpg?v=1715875029 1920w\" sizes=\"auto, (max-width: 300px) 100vw, 300px\" \/><\/p>\n<p>El presidente del club, Rub\u00e9n Mont\u00e9s de Oca, junto a los j\u00f3venes deportistas entregaron el trofeo a Carolina quien emocionada, indic\u00f3 que le destinar\u00e1 un lugar especial.<\/p>\n<p>\u00abVenimos a entregarle a la alcaldesa el trofeo obtenido como campe\u00f3n de la segunda divisi\u00f3n de baloncesto en el Distrito Nacional, y como muestra de agradecimiento por el apoyo que nos ha dado\u00bb. Los muchachos est\u00e1n m\u00e1s que motivados y contentos. Venir aqu\u00ed es una muestra de agradecimiento\u00bb, indic\u00f3 Mont\u00e9s de Oca.<\/p>\n<p>Carolina Mej\u00eda expres\u00f3 su agradecimiento al recibir al equipo y el trofeo: \u00abEl deporte es fundamental para garantizar una buena salud y promover valores\u00bb.<\/p>\n<p>Dirigi\u00e9ndose a los j\u00f3venes presentes, Mej\u00eda destac\u00f3 la importancia de llevar una cultura de cambio a sus comunidades: \u00abUstedes tienen la posibilidad de transformar no solo a trav\u00e9s del deporte, sino tambi\u00e9n llevando valores a sus hogares. Cada competencia es una oportunidad para ser mejores\u00bb.<\/p>\n<p>Los j\u00f3venes adem\u00e1s entregaron a la alcaldesa una chaqueta del equipo como s\u00edmbolo de reconocimiento y agradecimiento por su apoyo.<\/p>\n<p>Estuvieron presentes el asesor deportivo Cristian Pimentel, el gerente del equipo Darwin F\u00e9lix, el asistente a dirigente Roberto Tamarez, el masajista y preparador f\u00edsico Jean Carlos Quesada, y Rahames Paulino, asesor t\u00e9cnico de la regi\u00f3n 15-00 del Ministerio de Educaci\u00f3n.<\/p>\n","protected":false},"excerpt":{"rendered":"<p>El Club Villa Francisca entreg\u00f3 a la alcaldesa Carolina Mej\u00eda, el trofeo de campe\u00f3n del III Torneo de Baloncesto de Segunda divisi\u00f3n Jos\u00e9 Heredia Castillo (Corporancito) U-25 presuperior del DN, como muestra de agradecimiento por el apoyo brindado al equipo. El presidente del club, Rub\u00e9n Mont\u00e9s de Oca, junto a los j\u00f3venes deportistas entregaron el [&hellip;]<\/p>\n","protected":false},"author":6,"featured_media":836,"comment_status":"open","ping_status":"open","sticky":false,"template":"","format":"standard","meta":{"om_disable_all_campaigns":false,"_monsterinsights_skip_tracking":false,"_monsterinsights_sitenote_active":false,"_monsterinsights_sitenote_note":"","_monsterinsights_sitenote_category":0,"footnotes":""},"categories":[21],"tags":[],"class_list":{"0":"post-835","1":"post","2":"type-post","3":"status-publish","4":"format-standard","5":"has-post-thumbnail","7":"category-deporte"},"aioseo_notices":[],"_links":{"self":[{"href":"https:\/\/periodicolarepublica.com\/index.php\/wp-json\/wp\/v2\/posts\/835","targetHints":{"allow":["GET"]}}],"collection":[{"href":"https:\/\/periodicolarepublica.com\/index.php\/wp-json\/wp\/v2\/posts"}],"about":[{"href":"https:\/\/periodicolarepublica.com\/index.php\/wp-json\/wp\/v2\/types\/post"}],"author":[{"embeddable":true,"href":"https:\/\/periodicolarepublica.com\/index.php\/wp-json\/wp\/v2\/users\/6"}],"replies":[{"embeddable":true,"href":"https:\/\/periodicolarepublica.com\/index.php\/wp-json\/wp\/v2\/comments?post=835"}],"version-history":[{"count":1,"href":"https:\/\/periodicolarepublica.com\/index.php\/wp-json\/wp\/v2\/posts\/835\/revisions"}],"predecessor-version":[{"id":837,"href":"https:\/\/periodicolarepublica.com\/index.php\/wp-json\/wp\/v2\/posts\/835\/revisions\/837"}],"wp:featuredmedia":[{"embeddable":true,"href":"https:\/\/periodicolarepublica.com\/index.php\/wp-json\/wp\/v2\/media\/836"}],"wp:attachment":[{"href":"https:\/\/periodicolarepublica.com\/index.php\/wp-json\/wp\/v2\/media?parent=835"}],"wp:term":[{"taxonomy":"category","embeddable":true,"href":"https:\/\/periodicolarepublica.com\/index.php\/wp-json\/wp\/v2\/categories?post=835"},{"taxonomy":"post_tag","embeddable":true,"href":"https:\/\/periodicolarepublica.com\/index.php\/wp-json\/wp\/v2\/tags?post=835"}],"curies":[{"name":"wp","href":"https:\/\/api.w.org\/{rel}","templated":true}]}}