{"id":839,"date":"2024-05-20T16:26:57","date_gmt":"2024-05-20T14:26:57","guid":{"rendered":"https:\/\/periodicolarepublica.com\/?p=839"},"modified":"2024-05-20T16:26:57","modified_gmt":"2024-05-20T14:26:57","slug":"el-presidente-del-movimiento-poder-pal-pueblo-el-ing-tomas-hernandez-alberto-felicita-al-presidente-luis-abinader","status":"publish","type":"post","link":"https:\/\/periodicolarepublica.com\/index.php\/2024\/05\/20\/el-presidente-del-movimiento-poder-pal-pueblo-el-ing-tomas-hernandez-alberto-felicita-al-presidente-luis-abinader\/","title":{"rendered":"El presidente del Movimiento Poder PA&#8217;L Pueblo, el Ing. Tom\u00e1s Hern\u00e1ndez Alberto, felicita al presidente Luis Abinader"},"content":{"rendered":"\r\n<p><img loading=\"lazy\" decoding=\"async\" class=\"size-medium wp-image-556 alignright\" src=\"https:\/\/periodicolarepublica.com\/wp-content\/uploads\/2024\/04\/FB_IMG_1705413389194-300x300.jpg\" alt=\"\" width=\"300\" height=\"300\" srcset=\"https:\/\/periodicolarepublica.com\/wp-content\/uploads\/2024\/04\/FB_IMG_1705413389194-300x300.jpg?v=1715379802 300w, https:\/\/periodicolarepublica.com\/wp-content\/uploads\/2024\/04\/FB_IMG_1705413389194-150x150.jpg?v=1715379802 150w, https:\/\/periodicolarepublica.com\/wp-content\/uploads\/2024\/04\/FB_IMG_1705413389194-600x600.jpg?v=1715379802 600w, https:\/\/periodicolarepublica.com\/wp-content\/uploads\/2024\/04\/FB_IMG_1705413389194-696x696.jpg?v=1715379802 696w, https:\/\/periodicolarepublica.com\/wp-content\/uploads\/2024\/04\/FB_IMG_1705413389194.jpg?v=1715379802 768w\" sizes=\"auto, (max-width: 300px) 100vw, 300px\" \/><br \/><br \/>El presidente del Movimiento Poder PA&#8217;L Pueblo, el Ing. Tom\u00e1s Hern\u00e1ndez Alberto, felicita al presidente Luis Abinader y al Partido Revolucionario Moderno (PRM) por su arrolladora victoria en las elecciones presidenciales y congresuales. Asimismo, extiende sus felicitaciones a todos los aliados que contribuyeron a este triunfo hist\u00f3rico. <br \/><br \/>El Ing. Tom\u00e1s Hern\u00e1ndez Alberto expresa su reconocimiento al presidente Abinader por su liderazgo y su compromiso con el cambio que tanto anhelan los dominicanos. Durante la campa\u00f1a electoral, el presidente Abinader present\u00f3 una visi\u00f3n clara y concreta para el pa\u00eds, enfocada en impulsar el desarrollo econ\u00f3mico, fortalecer las instituciones democr\u00e1ticas y promover la equidad social. <br \/><br \/>El Movimiento Poder PA&#8217;L Pueblo se enorgullece de haber respaldado la candidatura del presidente Abinader y de haber sido parte activa de esta contundente victoria. El Movimiento reafirma su compromiso de continuar trabajando junto al Gobierno y a todos los sectores de la sociedad dominicana para profundizar el cambio y lograr un pa\u00eds m\u00e1s pr\u00f3spero y justo para todos. <br \/><br \/>El Ing. Tom\u00e1s Hern\u00e1ndez Alberto destaca la importancia de la unidad y el trabajo conjunto para enfrentar los desaf\u00edos que a\u00fan persisten en la naci\u00f3n. Hace un llamado a todos los dominicanos a sumarse a este proceso de transformaci\u00f3n, aportando ideas, propuestas y participando activamente en la construcci\u00f3n de un futuro mejor. <br \/><br \/>El presidente del Movimiento Poder PA&#8217;L Pueblo concluye su mensaje con un mensaje de optimismo y esperanza para todos los dominicanos, reafirmando su confianza en que, con el liderazgo del presidente Abinader y el compromiso de toda la sociedad, se alcanzar\u00e1n grandes logros en beneficio de la naci\u00f3n.<\/p>\r\n","protected":false},"excerpt":{"rendered":"<p>El presidente del Movimiento Poder PA&#8217;L Pueblo, el Ing. Tom\u00e1s Hern\u00e1ndez Alberto, felicita al presidente Luis Abinader y al Partido Revolucionario Moderno (PRM) por su arrolladora victoria en las elecciones presidenciales y congresuales. Asimismo, extiende sus felicitaciones a todos los aliados que contribuyeron a este triunfo hist\u00f3rico. El Ing. Tom\u00e1s Hern\u00e1ndez Alberto expresa su reconocimiento [&hellip;]<\/p>\n","protected":false},"author":6,"featured_media":556,"comment_status":"open","ping_status":"open","sticky":false,"template":"","format":"standard","meta":{"om_disable_all_campaigns":false,"_monsterinsights_skip_tracking":false,"_monsterinsights_sitenote_active":false,"_monsterinsights_sitenote_note":"","_monsterinsights_sitenote_category":0,"footnotes":""},"categories":[1],"tags":[164,163],"class_list":{"0":"post-839","1":"post","2":"type-post","3":"status-publish","4":"format-standard","5":"has-post-thumbnail","7":"category-nacionales","8":"tag-movimiento-poder-pal-pueblo","9":"tag-tomas-hernandez-alberto"},"aioseo_notices":[],"_links":{"self":[{"href":"https:\/\/periodicolarepublica.com\/index.php\/wp-json\/wp\/v2\/posts\/839","targetHints":{"allow":["GET"]}}],"collection":[{"href":"https:\/\/periodicolarepublica.com\/index.php\/wp-json\/wp\/v2\/posts"}],"about":[{"href":"https:\/\/periodicolarepublica.com\/index.php\/wp-json\/wp\/v2\/types\/post"}],"author":[{"embeddable":true,"href":"https:\/\/periodicolarepublica.com\/index.php\/wp-json\/wp\/v2\/users\/6"}],"replies":[{"embeddable":true,"href":"https:\/\/periodicolarepublica.com\/index.php\/wp-json\/wp\/v2\/comments?post=839"}],"version-history":[{"count":2,"href":"https:\/\/periodicolarepublica.com\/index.php\/wp-json\/wp\/v2\/posts\/839\/revisions"}],"predecessor-version":[{"id":843,"href":"https:\/\/periodicolarepublica.com\/index.php\/wp-json\/wp\/v2\/posts\/839\/revisions\/843"}],"wp:featuredmedia":[{"embeddable":true,"href":"https:\/\/periodicolarepublica.com\/index.php\/wp-json\/wp\/v2\/media\/556"}],"wp:attachment":[{"href":"https:\/\/periodicolarepublica.com\/index.php\/wp-json\/wp\/v2\/media?parent=839"}],"wp:term":[{"taxonomy":"category","embeddable":true,"href":"https:\/\/periodicolarepublica.com\/index.php\/wp-json\/wp\/v2\/categories?post=839"},{"taxonomy":"post_tag","embeddable":true,"href":"https:\/\/periodicolarepublica.com\/index.php\/wp-json\/wp\/v2\/tags?post=839"}],"curies":[{"name":"wp","href":"https:\/\/api.w.org\/{rel}","templated":true}]}}