{"id":842,"date":"2024-05-22T21:04:09","date_gmt":"2024-05-22T19:04:09","guid":{"rendered":"https:\/\/periodicolarepublica.com\/?p=842"},"modified":"2024-05-22T21:05:42","modified_gmt":"2024-05-22T19:05:42","slug":"ministro-de-salud-publica-recuerda-a-la-poblacion-mantener-medidas-preventivas-ante-el-dengue","status":"publish","type":"post","link":"https:\/\/periodicolarepublica.com\/index.php\/2024\/05\/22\/ministro-de-salud-publica-recuerda-a-la-poblacion-mantener-medidas-preventivas-ante-el-dengue\/","title":{"rendered":"Ministro de Salud P\u00fablica recuerda a la poblaci\u00f3n mantener medidas preventivas"},"content":{"rendered":"\r\n<p><img loading=\"lazy\" decoding=\"async\" class=\"size-medium wp-image-585 alignright\" src=\"https:\/\/periodicolarepublica.com\/wp-content\/uploads\/2024\/04\/IMG-20240409-WA0298-300x212.jpg\" alt=\"\" width=\"300\" height=\"212\" srcset=\"https:\/\/periodicolarepublica.com\/wp-content\/uploads\/2024\/04\/IMG-20240409-WA0298-300x212.jpg?v=1715379799 300w, https:\/\/periodicolarepublica.com\/wp-content\/uploads\/2024\/04\/IMG-20240409-WA0298-768x544.jpg?v=1715379799 768w, https:\/\/periodicolarepublica.com\/wp-content\/uploads\/2024\/04\/IMG-20240409-WA0298-150x106.jpg?v=1715379799 150w, https:\/\/periodicolarepublica.com\/wp-content\/uploads\/2024\/04\/IMG-20240409-WA0298-600x425.jpg?v=1715379799 600w, https:\/\/periodicolarepublica.com\/wp-content\/uploads\/2024\/04\/IMG-20240409-WA0298-696x493.jpg?v=1715379799 696w, https:\/\/periodicolarepublica.com\/wp-content\/uploads\/2024\/04\/IMG-20240409-WA0298-100x70.jpg?v=1715379799 100w, https:\/\/periodicolarepublica.com\/wp-content\/uploads\/2024\/04\/IMG-20240409-WA0298-200x140.jpg?v=1715379799 200w, https:\/\/periodicolarepublica.com\/wp-content\/uploads\/2024\/04\/IMG-20240409-WA0298.jpg?v=1715379799 939w\" sizes=\"auto, (max-width: 300px) 100vw, 300px\" \/><img loading=\"lazy\" decoding=\"async\" class=\"size-medium wp-image-590 alignright\" src=\"https:\/\/periodicolarepublica.com\/wp-content\/uploads\/2024\/04\/unnamed-file-300x200.jpg\" alt=\"\" width=\"300\" height=\"200\" srcset=\"https:\/\/periodicolarepublica.com\/wp-content\/uploads\/2024\/04\/unnamed-file-300x200.jpg?v=1715379799 300w, https:\/\/periodicolarepublica.com\/wp-content\/uploads\/2024\/04\/unnamed-file-1024x683.jpg?v=1715379799 1024w, https:\/\/periodicolarepublica.com\/wp-content\/uploads\/2024\/04\/unnamed-file-768x512.jpg?v=1715379799 768w, https:\/\/periodicolarepublica.com\/wp-content\/uploads\/2024\/04\/unnamed-file-150x100.jpg?v=1715379799 150w, https:\/\/periodicolarepublica.com\/wp-content\/uploads\/2024\/04\/unnamed-file-600x400.jpg?v=1715379799 600w, https:\/\/periodicolarepublica.com\/wp-content\/uploads\/2024\/04\/unnamed-file-696x464.jpg?v=1715379799 696w, https:\/\/periodicolarepublica.com\/wp-content\/uploads\/2024\/04\/unnamed-file-1068x712.jpg?v=1715379799 1068w, https:\/\/periodicolarepublica.com\/wp-content\/uploads\/2024\/04\/unnamed-file.jpg?v=1715379799 1080w\" sizes=\"auto, (max-width: 300px) 100vw, 300px\" \/>El Dr. V\u00edctor Atallah, Ministro de Salud P\u00fablica, hizo un llamado a la poblaci\u00f3n a no bajar la guardia en la prevenci\u00f3n del Dengue, a pesar de los importantes avances y \u00e9xitos logrados en la reducci\u00f3n de casos en los \u00faltimos a\u00f1os. <br \/><br \/>Durante la temporada de lluvias, el Ministro record\u00f3 la importancia de mantener las medidas preventivas como eliminar los criaderos de mosquitos, usar repelente y tomar otras acciones para evitar la propagaci\u00f3n del Dengue. <br \/><br \/>\u00abHemos logrado grandes avances en la prevenci\u00f3n y control del Dengue, pero debemos mantener nuestros esfuerzos, sobre todo en esta \u00e9poca de lluvias cuando es m\u00e1s propicia la proliferaci\u00f3n del mosquito transmisor\u00bb, afirm\u00f3 el Dr. Atallah.<\/p>\r\n","protected":false},"excerpt":{"rendered":"<p>El Dr. V\u00edctor Atallah, Ministro de Salud P\u00fablica, hizo un llamado a la poblaci\u00f3n a no bajar la guardia en la prevenci\u00f3n del Dengue, a pesar de los importantes avances y \u00e9xitos logrados en la reducci\u00f3n de casos en los \u00faltimos a\u00f1os. Durante la temporada de lluvias, el Ministro record\u00f3 la importancia de mantener las [&hellip;]<\/p>\n","protected":false},"author":6,"featured_media":590,"comment_status":"open","ping_status":"open","sticky":false,"template":"","format":"standard","meta":{"om_disable_all_campaigns":false,"_monsterinsights_skip_tracking":false,"_monsterinsights_sitenote_active":false,"_monsterinsights_sitenote_note":"","_monsterinsights_sitenote_category":0,"footnotes":""},"categories":[1],"tags":[159],"class_list":{"0":"post-842","1":"post","2":"type-post","3":"status-publish","4":"format-standard","5":"has-post-thumbnail","7":"category-nacionales","8":"tag-ministro-de-salud-publica-victor-atallah"},"aioseo_notices":[],"_links":{"self":[{"href":"https:\/\/periodicolarepublica.com\/index.php\/wp-json\/wp\/v2\/posts\/842","targetHints":{"allow":["GET"]}}],"collection":[{"href":"https:\/\/periodicolarepublica.com\/index.php\/wp-json\/wp\/v2\/posts"}],"about":[{"href":"https:\/\/periodicolarepublica.com\/index.php\/wp-json\/wp\/v2\/types\/post"}],"author":[{"embeddable":true,"href":"https:\/\/periodicolarepublica.com\/index.php\/wp-json\/wp\/v2\/users\/6"}],"replies":[{"embeddable":true,"href":"https:\/\/periodicolarepublica.com\/index.php\/wp-json\/wp\/v2\/comments?post=842"}],"version-history":[{"count":3,"href":"https:\/\/periodicolarepublica.com\/index.php\/wp-json\/wp\/v2\/posts\/842\/revisions"}],"predecessor-version":[{"id":856,"href":"https:\/\/periodicolarepublica.com\/index.php\/wp-json\/wp\/v2\/posts\/842\/revisions\/856"}],"wp:featuredmedia":[{"embeddable":true,"href":"https:\/\/periodicolarepublica.com\/index.php\/wp-json\/wp\/v2\/media\/590"}],"wp:attachment":[{"href":"https:\/\/periodicolarepublica.com\/index.php\/wp-json\/wp\/v2\/media?parent=842"}],"wp:term":[{"taxonomy":"category","embeddable":true,"href":"https:\/\/periodicolarepublica.com\/index.php\/wp-json\/wp\/v2\/categories?post=842"},{"taxonomy":"post_tag","embeddable":true,"href":"https:\/\/periodicolarepublica.com\/index.php\/wp-json\/wp\/v2\/tags?post=842"}],"curies":[{"name":"wp","href":"https:\/\/api.w.org\/{rel}","templated":true}]}}