{"id":847,"date":"2024-05-20T18:22:35","date_gmt":"2024-05-20T16:22:35","guid":{"rendered":"https:\/\/periodicolarepublica.com\/?p=847"},"modified":"2024-05-20T18:22:35","modified_gmt":"2024-05-20T16:22:35","slug":"aglojoven-presente-en-elecciones-dominicanas","status":"publish","type":"post","link":"https:\/\/periodicolarepublica.com\/index.php\/2024\/05\/20\/aglojoven-presente-en-elecciones-dominicanas\/","title":{"rendered":"AGLOJOVEN presente en elecciones dominicanas"},"content":{"rendered":"<p>En las reci\u00e9n finalizadas elecciones presidenciales y congresuales de Rep\u00fablica Dominicana, fueron participes una gran comisi\u00f3n de observadores electorales internacionales de la Alianza Global de J\u00f3venes Pol\u00edticos (Aglojoven).<\/p>\n<p style=\"text-align: right;\"><img loading=\"lazy\" decoding=\"async\" class=\"alignnone size-medium wp-image-848\" src=\"https:\/\/periodicolarepublica.com\/wp-content\/uploads\/2024\/05\/IMG-20240520-WA0007-300x225.jpg\" alt=\"\" width=\"300\" height=\"225\" srcset=\"https:\/\/periodicolarepublica.com\/wp-content\/uploads\/2024\/05\/IMG-20240520-WA0007-300x225.jpg?v=1716222054 300w, https:\/\/periodicolarepublica.com\/wp-content\/uploads\/2024\/05\/IMG-20240520-WA0007-1024x768.jpg?v=1716222054 1024w, https:\/\/periodicolarepublica.com\/wp-content\/uploads\/2024\/05\/IMG-20240520-WA0007-768x576.jpg?v=1716222054 768w, https:\/\/periodicolarepublica.com\/wp-content\/uploads\/2024\/05\/IMG-20240520-WA0007-1536x1152.jpg?v=1716222054 1536w, https:\/\/periodicolarepublica.com\/wp-content\/uploads\/2024\/05\/IMG-20240520-WA0007-150x113.jpg?v=1716222054 150w, https:\/\/periodicolarepublica.com\/wp-content\/uploads\/2024\/05\/IMG-20240520-WA0007-600x450.jpg?v=1716222054 600w, https:\/\/periodicolarepublica.com\/wp-content\/uploads\/2024\/05\/IMG-20240520-WA0007-696x522.jpg?v=1716222054 696w, https:\/\/periodicolarepublica.com\/wp-content\/uploads\/2024\/05\/IMG-20240520-WA0007-1392x1044.jpg?v=1716222054 1392w, https:\/\/periodicolarepublica.com\/wp-content\/uploads\/2024\/05\/IMG-20240520-WA0007-1068x801.jpg?v=1716222054 1068w, https:\/\/periodicolarepublica.com\/wp-content\/uploads\/2024\/05\/IMG-20240520-WA0007-265x198.jpg?v=1716222054 265w, https:\/\/periodicolarepublica.com\/wp-content\/uploads\/2024\/05\/IMG-20240520-WA0007-530x396.jpg?v=1716222054 530w, https:\/\/periodicolarepublica.com\/wp-content\/uploads\/2024\/05\/IMG-20240520-WA0007.jpg?v=1716222054 1600w\" sizes=\"auto, (max-width: 300px) 100vw, 300px\" \/><!--more--><\/p>\n<p>Los observadores internacionales provenientes\u00a0 de diferentes paises como Colombia, Guatemala, M\u00e9xico, Honduras, Costa Rica, Ecuador estuvieron presentes en cada momento de los comicios, ademas de participar en otras actividades.<\/p>\n<p>Los integrantes de Aglojoven, compartieron con el grupo de medios La Rep\u00fablica TV y parte directiva de su peri\u00f3dico digital, donde dieron detalles sobre sus experiencias en este tiempo de sufragio en Rep\u00fablica Dominicana.<\/p>\n<p>Aglojoven una organizaci\u00f3n ya conocida, conformada por j\u00f3venes y es dedicada a la observaci\u00f3n para el fortalecimiento de la democracia donde participan.<\/p>\n<p>La delegaci\u00f3n cont\u00f3 con Evony Suazo por Rep\u00fablica Dominicana, David Berts y otros integrantes de diferentes nacionalidades compartieron con Hanfiel Polanco, Felix Cepeda y M\u00e1ximo Mi\u00f1oso, a quienes le concedieron entrevistas.<\/p>\n<p>&nbsp;<\/p>\n","protected":false},"excerpt":{"rendered":"<p>En las reci\u00e9n finalizadas elecciones presidenciales y congresuales de Rep\u00fablica Dominicana, fueron participes una gran comisi\u00f3n de observadores electorales internacionales de la Alianza Global de J\u00f3venes Pol\u00edticos (Aglojoven).<\/p>\n","protected":false},"author":1,"featured_media":848,"comment_status":"open","ping_status":"open","sticky":false,"template":"","format":"standard","meta":{"om_disable_all_campaigns":false,"_monsterinsights_skip_tracking":false,"_monsterinsights_sitenote_active":false,"_monsterinsights_sitenote_note":"","_monsterinsights_sitenote_category":0,"footnotes":""},"categories":[127],"tags":[199,200],"class_list":{"0":"post-847","1":"post","2":"type-post","3":"status-publish","4":"format-standard","5":"has-post-thumbnail","7":"category-politica","8":"tag-aglojoven","9":"tag-observador-internacional"},"aioseo_notices":[],"_links":{"self":[{"href":"https:\/\/periodicolarepublica.com\/index.php\/wp-json\/wp\/v2\/posts\/847","targetHints":{"allow":["GET"]}}],"collection":[{"href":"https:\/\/periodicolarepublica.com\/index.php\/wp-json\/wp\/v2\/posts"}],"about":[{"href":"https:\/\/periodicolarepublica.com\/index.php\/wp-json\/wp\/v2\/types\/post"}],"author":[{"embeddable":true,"href":"https:\/\/periodicolarepublica.com\/index.php\/wp-json\/wp\/v2\/users\/1"}],"replies":[{"embeddable":true,"href":"https:\/\/periodicolarepublica.com\/index.php\/wp-json\/wp\/v2\/comments?post=847"}],"version-history":[{"count":1,"href":"https:\/\/periodicolarepublica.com\/index.php\/wp-json\/wp\/v2\/posts\/847\/revisions"}],"predecessor-version":[{"id":849,"href":"https:\/\/periodicolarepublica.com\/index.php\/wp-json\/wp\/v2\/posts\/847\/revisions\/849"}],"wp:featuredmedia":[{"embeddable":true,"href":"https:\/\/periodicolarepublica.com\/index.php\/wp-json\/wp\/v2\/media\/848"}],"wp:attachment":[{"href":"https:\/\/periodicolarepublica.com\/index.php\/wp-json\/wp\/v2\/media?parent=847"}],"wp:term":[{"taxonomy":"category","embeddable":true,"href":"https:\/\/periodicolarepublica.com\/index.php\/wp-json\/wp\/v2\/categories?post=847"},{"taxonomy":"post_tag","embeddable":true,"href":"https:\/\/periodicolarepublica.com\/index.php\/wp-json\/wp\/v2\/tags?post=847"}],"curies":[{"name":"wp","href":"https:\/\/api.w.org\/{rel}","templated":true}]}}