{"id":850,"date":"2024-05-21T16:03:36","date_gmt":"2024-05-21T14:03:36","guid":{"rendered":"https:\/\/periodicolarepublica.com\/?p=850"},"modified":"2024-05-21T16:03:36","modified_gmt":"2024-05-21T14:03:36","slug":"adn-retira-propaganda-politica-de-las-calles-del-distrito-nacional","status":"publish","type":"post","link":"https:\/\/periodicolarepublica.com\/index.php\/2024\/05\/21\/adn-retira-propaganda-politica-de-las-calles-del-distrito-nacional\/","title":{"rendered":"ADN retira propaganda pol\u00edtica de las calles del Distrito Nacional"},"content":{"rendered":"<blockquote>\n<p style=\"text-align: left;\">\n<p style=\"text-align: left;\">La Alcald\u00eda del Distrito Nacional contin\u00faa la jornada de retiro de afiches, letreros y todo tipo de propaganda pol\u00edtica colocada en \u00e1rboles, postes y alambres del tendido el\u00e9ctrico, as\u00ed como en otros espacios p\u00fablicos, despu\u00e9s de las elecciones presidenciales y congresuales. Este operativo, que se extender\u00e1 por las tres circunscripciones de la capital, tiene como objetivo reducir la contaminaci\u00f3n visual en la ciudad.<\/p>\n<p style=\"text-align: left;\"><img loading=\"lazy\" decoding=\"async\" class=\"alignnone size-medium wp-image-851\" src=\"https:\/\/periodicolarepublica.com\/wp-content\/uploads\/2024\/05\/IMG-20240521-WA0002-225x300.jpg\" alt=\"\" width=\"225\" height=\"300\" srcset=\"https:\/\/periodicolarepublica.com\/wp-content\/uploads\/2024\/05\/IMG-20240521-WA0002-225x300.jpg?v=1716300090 225w, https:\/\/periodicolarepublica.com\/wp-content\/uploads\/2024\/05\/IMG-20240521-WA0002-768x1024.jpg?v=1716300090 768w, https:\/\/periodicolarepublica.com\/wp-content\/uploads\/2024\/05\/IMG-20240521-WA0002-1152x1536.jpg?v=1716300090 1152w, https:\/\/periodicolarepublica.com\/wp-content\/uploads\/2024\/05\/IMG-20240521-WA0002-150x200.jpg?v=1716300090 150w, https:\/\/periodicolarepublica.com\/wp-content\/uploads\/2024\/05\/IMG-20240521-WA0002-300x400.jpg?v=1716300090 300w, https:\/\/periodicolarepublica.com\/wp-content\/uploads\/2024\/05\/IMG-20240521-WA0002-600x800.jpg?v=1716300090 600w, https:\/\/periodicolarepublica.com\/wp-content\/uploads\/2024\/05\/IMG-20240521-WA0002-696x928.jpg?v=1716300090 696w, https:\/\/periodicolarepublica.com\/wp-content\/uploads\/2024\/05\/IMG-20240521-WA0002-1068x1424.jpg?v=1716300090 1068w, https:\/\/periodicolarepublica.com\/wp-content\/uploads\/2024\/05\/IMG-20240521-WA0002.jpg?v=1716300090 1200w\" sizes=\"auto, (max-width: 225px) 100vw, 225px\" \/><\/p>\n<p style=\"text-align: left;\">Los trabajos est\u00e1n siendo ejecutados por la Direcci\u00f3n de Defensor\u00eda y Uso del Espacio P\u00fablico del cabildo. En La Circunscripci\u00f3n n\u00famero uno, se han retirado afiches las principales avenidas, incluyendo la Winston Churchill, Abraham Lincoln, Jim\u00e9nez Moya, y sectores como el 30 de Mayo y el Invi. Trabajos similares se han realizado en Villa Juana, Villa Consuelo, 24 de abril, Sim\u00f3n Bol\u00edvar y la avenida Francisco del Rosario S\u00e1nchez.<\/p>\n<p style=\"text-align: left;\">Adem\u00e1s, el retiro de afiches se ha llevado a cabo simult\u00e1neamente en sectores como Villa Francisca, Mar\u00eda Auxiliadora, Manganagua, Las Praderas, Los Prados y Bella Vista. La Direcci\u00f3n de Defensor\u00eda y Uso del Espacio P\u00fablico cuenta con una programaci\u00f3n completa de las avenidas y barrios a intervenir, asegurando que, en el menor tiempo posible, la ciudad quede libre de contaminaci\u00f3n visual.<\/p>\n<p style=\"text-align: left;\">Antes de las elecciones, la alcald\u00eda envi\u00f3 un comunicado a los partidos pol\u00edticos solicitando evitar la colocaci\u00f3n de propaganda en espacios no autorizados. La alcaldesa Carolina Mej\u00eda reiter\u00f3 la importancia de mantener la ciudad limpia y ordenada, e inst\u00f3 a los partidos pol\u00edticos a colaborar con estas medidas. \u201cNuestro compromiso es preservar el espacio p\u00fablico y el medio ambiente, asegurando que Santo Domingo se mantenga en condiciones \u00f3ptimas para todos\u201d, expres\u00f3.<\/p>\n<p style=\"text-align: left;\">La no colocaci\u00f3n y retiro de propaganda pol\u00edtica est\u00e1 establecido en las disposiciones legales contempladas en el reglamento de la ley 33-18 de partidos, agrupaciones y movimientos pol\u00edticos, as\u00ed como en la ley 176-07 del Distrito Nacional y los municipios, que establece las competencias del ayuntamiento en la gesti\u00f3n del espacio p\u00fablico y la preservaci\u00f3n del patrimonio hist\u00f3rico y cultural.<\/p>\n<\/blockquote>\n","protected":false},"excerpt":{"rendered":"<p>La Alcald\u00eda del Distrito Nacional contin\u00faa la jornada de retiro de afiches, letreros y todo tipo de propaganda pol\u00edtica colocada en \u00e1rboles, postes y alambres del tendido el\u00e9ctrico, as\u00ed como en otros espacios p\u00fablicos, despu\u00e9s de las elecciones presidenciales y congresuales. Este operativo, que se extender\u00e1 por las tres circunscripciones de la capital, tiene como [&hellip;]<\/p>\n","protected":false},"author":6,"featured_media":851,"comment_status":"open","ping_status":"open","sticky":false,"template":"","format":"standard","meta":{"om_disable_all_campaigns":false,"_monsterinsights_skip_tracking":false,"_monsterinsights_sitenote_active":false,"_monsterinsights_sitenote_note":"","_monsterinsights_sitenote_category":0,"footnotes":""},"categories":[1],"tags":[187,122,201],"class_list":{"0":"post-850","1":"post","2":"type-post","3":"status-publish","4":"format-standard","5":"has-post-thumbnail","7":"category-nacionales","8":"tag-basura","9":"tag-elecciones","10":"tag-propaganda"},"aioseo_notices":[],"_links":{"self":[{"href":"https:\/\/periodicolarepublica.com\/index.php\/wp-json\/wp\/v2\/posts\/850","targetHints":{"allow":["GET"]}}],"collection":[{"href":"https:\/\/periodicolarepublica.com\/index.php\/wp-json\/wp\/v2\/posts"}],"about":[{"href":"https:\/\/periodicolarepublica.com\/index.php\/wp-json\/wp\/v2\/types\/post"}],"author":[{"embeddable":true,"href":"https:\/\/periodicolarepublica.com\/index.php\/wp-json\/wp\/v2\/users\/6"}],"replies":[{"embeddable":true,"href":"https:\/\/periodicolarepublica.com\/index.php\/wp-json\/wp\/v2\/comments?post=850"}],"version-history":[{"count":1,"href":"https:\/\/periodicolarepublica.com\/index.php\/wp-json\/wp\/v2\/posts\/850\/revisions"}],"predecessor-version":[{"id":852,"href":"https:\/\/periodicolarepublica.com\/index.php\/wp-json\/wp\/v2\/posts\/850\/revisions\/852"}],"wp:featuredmedia":[{"embeddable":true,"href":"https:\/\/periodicolarepublica.com\/index.php\/wp-json\/wp\/v2\/media\/851"}],"wp:attachment":[{"href":"https:\/\/periodicolarepublica.com\/index.php\/wp-json\/wp\/v2\/media?parent=850"}],"wp:term":[{"taxonomy":"category","embeddable":true,"href":"https:\/\/periodicolarepublica.com\/index.php\/wp-json\/wp\/v2\/categories?post=850"},{"taxonomy":"post_tag","embeddable":true,"href":"https:\/\/periodicolarepublica.com\/index.php\/wp-json\/wp\/v2\/tags?post=850"}],"curies":[{"name":"wp","href":"https:\/\/api.w.org\/{rel}","templated":true}]}}