{"id":854,"date":"2024-05-22T21:33:31","date_gmt":"2024-05-22T19:33:31","guid":{"rendered":"https:\/\/periodicolarepublica.com\/?p=854"},"modified":"2024-05-22T21:33:31","modified_gmt":"2024-05-22T19:33:31","slug":"movimiento-poder-pal-pueblo-felicita-a-luis-abinader-y-destaca-su-aporte-de-85-mil-votos-en-las-recientes-elecciones","status":"publish","type":"post","link":"https:\/\/periodicolarepublica.com\/index.php\/2024\/05\/22\/movimiento-poder-pal-pueblo-felicita-a-luis-abinader-y-destaca-su-aporte-de-85-mil-votos-en-las-recientes-elecciones\/","title":{"rendered":"Movimiento Poder Pa&#8217;l Pueblo felicita a Luis Abinader y destaca su aporte de 85 mil votos en las recientes elecciones"},"content":{"rendered":"\r\n<p><img loading=\"lazy\" decoding=\"async\" class=\"size-medium wp-image-514 alignright\" src=\"https:\/\/periodicolarepublica.com\/wp-content\/uploads\/2024\/03\/IMG-20240202-WA0409-300x205.jpg\" alt=\"\" width=\"300\" height=\"205\" srcset=\"https:\/\/periodicolarepublica.com\/wp-content\/uploads\/2024\/03\/IMG-20240202-WA0409-300x205.jpg?v=1715379806 300w, https:\/\/periodicolarepublica.com\/wp-content\/uploads\/2024\/03\/IMG-20240202-WA0409-1024x698.jpg?v=1715379806 1024w, https:\/\/periodicolarepublica.com\/wp-content\/uploads\/2024\/03\/IMG-20240202-WA0409-768x524.jpg?v=1715379806 768w, https:\/\/periodicolarepublica.com\/wp-content\/uploads\/2024\/03\/IMG-20240202-WA0409-150x102.jpg?v=1715379806 150w, https:\/\/periodicolarepublica.com\/wp-content\/uploads\/2024\/03\/IMG-20240202-WA0409-218x150.jpg?v=1715379806 218w, https:\/\/periodicolarepublica.com\/wp-content\/uploads\/2024\/03\/IMG-20240202-WA0409-436x300.jpg?v=1715379806 436w, https:\/\/periodicolarepublica.com\/wp-content\/uploads\/2024\/03\/IMG-20240202-WA0409-600x409.jpg?v=1715379806 600w, https:\/\/periodicolarepublica.com\/wp-content\/uploads\/2024\/03\/IMG-20240202-WA0409-696x475.jpg?v=1715379806 696w, https:\/\/periodicolarepublica.com\/wp-content\/uploads\/2024\/03\/IMG-20240202-WA0409-1068x728.jpg?v=1715379806 1068w, https:\/\/periodicolarepublica.com\/wp-content\/uploads\/2024\/03\/IMG-20240202-WA0409.jpg?v=1715379806 1236w\" sizes=\"auto, (max-width: 300px) 100vw, 300px\" \/>El ingeniero Tom\u00e1s Hern\u00e1ndez Alberto, presidente del Movimiento Poder Pa&#8217;l Pueblo, expres\u00f3 su felicitaci\u00f3n a los miembros del movimiento y a todo el pa\u00eds por los resultados de las recientes elecciones celebradas. En este sentido, destac\u00f3 que el movimiento aport\u00f3 alrededor de 100 mil votos a la victoria de Luis Abinader, quien result\u00f3 electo con el 57% de los votos.<br \/><br \/><br \/>\u00abEstamos muy satisfechos de haber podido contribuir de manera significativa a la elecci\u00f3n del nuevo presidente. Nuestro movimiento trabaj\u00f3 incansablemente para movilizar a nuestros simpatizantes tanto dentro como fuera del pa\u00eds, y nos enorgullece ver que nuestros esfuerzos han dado sus frutos\u00bb, afirm\u00f3 Hern\u00e1ndez Alberto.<br \/><br \/><br \/>El Movimiento Poder Pa&#8217;l Pueblo es una organizaci\u00f3n pol\u00edtica que se ha consolidado como una importante fuerza en la escena electoral dominicana. Con esta victoria, el movimiento reafirma su compromiso de continuar trabajando por el desarrollo y el bienestar de todos los dominicanos.<\/p>\r\n","protected":false},"excerpt":{"rendered":"<p>El ingeniero Tom\u00e1s Hern\u00e1ndez Alberto, presidente del Movimiento Poder Pa&#8217;l Pueblo, expres\u00f3 su felicitaci\u00f3n a los miembros del movimiento y a todo el pa\u00eds por los resultados de las recientes elecciones celebradas. En este sentido, destac\u00f3 que el movimiento aport\u00f3 alrededor de 100 mil votos a la victoria de Luis Abinader, quien result\u00f3 electo con [&hellip;]<\/p>\n","protected":false},"author":6,"featured_media":514,"comment_status":"open","ping_status":"open","sticky":false,"template":"","format":"standard","meta":{"om_disable_all_campaigns":false,"_monsterinsights_skip_tracking":false,"_monsterinsights_sitenote_active":false,"_monsterinsights_sitenote_note":"","_monsterinsights_sitenote_category":0,"footnotes":""},"categories":[1],"tags":[164,163],"class_list":{"0":"post-854","1":"post","2":"type-post","3":"status-publish","4":"format-standard","5":"has-post-thumbnail","7":"category-nacionales","8":"tag-movimiento-poder-pal-pueblo","9":"tag-tomas-hernandez-alberto"},"aioseo_notices":[],"_links":{"self":[{"href":"https:\/\/periodicolarepublica.com\/index.php\/wp-json\/wp\/v2\/posts\/854","targetHints":{"allow":["GET"]}}],"collection":[{"href":"https:\/\/periodicolarepublica.com\/index.php\/wp-json\/wp\/v2\/posts"}],"about":[{"href":"https:\/\/periodicolarepublica.com\/index.php\/wp-json\/wp\/v2\/types\/post"}],"author":[{"embeddable":true,"href":"https:\/\/periodicolarepublica.com\/index.php\/wp-json\/wp\/v2\/users\/6"}],"replies":[{"embeddable":true,"href":"https:\/\/periodicolarepublica.com\/index.php\/wp-json\/wp\/v2\/comments?post=854"}],"version-history":[{"count":2,"href":"https:\/\/periodicolarepublica.com\/index.php\/wp-json\/wp\/v2\/posts\/854\/revisions"}],"predecessor-version":[{"id":859,"href":"https:\/\/periodicolarepublica.com\/index.php\/wp-json\/wp\/v2\/posts\/854\/revisions\/859"}],"wp:featuredmedia":[{"embeddable":true,"href":"https:\/\/periodicolarepublica.com\/index.php\/wp-json\/wp\/v2\/media\/514"}],"wp:attachment":[{"href":"https:\/\/periodicolarepublica.com\/index.php\/wp-json\/wp\/v2\/media?parent=854"}],"wp:term":[{"taxonomy":"category","embeddable":true,"href":"https:\/\/periodicolarepublica.com\/index.php\/wp-json\/wp\/v2\/categories?post=854"},{"taxonomy":"post_tag","embeddable":true,"href":"https:\/\/periodicolarepublica.com\/index.php\/wp-json\/wp\/v2\/tags?post=854"}],"curies":[{"name":"wp","href":"https:\/\/api.w.org\/{rel}","templated":true}]}}