{"id":858,"date":"2024-05-25T18:41:54","date_gmt":"2024-05-25T16:41:54","guid":{"rendered":"https:\/\/periodicolarepublica.com\/?p=858"},"modified":"2024-05-25T18:41:54","modified_gmt":"2024-05-25T16:41:54","slug":"el-papel-clave-del-movimiento-poder-pal-pueblo-en-la-reeleccion-de-abinader","status":"publish","type":"post","link":"https:\/\/periodicolarepublica.com\/index.php\/2024\/05\/25\/el-papel-clave-del-movimiento-poder-pal-pueblo-en-la-reeleccion-de-abinader\/","title":{"rendered":"El papel clave del Movimiento Poder Pa&#8217;l Pueblo en la reelecci\u00f3n de Abinader"},"content":{"rendered":"\r\n<p><img loading=\"lazy\" decoding=\"async\" class=\"size-medium wp-image-897 alignright\" src=\"https:\/\/periodicolarepublica.com\/wp-content\/uploads\/2024\/05\/IMG-20240413-WA0317-300x200.jpg\" alt=\"\" width=\"300\" height=\"200\" srcset=\"https:\/\/periodicolarepublica.com\/wp-content\/uploads\/2024\/05\/IMG-20240413-WA0317-300x200.jpg?v=1716655283 300w, https:\/\/periodicolarepublica.com\/wp-content\/uploads\/2024\/05\/IMG-20240413-WA0317-1024x682.jpg?v=1716655283 1024w, https:\/\/periodicolarepublica.com\/wp-content\/uploads\/2024\/05\/IMG-20240413-WA0317-768x511.jpg?v=1716655283 768w, https:\/\/periodicolarepublica.com\/wp-content\/uploads\/2024\/05\/IMG-20240413-WA0317-150x100.jpg?v=1716655283 150w, https:\/\/periodicolarepublica.com\/wp-content\/uploads\/2024\/05\/IMG-20240413-WA0317-600x399.jpg?v=1716655283 600w, https:\/\/periodicolarepublica.com\/wp-content\/uploads\/2024\/05\/IMG-20240413-WA0317-696x463.jpg?v=1716655283 696w, https:\/\/periodicolarepublica.com\/wp-content\/uploads\/2024\/05\/IMG-20240413-WA0317-1068x711.jpg?v=1716655283 1068w, https:\/\/periodicolarepublica.com\/wp-content\/uploads\/2024\/05\/IMG-20240413-WA0317.jpg?v=1716655283 1080w\" sizes=\"auto, (max-width: 300px) 100vw, 300px\" \/>En las recientes elecciones presidenciales de 2024 en Rep\u00fablica Dominicana, el presidente Luis Abinader fue reelecto para un segundo mandato. Uno de los actores clave que contribuy\u00f3 a este resultado fue el ingeniero Tom\u00e1s Hern\u00e1ndez Alberto y su Movimiento Pol\u00edtico Poder Pa&#8217;l Pueblo. <br \/><br \/>Desde sus inicios, el Movimiento Poder Pa&#8217;l Pueblo se ha caracterizado por su firme defensa de los intereses de las clases populares y trabajadoras del pa\u00eds. Hern\u00e1ndez Alberto, su fundador y principal l\u00edder, es reconocido por su compromiso inquebrantable con la justicia social y el desarrollo equitativo de todas las regiones de Rep\u00fablica Dominicana. <br \/><br \/>Durante la campa\u00f1a electoral, el Movimiento Poder Pa&#8217;l Pueblo jug\u00f3 un papel determinante al movilizar a amplios sectores de la poblaci\u00f3n que se sienten representados por su plataforma pol\u00edtica. Sus llamados a continuar el rumbo iniciado por el gobierno de Abinader, pero profundizando en las reformas sociales y econ\u00f3micas, resonaron con muchos votantes que buscaban un cambio real y tangible en sus condiciones de vida. <br \/><br \/>Pero quiz\u00e1s la mayor contribuci\u00f3n del Movimiento Poder Pa&#8217;l Pueblo fue salir masivamente a las calles en apoyo al presidente Abinader desde los primeros d\u00edas de la campa\u00f1a. Esta demostraci\u00f3n de fuerza y respaldo popular a la figura de Abinader sin duda influy\u00f3 de manera decisiva en el resultado final de los comicios.<\/p>\r\n","protected":false},"excerpt":{"rendered":"<p>En las recientes elecciones presidenciales de 2024 en Rep\u00fablica Dominicana, el presidente Luis Abinader fue reelecto para un segundo mandato. Uno de los actores clave que contribuy\u00f3 a este resultado fue el ingeniero Tom\u00e1s Hern\u00e1ndez Alberto y su Movimiento Pol\u00edtico Poder Pa&#8217;l Pueblo. Desde sus inicios, el Movimiento Poder Pa&#8217;l Pueblo se ha caracterizado por [&hellip;]<\/p>\n","protected":false},"author":6,"featured_media":897,"comment_status":"open","ping_status":"open","sticky":false,"template":"","format":"standard","meta":{"om_disable_all_campaigns":false,"_monsterinsights_skip_tracking":false,"_monsterinsights_sitenote_active":false,"_monsterinsights_sitenote_note":"","_monsterinsights_sitenote_category":0,"footnotes":""},"categories":[1,127],"tags":[164,163],"class_list":{"0":"post-858","1":"post","2":"type-post","3":"status-publish","4":"format-standard","5":"has-post-thumbnail","7":"category-nacionales","8":"category-politica","9":"tag-movimiento-poder-pal-pueblo","10":"tag-tomas-hernandez-alberto"},"aioseo_notices":[],"_links":{"self":[{"href":"https:\/\/periodicolarepublica.com\/index.php\/wp-json\/wp\/v2\/posts\/858","targetHints":{"allow":["GET"]}}],"collection":[{"href":"https:\/\/periodicolarepublica.com\/index.php\/wp-json\/wp\/v2\/posts"}],"about":[{"href":"https:\/\/periodicolarepublica.com\/index.php\/wp-json\/wp\/v2\/types\/post"}],"author":[{"embeddable":true,"href":"https:\/\/periodicolarepublica.com\/index.php\/wp-json\/wp\/v2\/users\/6"}],"replies":[{"embeddable":true,"href":"https:\/\/periodicolarepublica.com\/index.php\/wp-json\/wp\/v2\/comments?post=858"}],"version-history":[{"count":2,"href":"https:\/\/periodicolarepublica.com\/index.php\/wp-json\/wp\/v2\/posts\/858\/revisions"}],"predecessor-version":[{"id":898,"href":"https:\/\/periodicolarepublica.com\/index.php\/wp-json\/wp\/v2\/posts\/858\/revisions\/898"}],"wp:featuredmedia":[{"embeddable":true,"href":"https:\/\/periodicolarepublica.com\/index.php\/wp-json\/wp\/v2\/media\/897"}],"wp:attachment":[{"href":"https:\/\/periodicolarepublica.com\/index.php\/wp-json\/wp\/v2\/media?parent=858"}],"wp:term":[{"taxonomy":"category","embeddable":true,"href":"https:\/\/periodicolarepublica.com\/index.php\/wp-json\/wp\/v2\/categories?post=858"},{"taxonomy":"post_tag","embeddable":true,"href":"https:\/\/periodicolarepublica.com\/index.php\/wp-json\/wp\/v2\/tags?post=858"}],"curies":[{"name":"wp","href":"https:\/\/api.w.org\/{rel}","templated":true}]}}