{"id":860,"date":"2024-05-24T06:20:26","date_gmt":"2024-05-24T04:20:26","guid":{"rendered":"https:\/\/periodicolarepublica.com\/?p=860"},"modified":"2024-05-24T06:20:26","modified_gmt":"2024-05-24T04:20:26","slug":"aracelis-villanueva-recien-electa-al-senado-por-spm-presente-en-actividad-prm","status":"publish","type":"post","link":"https:\/\/periodicolarepublica.com\/index.php\/2024\/05\/24\/aracelis-villanueva-recien-electa-al-senado-por-spm-presente-en-actividad-prm\/","title":{"rendered":"Aracelis Villanueva, reci\u00e9n electa al senado por SPM presente en actividad PRM"},"content":{"rendered":"<p>Aracelis Villanueva Figueroa del Partido Revolucionario Moderno (PRM), realiz\u00f3 acto de presencia en el evento denominado Acci\u00f3n\u00a0 de Gracias encabezado por el presidente de la Rep\u00fablica Luis Abinader junto a la vicepresidenta Raquel Pe\u00f1a, quienes retuvieron sus debidos cargos, para representar el pais.<\/p>\n<p><img loading=\"lazy\" decoding=\"async\" class=\"alignnone size-medium wp-image-862\" src=\"https:\/\/periodicolarepublica.com\/wp-content\/uploads\/2024\/05\/Picsart_24-05-24_00-16-47-677-300x275.jpg\" alt=\"\" width=\"300\" height=\"275\" srcset=\"https:\/\/periodicolarepublica.com\/wp-content\/uploads\/2024\/05\/Picsart_24-05-24_00-16-47-677-300x275.jpg?v=1716524344 300w, https:\/\/periodicolarepublica.com\/wp-content\/uploads\/2024\/05\/Picsart_24-05-24_00-16-47-677-768x704.jpg?v=1716524344 768w, https:\/\/periodicolarepublica.com\/wp-content\/uploads\/2024\/05\/Picsart_24-05-24_00-16-47-677-150x137.jpg?v=1716524344 150w, https:\/\/periodicolarepublica.com\/wp-content\/uploads\/2024\/05\/Picsart_24-05-24_00-16-47-677-600x550.jpg?v=1716524344 600w, https:\/\/periodicolarepublica.com\/wp-content\/uploads\/2024\/05\/Picsart_24-05-24_00-16-47-677-696x638.jpg?v=1716524344 696w, https:\/\/periodicolarepublica.com\/wp-content\/uploads\/2024\/05\/Picsart_24-05-24_00-16-47-677.jpg?v=1716524344 896w\" sizes=\"auto, (max-width: 300px) 100vw, 300px\" \/><\/p>\n<p>&nbsp;<\/p>\n<p>Villanueva, quien recientemente\u00a0 obtuvo la parte gananciosa en los \u00faltimos comicios electorales, que la dieron como nueva senadora de San Pedro de Macor\u00eds. Villanueva le gan\u00f3, con un 62.49%, a Franklin Pe\u00f1a, quien aun es el senador vigente.<\/p>\n<p>El director del medio La Rep\u00fablica, M\u00e1ximo Mi\u00f1oso, la abordo en dicho acto donde conversaron sobre su preparaci\u00f3n para la llegada al Senado, luego de su victoria.<\/p>\n<p>&nbsp;<\/p>\n","protected":false},"excerpt":{"rendered":"<p>Aracelis Villanueva Figueroa del Partido Revolucionario Moderno (PRM), realiz\u00f3 acto de presencia en el evento denominado Acci\u00f3n\u00a0 de Gracias encabezado por el presidente de la Rep\u00fablica Luis Abinader junto a la vicepresidenta Raquel Pe\u00f1a, quienes retuvieron sus debidos cargos, para representar el pais. &nbsp; Villanueva, quien recientemente\u00a0 obtuvo la parte gananciosa en los \u00faltimos comicios [&hellip;]<\/p>\n","protected":false},"author":1,"featured_media":862,"comment_status":"open","ping_status":"open","sticky":false,"template":"","format":"standard","meta":{"om_disable_all_campaigns":false,"_monsterinsights_skip_tracking":false,"_monsterinsights_sitenote_active":false,"_monsterinsights_sitenote_note":"","_monsterinsights_sitenote_category":0,"footnotes":""},"categories":[127],"tags":[202,205,204,203],"class_list":{"0":"post-860","1":"post","2":"type-post","3":"status-publish","4":"format-standard","5":"has-post-thumbnail","7":"category-politica","8":"tag-aracelis-villanueva","9":"tag-pasteles-amable","10":"tag-san-pedro","11":"tag-spm"},"aioseo_notices":[],"_links":{"self":[{"href":"https:\/\/periodicolarepublica.com\/index.php\/wp-json\/wp\/v2\/posts\/860","targetHints":{"allow":["GET"]}}],"collection":[{"href":"https:\/\/periodicolarepublica.com\/index.php\/wp-json\/wp\/v2\/posts"}],"about":[{"href":"https:\/\/periodicolarepublica.com\/index.php\/wp-json\/wp\/v2\/types\/post"}],"author":[{"embeddable":true,"href":"https:\/\/periodicolarepublica.com\/index.php\/wp-json\/wp\/v2\/users\/1"}],"replies":[{"embeddable":true,"href":"https:\/\/periodicolarepublica.com\/index.php\/wp-json\/wp\/v2\/comments?post=860"}],"version-history":[{"count":1,"href":"https:\/\/periodicolarepublica.com\/index.php\/wp-json\/wp\/v2\/posts\/860\/revisions"}],"predecessor-version":[{"id":863,"href":"https:\/\/periodicolarepublica.com\/index.php\/wp-json\/wp\/v2\/posts\/860\/revisions\/863"}],"wp:featuredmedia":[{"embeddable":true,"href":"https:\/\/periodicolarepublica.com\/index.php\/wp-json\/wp\/v2\/media\/862"}],"wp:attachment":[{"href":"https:\/\/periodicolarepublica.com\/index.php\/wp-json\/wp\/v2\/media?parent=860"}],"wp:term":[{"taxonomy":"category","embeddable":true,"href":"https:\/\/periodicolarepublica.com\/index.php\/wp-json\/wp\/v2\/categories?post=860"},{"taxonomy":"post_tag","embeddable":true,"href":"https:\/\/periodicolarepublica.com\/index.php\/wp-json\/wp\/v2\/tags?post=860"}],"curies":[{"name":"wp","href":"https:\/\/api.w.org\/{rel}","templated":true}]}}