{"id":865,"date":"2024-05-24T06:35:43","date_gmt":"2024-05-24T04:35:43","guid":{"rendered":"https:\/\/periodicolarepublica.com\/?p=865"},"modified":"2024-05-24T06:37:16","modified_gmt":"2024-05-24T04:37:16","slug":"presidente-luis-abinader-se-reune-con-abel-martinez","status":"publish","type":"post","link":"https:\/\/periodicolarepublica.com\/index.php\/2024\/05\/24\/presidente-luis-abinader-se-reune-con-abel-martinez\/","title":{"rendered":"Presidente Luis Abinader se re\u00fane con Abel Mart\u00ednez"},"content":{"rendered":"<p>El presidente de la Rep\u00fablica, Luis Abinader Corona, termin\u00f3 reuni\u00e9ndose con el excandidato a la presidencia por el Partido de la Liberaci\u00f3n Dominicana (PLD), Abel Mart\u00ednez.<\/p>\n<p><em><img loading=\"lazy\" decoding=\"async\" class=\"alignnone size-medium wp-image-867\" src=\"https:\/\/periodicolarepublica.com\/wp-content\/uploads\/2024\/05\/IMG_20240524_003329-300x267.jpg\" alt=\"\" width=\"300\" height=\"267\" srcset=\"https:\/\/periodicolarepublica.com\/wp-content\/uploads\/2024\/05\/IMG_20240524_003329-300x267.jpg?v=1716525232 300w, https:\/\/periodicolarepublica.com\/wp-content\/uploads\/2024\/05\/IMG_20240524_003329-1024x912.jpg?v=1716525232 1024w, https:\/\/periodicolarepublica.com\/wp-content\/uploads\/2024\/05\/IMG_20240524_003329-768x684.jpg?v=1716525232 768w, https:\/\/periodicolarepublica.com\/wp-content\/uploads\/2024\/05\/IMG_20240524_003329-150x134.jpg?v=1716525232 150w, https:\/\/periodicolarepublica.com\/wp-content\/uploads\/2024\/05\/IMG_20240524_003329-600x534.jpg?v=1716525232 600w, https:\/\/periodicolarepublica.com\/wp-content\/uploads\/2024\/05\/IMG_20240524_003329-696x620.jpg?v=1716525232 696w, https:\/\/periodicolarepublica.com\/wp-content\/uploads\/2024\/05\/IMG_20240524_003329-1068x951.jpg?v=1716525232 1068w, https:\/\/periodicolarepublica.com\/wp-content\/uploads\/2024\/05\/IMG_20240524_003329.jpg?v=1716525232 1080w\" sizes=\"auto, (max-width: 300px) 100vw, 300px\" \/><\/em><\/p>\n<p>Dicha reuni\u00f3n se habia anunciado primero en las instalaciones de la casa nacional del PLD y termino realiz\u00e1ndose en otro lugar privado, donde compartieron por mas de una hora, y se supo que de los temas tratados eran relacionados a la nueva gesti\u00f3n de gobierno que asumir\u00eda el presidente actual Abinader, dejando abierta las disposiciones que se tengan en bienestar del pa\u00eds.<\/p>\n","protected":false},"excerpt":{"rendered":"<p>El presidente de la Rep\u00fablica, Luis Abinader Corona, termin\u00f3 reuni\u00e9ndose con el excandidato a la presidencia por el Partido de la Liberaci\u00f3n Dominicana (PLD), Abel Mart\u00ednez. Dicha reuni\u00f3n se habia anunciado primero en las instalaciones de la casa nacional del PLD y termino realiz\u00e1ndose en otro lugar privado, donde compartieron por mas de una hora, [&hellip;]<\/p>\n","protected":false},"author":1,"featured_media":867,"comment_status":"open","ping_status":"open","sticky":false,"template":"","format":"standard","meta":{"om_disable_all_campaigns":false,"_monsterinsights_skip_tracking":false,"_monsterinsights_sitenote_active":false,"_monsterinsights_sitenote_note":"","_monsterinsights_sitenote_category":0,"footnotes":""},"categories":[206,127],"tags":[207,85,208],"class_list":{"0":"post-865","1":"post","2":"type-post","3":"status-publish","4":"format-standard","5":"has-post-thumbnail","7":"category-la-republica-del-cibao","8":"category-politica","9":"tag-abel-martinez","10":"tag-luis-abinader","11":"tag-santiago-de-los-caballeros"},"aioseo_notices":[],"_links":{"self":[{"href":"https:\/\/periodicolarepublica.com\/index.php\/wp-json\/wp\/v2\/posts\/865","targetHints":{"allow":["GET"]}}],"collection":[{"href":"https:\/\/periodicolarepublica.com\/index.php\/wp-json\/wp\/v2\/posts"}],"about":[{"href":"https:\/\/periodicolarepublica.com\/index.php\/wp-json\/wp\/v2\/types\/post"}],"author":[{"embeddable":true,"href":"https:\/\/periodicolarepublica.com\/index.php\/wp-json\/wp\/v2\/users\/1"}],"replies":[{"embeddable":true,"href":"https:\/\/periodicolarepublica.com\/index.php\/wp-json\/wp\/v2\/comments?post=865"}],"version-history":[{"count":1,"href":"https:\/\/periodicolarepublica.com\/index.php\/wp-json\/wp\/v2\/posts\/865\/revisions"}],"predecessor-version":[{"id":868,"href":"https:\/\/periodicolarepublica.com\/index.php\/wp-json\/wp\/v2\/posts\/865\/revisions\/868"}],"wp:featuredmedia":[{"embeddable":true,"href":"https:\/\/periodicolarepublica.com\/index.php\/wp-json\/wp\/v2\/media\/867"}],"wp:attachment":[{"href":"https:\/\/periodicolarepublica.com\/index.php\/wp-json\/wp\/v2\/media?parent=865"}],"wp:term":[{"taxonomy":"category","embeddable":true,"href":"https:\/\/periodicolarepublica.com\/index.php\/wp-json\/wp\/v2\/categories?post=865"},{"taxonomy":"post_tag","embeddable":true,"href":"https:\/\/periodicolarepublica.com\/index.php\/wp-json\/wp\/v2\/tags?post=865"}],"curies":[{"name":"wp","href":"https:\/\/api.w.org\/{rel}","templated":true}]}}