{"id":869,"date":"2024-05-24T06:43:26","date_gmt":"2024-05-24T04:43:26","guid":{"rendered":"https:\/\/periodicolarepublica.com\/?p=869"},"modified":"2024-05-24T06:43:26","modified_gmt":"2024-05-24T04:43:26","slug":"documental-aqui-estamos-disponible-en-fine-arts-de-novo-centro","status":"publish","type":"post","link":"https:\/\/periodicolarepublica.com\/index.php\/2024\/05\/24\/documental-aqui-estamos-disponible-en-fine-arts-de-novo-centro\/","title":{"rendered":"Documental \u00abAqu\u00ed Estamos\u00bb disponible en Fine Arts de Novo Centro"},"content":{"rendered":"<p style=\"text-align: left;\">El esperado documental \u00abAqu\u00ed Estamos\u00bb se estrena hoy, para todo el p\u00fablico en Fine Arts de Novo Centro. La pel\u00edcula, que se proyect\u00f3 durante la Muestra de Cine: Hecho en RD de Fine Arts, cont\u00f3 con una asistencia de m\u00e1s de 350 personas, convirti\u00e9ndose en el filme m\u00e1s visto del evento.<\/p>\n<p><img loading=\"lazy\" decoding=\"async\" class=\"alignnone size-medium wp-image-870\" src=\"https:\/\/periodicolarepublica.com\/wp-content\/uploads\/2024\/05\/1080X1350-rosado-2-240x300.png\" alt=\"\" width=\"240\" height=\"300\" srcset=\"https:\/\/periodicolarepublica.com\/wp-content\/uploads\/2024\/05\/1080X1350-rosado-2-240x300.png?v=1716525730 240w, https:\/\/periodicolarepublica.com\/wp-content\/uploads\/2024\/05\/1080X1350-rosado-2-819x1024.png?v=1716525730 819w, https:\/\/periodicolarepublica.com\/wp-content\/uploads\/2024\/05\/1080X1350-rosado-2-768x960.png?v=1716525730 768w, https:\/\/periodicolarepublica.com\/wp-content\/uploads\/2024\/05\/1080X1350-rosado-2-150x188.png?v=1716525730 150w, https:\/\/periodicolarepublica.com\/wp-content\/uploads\/2024\/05\/1080X1350-rosado-2-300x375.png?v=1716525730 300w, https:\/\/periodicolarepublica.com\/wp-content\/uploads\/2024\/05\/1080X1350-rosado-2-600x750.png?v=1716525730 600w, https:\/\/periodicolarepublica.com\/wp-content\/uploads\/2024\/05\/1080X1350-rosado-2-696x870.png?v=1716525730 696w, https:\/\/periodicolarepublica.com\/wp-content\/uploads\/2024\/05\/1080X1350-rosado-2-1068x1335.png?v=1716525730 1068w, https:\/\/periodicolarepublica.com\/wp-content\/uploads\/2024\/05\/1080X1350-rosado-2.png?v=1716525730 1080w\" sizes=\"auto, (max-width: 240px) 100vw, 240px\" \/><\/p>\n<hr \/>\n<p>Una pel\u00edcula de Minervas Producciones en coproducci\u00f3n con las Escuelas de Cine y Comunicaci\u00f3n de la Pontificia Universidad Cat\u00f3lica Madre y Maestra (PUCMM) y el Instituto Tecnol\u00f3gico de Santo Domingo (INTEC). \u00abAqu\u00ed Estamos\u00bb es una obra dirigida por Violeta Lockhart y producida por Alexandra Santana.<\/p>\n","protected":false},"excerpt":{"rendered":"<p>El esperado documental \u00abAqu\u00ed Estamos\u00bb se estrena hoy, para todo el p\u00fablico en Fine Arts de Novo Centro. La pel\u00edcula, que se proyect\u00f3 durante la Muestra de Cine: Hecho en RD de Fine Arts, cont\u00f3 con una asistencia de m\u00e1s de 350 personas, convirti\u00e9ndose en el filme m\u00e1s visto del evento. Una pel\u00edcula de Minervas [&hellip;]<\/p>\n","protected":false},"author":6,"featured_media":870,"comment_status":"open","ping_status":"open","sticky":false,"template":"","format":"standard","meta":{"om_disable_all_campaigns":false,"_monsterinsights_skip_tracking":false,"_monsterinsights_sitenote_active":false,"_monsterinsights_sitenote_note":"","_monsterinsights_sitenote_category":0,"footnotes":""},"categories":[1,165],"tags":[209,189],"class_list":{"0":"post-869","1":"post","2":"type-post","3":"status-publish","4":"format-standard","5":"has-post-thumbnail","7":"category-nacionales","8":"category-sociales","9":"tag-aqui-estamos","10":"tag-cine-dominicano"},"aioseo_notices":[],"_links":{"self":[{"href":"https:\/\/periodicolarepublica.com\/index.php\/wp-json\/wp\/v2\/posts\/869","targetHints":{"allow":["GET"]}}],"collection":[{"href":"https:\/\/periodicolarepublica.com\/index.php\/wp-json\/wp\/v2\/posts"}],"about":[{"href":"https:\/\/periodicolarepublica.com\/index.php\/wp-json\/wp\/v2\/types\/post"}],"author":[{"embeddable":true,"href":"https:\/\/periodicolarepublica.com\/index.php\/wp-json\/wp\/v2\/users\/6"}],"replies":[{"embeddable":true,"href":"https:\/\/periodicolarepublica.com\/index.php\/wp-json\/wp\/v2\/comments?post=869"}],"version-history":[{"count":1,"href":"https:\/\/periodicolarepublica.com\/index.php\/wp-json\/wp\/v2\/posts\/869\/revisions"}],"predecessor-version":[{"id":871,"href":"https:\/\/periodicolarepublica.com\/index.php\/wp-json\/wp\/v2\/posts\/869\/revisions\/871"}],"wp:featuredmedia":[{"embeddable":true,"href":"https:\/\/periodicolarepublica.com\/index.php\/wp-json\/wp\/v2\/media\/870"}],"wp:attachment":[{"href":"https:\/\/periodicolarepublica.com\/index.php\/wp-json\/wp\/v2\/media?parent=869"}],"wp:term":[{"taxonomy":"category","embeddable":true,"href":"https:\/\/periodicolarepublica.com\/index.php\/wp-json\/wp\/v2\/categories?post=869"},{"taxonomy":"post_tag","embeddable":true,"href":"https:\/\/periodicolarepublica.com\/index.php\/wp-json\/wp\/v2\/tags?post=869"}],"curies":[{"name":"wp","href":"https:\/\/api.w.org\/{rel}","templated":true}]}}