{"id":876,"date":"2024-05-24T17:02:38","date_gmt":"2024-05-24T15:02:38","guid":{"rendered":"https:\/\/periodicolarepublica.com\/?p=876"},"modified":"2024-05-24T17:02:38","modified_gmt":"2024-05-24T15:02:38","slug":"daniel-rivera-ganador-al-senado-por-santiago-presente-en-acto-prm","status":"publish","type":"post","link":"https:\/\/periodicolarepublica.com\/index.php\/2024\/05\/24\/daniel-rivera-ganador-al-senado-por-santiago-presente-en-acto-prm\/","title":{"rendered":"Daniel Rivera ganador al Senado por Santiago presente en acto PRM"},"content":{"rendered":"<p>El reci\u00e9n ganador de la senadur\u00eda por el partido Revolucionario Moderno en Santiago, dijo presente a la actividad de acci\u00f3n de gracias de su partido, el cual conto con la participaci\u00f3n del presidente Luis Abinader y la vicepresidenta Raquel Pe\u00f1a.<\/p>\n<p><img loading=\"lazy\" decoding=\"async\" class=\"aligncenter\" src=\"https:\/\/periodicolarepublica.com\/wp-content\/uploads\/2024\/05\/Picsart_24-05-24_10-54-31-398-300x220.jpg\" alt=\"\" width=\"300\" height=\"220\" \/><\/p>\n<p>&nbsp;<\/p>\n<p>Daniel Rivera quien resulto ganador en la contienda electoral celebrada en los ultimos comicios, alcanzando una alta puntuaci\u00f3n.<\/p>\n<p>El nuevo senador por el partido revolucionario moderno (PRM), Daniel Rivera exministro de salud p\u00fablica.<\/p>\n","protected":false},"excerpt":{"rendered":"<p>El reci\u00e9n ganador de la senadur\u00eda por el partido Revolucionario Moderno en Santiago, dijo presente a la actividad de acci\u00f3n de gracias de su partido, el cual conto con la participaci\u00f3n del presidente Luis Abinader y la vicepresidenta Raquel Pe\u00f1a. &nbsp; Daniel Rivera quien resulto ganador en la contienda electoral celebrada en los ultimos comicios, [&hellip;]<\/p>\n","protected":false},"author":1,"featured_media":0,"comment_status":"open","ping_status":"open","sticky":false,"template":"","format":"standard","meta":{"om_disable_all_campaigns":false,"_monsterinsights_skip_tracking":false,"_monsterinsights_sitenote_active":false,"_monsterinsights_sitenote_note":"","_monsterinsights_sitenote_category":0,"footnotes":""},"categories":[206],"tags":[212,28,208],"class_list":{"0":"post-876","1":"post","2":"type-post","3":"status-publish","4":"format-standard","6":"category-la-republica-del-cibao","7":"tag-daniel-rivera","8":"tag-santiago","9":"tag-santiago-de-los-caballeros"},"aioseo_notices":[],"_links":{"self":[{"href":"https:\/\/periodicolarepublica.com\/index.php\/wp-json\/wp\/v2\/posts\/876","targetHints":{"allow":["GET"]}}],"collection":[{"href":"https:\/\/periodicolarepublica.com\/index.php\/wp-json\/wp\/v2\/posts"}],"about":[{"href":"https:\/\/periodicolarepublica.com\/index.php\/wp-json\/wp\/v2\/types\/post"}],"author":[{"embeddable":true,"href":"https:\/\/periodicolarepublica.com\/index.php\/wp-json\/wp\/v2\/users\/1"}],"replies":[{"embeddable":true,"href":"https:\/\/periodicolarepublica.com\/index.php\/wp-json\/wp\/v2\/comments?post=876"}],"version-history":[{"count":1,"href":"https:\/\/periodicolarepublica.com\/index.php\/wp-json\/wp\/v2\/posts\/876\/revisions"}],"predecessor-version":[{"id":878,"href":"https:\/\/periodicolarepublica.com\/index.php\/wp-json\/wp\/v2\/posts\/876\/revisions\/878"}],"wp:attachment":[{"href":"https:\/\/periodicolarepublica.com\/index.php\/wp-json\/wp\/v2\/media?parent=876"}],"wp:term":[{"taxonomy":"category","embeddable":true,"href":"https:\/\/periodicolarepublica.com\/index.php\/wp-json\/wp\/v2\/categories?post=876"},{"taxonomy":"post_tag","embeddable":true,"href":"https:\/\/periodicolarepublica.com\/index.php\/wp-json\/wp\/v2\/tags?post=876"}],"curies":[{"name":"wp","href":"https:\/\/api.w.org\/{rel}","templated":true}]}}