{"id":879,"date":"2024-05-24T17:08:43","date_gmt":"2024-05-24T15:08:43","guid":{"rendered":"https:\/\/periodicolarepublica.com\/?p=879"},"modified":"2024-05-24T17:08:43","modified_gmt":"2024-05-24T15:08:43","slug":"grandes-expectativas-con-monorriel-de-santiago","status":"publish","type":"post","link":"https:\/\/periodicolarepublica.com\/index.php\/2024\/05\/24\/grandes-expectativas-con-monorriel-de-santiago\/","title":{"rendered":"Grandes expectativas con Monorriel de Santiago"},"content":{"rendered":"<p>El esperado Monorriel de Santiago, de los cuales diferentes sectores la poblaci\u00f3n y\u00a0 lugares de trabajo, esperan para poder contrarrestar la problem\u00e1tica del tr\u00e1nsito.<\/p>\n<p><img loading=\"lazy\" decoding=\"async\" class=\"alignnone size-medium wp-image-880\" src=\"https:\/\/periodicolarepublica.com\/wp-content\/uploads\/2024\/05\/DSC4028-scaled-1-300x200.jpg\" alt=\"\" width=\"300\" height=\"200\" srcset=\"https:\/\/periodicolarepublica.com\/wp-content\/uploads\/2024\/05\/DSC4028-scaled-1-300x200.jpg?v=1716563285 300w, https:\/\/periodicolarepublica.com\/wp-content\/uploads\/2024\/05\/DSC4028-scaled-1-1024x683.jpg?v=1716563285 1024w, https:\/\/periodicolarepublica.com\/wp-content\/uploads\/2024\/05\/DSC4028-scaled-1-768x512.jpg?v=1716563285 768w, https:\/\/periodicolarepublica.com\/wp-content\/uploads\/2024\/05\/DSC4028-scaled-1-1536x1024.jpg?v=1716563285 1536w, https:\/\/periodicolarepublica.com\/wp-content\/uploads\/2024\/05\/DSC4028-scaled-1-2048x1366.jpg?v=1716563285 2048w, https:\/\/periodicolarepublica.com\/wp-content\/uploads\/2024\/05\/DSC4028-scaled-1-150x100.jpg?v=1716563285 150w, https:\/\/periodicolarepublica.com\/wp-content\/uploads\/2024\/05\/DSC4028-scaled-1-600x400.jpg?v=1716563285 600w, https:\/\/periodicolarepublica.com\/wp-content\/uploads\/2024\/05\/DSC4028-scaled-1-696x464.jpg?v=1716563285 696w, https:\/\/periodicolarepublica.com\/wp-content\/uploads\/2024\/05\/DSC4028-scaled-1-1392x928.jpg?v=1716563285 1392w, https:\/\/periodicolarepublica.com\/wp-content\/uploads\/2024\/05\/DSC4028-scaled-1-1068x712.jpg?v=1716563285 1068w, https:\/\/periodicolarepublica.com\/wp-content\/uploads\/2024\/05\/DSC4028-scaled-1-1920x1280.jpg?v=1716563285 1920w\" sizes=\"auto, (max-width: 300px) 100vw, 300px\" \/><\/p>\n<p>El proyecto del monorriel, se espera que tenga un impacto a cerca de 500,000 beneficiarios directos, ademas con un promedio de\u00a0 200 mil viajes por d\u00eda, con los siguientes beneficios tales como la reducci\u00f3n en 30% del gasto de transporte, la reducci\u00f3n de 20 minutos del tiempo de recorrido, amento de la productividad y otros.<\/p>\n<p>&nbsp;<\/p>\n<p>&nbsp;<\/p>\n","protected":false},"excerpt":{"rendered":"<p>El esperado Monorriel de Santiago, de los cuales diferentes sectores la poblaci\u00f3n y\u00a0 lugares de trabajo, esperan para poder contrarrestar la problem\u00e1tica del tr\u00e1nsito. El proyecto del monorriel, se espera que tenga un impacto a cerca de 500,000 beneficiarios directos, ademas con un promedio de\u00a0 200 mil viajes por d\u00eda, con los siguientes beneficios tales [&hellip;]<\/p>\n","protected":false},"author":1,"featured_media":880,"comment_status":"open","ping_status":"open","sticky":false,"template":"","format":"standard","meta":{"om_disable_all_campaigns":false,"_monsterinsights_skip_tracking":false,"_monsterinsights_sitenote_active":false,"_monsterinsights_sitenote_note":"","_monsterinsights_sitenote_category":0,"footnotes":""},"categories":[206],"tags":[213,208],"class_list":{"0":"post-879","1":"post","2":"type-post","3":"status-publish","4":"format-standard","5":"has-post-thumbnail","7":"category-la-republica-del-cibao","8":"tag-monorriel","9":"tag-santiago-de-los-caballeros"},"aioseo_notices":[],"_links":{"self":[{"href":"https:\/\/periodicolarepublica.com\/index.php\/wp-json\/wp\/v2\/posts\/879","targetHints":{"allow":["GET"]}}],"collection":[{"href":"https:\/\/periodicolarepublica.com\/index.php\/wp-json\/wp\/v2\/posts"}],"about":[{"href":"https:\/\/periodicolarepublica.com\/index.php\/wp-json\/wp\/v2\/types\/post"}],"author":[{"embeddable":true,"href":"https:\/\/periodicolarepublica.com\/index.php\/wp-json\/wp\/v2\/users\/1"}],"replies":[{"embeddable":true,"href":"https:\/\/periodicolarepublica.com\/index.php\/wp-json\/wp\/v2\/comments?post=879"}],"version-history":[{"count":1,"href":"https:\/\/periodicolarepublica.com\/index.php\/wp-json\/wp\/v2\/posts\/879\/revisions"}],"predecessor-version":[{"id":881,"href":"https:\/\/periodicolarepublica.com\/index.php\/wp-json\/wp\/v2\/posts\/879\/revisions\/881"}],"wp:featuredmedia":[{"embeddable":true,"href":"https:\/\/periodicolarepublica.com\/index.php\/wp-json\/wp\/v2\/media\/880"}],"wp:attachment":[{"href":"https:\/\/periodicolarepublica.com\/index.php\/wp-json\/wp\/v2\/media?parent=879"}],"wp:term":[{"taxonomy":"category","embeddable":true,"href":"https:\/\/periodicolarepublica.com\/index.php\/wp-json\/wp\/v2\/categories?post=879"},{"taxonomy":"post_tag","embeddable":true,"href":"https:\/\/periodicolarepublica.com\/index.php\/wp-json\/wp\/v2\/tags?post=879"}],"curies":[{"name":"wp","href":"https:\/\/api.w.org\/{rel}","templated":true}]}}