{"id":882,"date":"2024-05-24T17:17:09","date_gmt":"2024-05-24T15:17:09","guid":{"rendered":"https:\/\/periodicolarepublica.com\/?p=882"},"modified":"2024-05-24T17:17:09","modified_gmt":"2024-05-24T15:17:09","slug":"alcaldia-de-santiago-e-intrant-sostienen-importante-reunion","status":"publish","type":"post","link":"https:\/\/periodicolarepublica.com\/index.php\/2024\/05\/24\/alcaldia-de-santiago-e-intrant-sostienen-importante-reunion\/","title":{"rendered":"Alcaldia de Santiago e INTRANT sostienen importante reuni\u00f3n"},"content":{"rendered":"<p>El alcalde de Santiago Ulises Rodr\u00edguez, se reuni\u00f3 con el Coronel Piloto Randolfo Rijo, quien es director ejecutivo del Intrant, donde se tocaron diferentes temas importantes, para los avances, la movilidad y la seguridad vial.<\/p>\n<figure id=\"attachment_883\" aria-describedby=\"caption-attachment-883\" style=\"width: 300px\" class=\"wp-caption alignnone\"><img loading=\"lazy\" decoding=\"async\" class=\"size-medium wp-image-883\" src=\"https:\/\/periodicolarepublica.com\/wp-content\/uploads\/2024\/05\/Picsart_24-05-24_11-12-34-441-300x220.jpg\" alt=\"\" width=\"300\" height=\"220\" srcset=\"https:\/\/periodicolarepublica.com\/wp-content\/uploads\/2024\/05\/Picsart_24-05-24_11-12-34-441-300x220.jpg?v=1716563789 300w, https:\/\/periodicolarepublica.com\/wp-content\/uploads\/2024\/05\/Picsart_24-05-24_11-12-34-441-1024x751.jpg?v=1716563789 1024w, https:\/\/periodicolarepublica.com\/wp-content\/uploads\/2024\/05\/Picsart_24-05-24_11-12-34-441-768x563.jpg?v=1716563789 768w, https:\/\/periodicolarepublica.com\/wp-content\/uploads\/2024\/05\/Picsart_24-05-24_11-12-34-441-1536x1126.jpg?v=1716563789 1536w, https:\/\/periodicolarepublica.com\/wp-content\/uploads\/2024\/05\/Picsart_24-05-24_11-12-34-441-2048x1502.jpg?v=1716563789 2048w, https:\/\/periodicolarepublica.com\/wp-content\/uploads\/2024\/05\/Picsart_24-05-24_11-12-34-441-150x110.jpg?v=1716563789 150w, https:\/\/periodicolarepublica.com\/wp-content\/uploads\/2024\/05\/Picsart_24-05-24_11-12-34-441-600x440.jpg?v=1716563789 600w, https:\/\/periodicolarepublica.com\/wp-content\/uploads\/2024\/05\/Picsart_24-05-24_11-12-34-441-696x510.jpg?v=1716563789 696w, https:\/\/periodicolarepublica.com\/wp-content\/uploads\/2024\/05\/Picsart_24-05-24_11-12-34-441-1392x1021.jpg?v=1716563789 1392w, https:\/\/periodicolarepublica.com\/wp-content\/uploads\/2024\/05\/Picsart_24-05-24_11-12-34-441-1068x783.jpg?v=1716563789 1068w, https:\/\/periodicolarepublica.com\/wp-content\/uploads\/2024\/05\/Picsart_24-05-24_11-12-34-441-1920x1408.jpg?v=1716563789 1920w\" sizes=\"auto, (max-width: 300px) 100vw, 300px\" \/><figcaption id=\"caption-attachment-883\" class=\"wp-caption-text\">Foto tomada Redes Alcald\u00eda de Santiago<\/figcaption><\/figure>\n<p>Dicha reuni\u00f3n va en el marco de la transformaci\u00f3n y mejoras para Santiago, en la nueva gesti\u00f3n del Alcalde Ulises.<\/p>\n","protected":false},"excerpt":{"rendered":"<p>El alcalde de Santiago Ulises Rodr\u00edguez, se reuni\u00f3 con el Coronel Piloto Randolfo Rijo, quien es director ejecutivo del Intrant, donde se tocaron diferentes temas importantes, para los avances, la movilidad y la seguridad vial. Dicha reuni\u00f3n va en el marco de la transformaci\u00f3n y mejoras para Santiago, en la nueva gesti\u00f3n del Alcalde Ulises.<\/p>\n","protected":false},"author":1,"featured_media":883,"comment_status":"open","ping_status":"open","sticky":false,"template":"","format":"standard","meta":{"om_disable_all_campaigns":false,"_monsterinsights_skip_tracking":false,"_monsterinsights_sitenote_active":false,"_monsterinsights_sitenote_note":"","_monsterinsights_sitenote_category":0,"footnotes":""},"categories":[206],"tags":[214,208],"class_list":{"0":"post-882","1":"post","2":"type-post","3":"status-publish","4":"format-standard","5":"has-post-thumbnail","7":"category-la-republica-del-cibao","8":"tag-intrant","9":"tag-santiago-de-los-caballeros"},"aioseo_notices":[],"_links":{"self":[{"href":"https:\/\/periodicolarepublica.com\/index.php\/wp-json\/wp\/v2\/posts\/882","targetHints":{"allow":["GET"]}}],"collection":[{"href":"https:\/\/periodicolarepublica.com\/index.php\/wp-json\/wp\/v2\/posts"}],"about":[{"href":"https:\/\/periodicolarepublica.com\/index.php\/wp-json\/wp\/v2\/types\/post"}],"author":[{"embeddable":true,"href":"https:\/\/periodicolarepublica.com\/index.php\/wp-json\/wp\/v2\/users\/1"}],"replies":[{"embeddable":true,"href":"https:\/\/periodicolarepublica.com\/index.php\/wp-json\/wp\/v2\/comments?post=882"}],"version-history":[{"count":1,"href":"https:\/\/periodicolarepublica.com\/index.php\/wp-json\/wp\/v2\/posts\/882\/revisions"}],"predecessor-version":[{"id":884,"href":"https:\/\/periodicolarepublica.com\/index.php\/wp-json\/wp\/v2\/posts\/882\/revisions\/884"}],"wp:featuredmedia":[{"embeddable":true,"href":"https:\/\/periodicolarepublica.com\/index.php\/wp-json\/wp\/v2\/media\/883"}],"wp:attachment":[{"href":"https:\/\/periodicolarepublica.com\/index.php\/wp-json\/wp\/v2\/media?parent=882"}],"wp:term":[{"taxonomy":"category","embeddable":true,"href":"https:\/\/periodicolarepublica.com\/index.php\/wp-json\/wp\/v2\/categories?post=882"},{"taxonomy":"post_tag","embeddable":true,"href":"https:\/\/periodicolarepublica.com\/index.php\/wp-json\/wp\/v2\/tags?post=882"}],"curies":[{"name":"wp","href":"https:\/\/api.w.org\/{rel}","templated":true}]}}