{"id":885,"date":"2024-05-25T00:01:44","date_gmt":"2024-05-24T22:01:44","guid":{"rendered":"https:\/\/periodicolarepublica.com\/?p=885"},"modified":"2024-05-25T00:01:44","modified_gmt":"2024-05-24T22:01:44","slug":"vicepresidenta-entrega-obras-de-educacion-y-deportivas-en-bani-y-sdo","status":"publish","type":"post","link":"https:\/\/periodicolarepublica.com\/index.php\/2024\/05\/25\/vicepresidenta-entrega-obras-de-educacion-y-deportivas-en-bani-y-sdo\/","title":{"rendered":"Vicepresidenta entrega obras de educaci\u00f3n y deportivas en Ban\u00ed y SDO"},"content":{"rendered":"<p>Los comunitarios de La Saona y El Man\u00ed, en Ban\u00ed, asi como de El Caf\u00e9 de Herrera y Bayona, en Santo Domingo Oeste, recibieron este viernes una nueva escuela de educaci\u00f3n b\u00e1sica, un club deportivo y una iglesia, de la mano de la vicepresidenta de la Rep\u00fablica, Raquel Pe\u00f1a.L<\/p>\n<p><img loading=\"lazy\" decoding=\"async\" class=\"alignnone size-medium wp-image-886\" src=\"https:\/\/periodicolarepublica.com\/wp-content\/uploads\/2024\/05\/IMG-20240524-WA0070-300x200.jpg\" alt=\"\" width=\"300\" height=\"200\" srcset=\"https:\/\/periodicolarepublica.com\/wp-content\/uploads\/2024\/05\/IMG-20240524-WA0070-300x200.jpg?v=1716588068 300w, https:\/\/periodicolarepublica.com\/wp-content\/uploads\/2024\/05\/IMG-20240524-WA0070-1024x683.jpg?v=1716588068 1024w, https:\/\/periodicolarepublica.com\/wp-content\/uploads\/2024\/05\/IMG-20240524-WA0070-768x512.jpg?v=1716588068 768w, https:\/\/periodicolarepublica.com\/wp-content\/uploads\/2024\/05\/IMG-20240524-WA0070-1536x1024.jpg?v=1716588068 1536w, https:\/\/periodicolarepublica.com\/wp-content\/uploads\/2024\/05\/IMG-20240524-WA0070-2048x1365.jpg?v=1716588068 2048w, https:\/\/periodicolarepublica.com\/wp-content\/uploads\/2024\/05\/IMG-20240524-WA0070-150x100.jpg?v=1716588068 150w, https:\/\/periodicolarepublica.com\/wp-content\/uploads\/2024\/05\/IMG-20240524-WA0070-600x400.jpg?v=1716588068 600w, https:\/\/periodicolarepublica.com\/wp-content\/uploads\/2024\/05\/IMG-20240524-WA0070-696x464.jpg?v=1716588068 696w, https:\/\/periodicolarepublica.com\/wp-content\/uploads\/2024\/05\/IMG-20240524-WA0070-1392x928.jpg?v=1716588068 1392w, https:\/\/periodicolarepublica.com\/wp-content\/uploads\/2024\/05\/IMG-20240524-WA0070-1068x712.jpg?v=1716588068 1068w, https:\/\/periodicolarepublica.com\/wp-content\/uploads\/2024\/05\/IMG-20240524-WA0070-1920x1280.jpg?v=1716588068 1920w\" sizes=\"auto, (max-width: 300px) 100vw, 300px\" \/><\/p>\n<p>Las infraestructuras de educaci\u00f3n y recreativa beneficiar\u00e1n a cerca de 15,784 ni\u00f1os, ni\u00f1as y adolescentes de los referidos municipios con el objetivo de \u00abcontinuar avanzando juntos, con m\u00e1s entusiasmo y esperanza, en la buena direcci\u00f3n que lleva la Rep\u00fablica Dominicana\u00bb.<\/p>\n<p>La vicemandataria expres\u00f3 que cada plantel que se inaugura, como el Centro Educativo Alcib\u00edades Mej\u00eda, \u00abpermite seguir construyendo un futuro de oportunidades para los hombres y las mujeres del ma\u00f1ana\u00bb.<\/p>\n<p>Pe\u00f1a puntualiz\u00f3 que el modelo de ense\u00f1anza que se impulsa bajo la visi\u00f3n del presidente Luis Abinader tiene entre sus metas fortalecer la experiencia educativa e incrementar el n\u00famero de aulas, como parte del compromiso de garantizar a la ni\u00f1ez una educaci\u00f3n de calidad.<\/p>\n<p>La vicemandataria aprovecho la ocasi\u00f3n para resaltar algunas iniciativas clave que tambi\u00e9n se desarrollan en materia de educai\u00f3n como el Proyecto del Libro Abierto y el sistema de Transporte Escolar (TRAE).<\/p>\n<p>El Centro Educativo Alcib\u00edades Mej\u00eda, ubicado en la localidad de El Man\u00ed, Ban\u00ed, provincia Peravia, cuenta con 20 aulas, tres de las cuales corresponden al grado inicial.<\/p>\n<p>De igual forma, el plantel, para el que se destin\u00f3 una inversi\u00f3n de RD$ 94,927,577.08, posee biblioteca, direcci\u00f3n, oficina administrativa, sala de profesores, oficina de orientaci\u00f3n, enfermer\u00eda, cocina, comedor, dep\u00f3sito general, ba\u00f1os, y \u00e1reas verdes y de recreaci\u00f3n, juegos infantiles, plaza c\u00edvica, sal\u00f3n multiusos y parqueos.<\/p>\n<p>Obras en SDO<\/p>\n<p>Posterior a la entrega de la escuela en Ban\u00ed, la vicepresidenta Raquel Pe\u00f1a se traslad\u00f3 a Santo Domingo Oeste (SDO) donde inaugur\u00f3 el Club Deportivo Villa Nazaret, en Bayona, y la iglesia Santisima Cruz, en en El Caf\u00e9 de Herrera.<\/p>\n<p>El espacio deportivo y recreativo tuvo una inversi\u00f3n de RD$ 17,634,554.06 y beneficiar\u00e1 a 15,084 j\u00f3venes, ni\u00f1os y adolescentes que residen en el sector Bayona, mientras que para el templo fue de RD$ 13,919,750.76.<\/p>\n","protected":false},"excerpt":{"rendered":"<p>Los comunitarios de La Saona y El Man\u00ed, en Ban\u00ed, asi como de El Caf\u00e9 de Herrera y Bayona, en Santo Domingo Oeste, recibieron este viernes una nueva escuela de educaci\u00f3n b\u00e1sica, un club deportivo y una iglesia, de la mano de la vicepresidenta de la Rep\u00fablica, Raquel Pe\u00f1a.L Las infraestructuras de educaci\u00f3n y recreativa [&hellip;]<\/p>\n","protected":false},"author":6,"featured_media":886,"comment_status":"open","ping_status":"open","sticky":false,"template":"","format":"standard","meta":{"om_disable_all_campaigns":false,"_monsterinsights_skip_tracking":false,"_monsterinsights_sitenote_active":false,"_monsterinsights_sitenote_note":"","_monsterinsights_sitenote_category":0,"footnotes":""},"categories":[1],"tags":[],"class_list":{"0":"post-885","1":"post","2":"type-post","3":"status-publish","4":"format-standard","5":"has-post-thumbnail","7":"category-nacionales"},"aioseo_notices":[],"_links":{"self":[{"href":"https:\/\/periodicolarepublica.com\/index.php\/wp-json\/wp\/v2\/posts\/885","targetHints":{"allow":["GET"]}}],"collection":[{"href":"https:\/\/periodicolarepublica.com\/index.php\/wp-json\/wp\/v2\/posts"}],"about":[{"href":"https:\/\/periodicolarepublica.com\/index.php\/wp-json\/wp\/v2\/types\/post"}],"author":[{"embeddable":true,"href":"https:\/\/periodicolarepublica.com\/index.php\/wp-json\/wp\/v2\/users\/6"}],"replies":[{"embeddable":true,"href":"https:\/\/periodicolarepublica.com\/index.php\/wp-json\/wp\/v2\/comments?post=885"}],"version-history":[{"count":1,"href":"https:\/\/periodicolarepublica.com\/index.php\/wp-json\/wp\/v2\/posts\/885\/revisions"}],"predecessor-version":[{"id":887,"href":"https:\/\/periodicolarepublica.com\/index.php\/wp-json\/wp\/v2\/posts\/885\/revisions\/887"}],"wp:featuredmedia":[{"embeddable":true,"href":"https:\/\/periodicolarepublica.com\/index.php\/wp-json\/wp\/v2\/media\/886"}],"wp:attachment":[{"href":"https:\/\/periodicolarepublica.com\/index.php\/wp-json\/wp\/v2\/media?parent=885"}],"wp:term":[{"taxonomy":"category","embeddable":true,"href":"https:\/\/periodicolarepublica.com\/index.php\/wp-json\/wp\/v2\/categories?post=885"},{"taxonomy":"post_tag","embeddable":true,"href":"https:\/\/periodicolarepublica.com\/index.php\/wp-json\/wp\/v2\/tags?post=885"}],"curies":[{"name":"wp","href":"https:\/\/api.w.org\/{rel}","templated":true}]}}